{"id":42554,"date":"2019-07-18T01:38:28","date_gmt":"2019-07-17T23:38:28","guid":{"rendered":"https:\/\/www.area-press.eu\/comunicatistampa\/?p=42554"},"modified":"2019-07-18T01:38:28","modified_gmt":"2019-07-17T23:38:28","slug":"geoplant-vivai-unannata-da-record-con-royal-helen","status":"publish","type":"post","link":"https:\/\/www.area-press.eu\/comunicatistampa\/2019\/07\/18\/geoplant-vivai-unannata-da-record-con-royal-helen\/","title":{"rendered":"Geoplant Vivai: un\u2019annata da record con Royal Helen"},"content":{"rendered":"<p><em>La Societ\u00e0 agricola di Savarna (RA) conferma l\u2019ottimo comportamento della cultivar di ciliegio lungo tutto lo Stivale, nonostante le forti perturbazioni di maggio e le differenti condizioni climatiche degli areali produttivi.<\/em><\/p>\n<p>Oltre le migliori aspettative: la variet\u00e0 <strong>Royal Helen<\/strong> continua il trend di crescita produttiva e dimostra di possedere molte delle caratteristiche organolettiche ricercate dal mercato ortofrutticolo.<\/p>\n<p>La cultivar \u2013 proveniente dalla californiana <strong>Zaiger\u2019s Genetics<\/strong> e sviluppata dall\u2019editore francese <strong>IPS<\/strong> (International Plant Selection) nei campi sperimentali di Mont\u00e9limar \u2013 nel 2019 ha registrato <strong>in Italia eccellenti risultati<\/strong> sia in termini quantitativi che qualitativi, rispondendo perfettamente <strong>dal nord al sud<\/strong> della Penisola e garantendo rese estremamente positive in termini quantitativi.<\/p>\n<p><strong>Geoplant Vivai<\/strong>, player di riferimento nel miglioramento genetico e nell\u2019innovazione varietale di piante da frutto e di fragola, ne ha riscontrato l\u2019elevata produttivit\u00e0 nei ceraseti dei propri clienti, in Romagna: <em>\u201cIl comportamento di Royal Helen \u2013 <\/em>spiega <strong>Gianluca Pasi, Responsabile commerciale e Responsabile del miglioramento genetico delle piante da frutto di Geoplant Vivai<\/strong> \u2013 <em>quest\u2019anno si \u00e8 rivelato di gran lunga pi\u00f9 forte delle avversit\u00e0 metereologiche che hanno colpito il nostro Paese, con precipitazioni e grandinate capaci di danneggiare considerevolmente molti areali produttivi. La cultivar ha superato brillantemente il periodo di instabilit\u00e0 e si \u00e8 presentata in ottima forma: il calibro \u00e8 elevato e si attesta intorno ai 30-32 millimetri, con peso medio superiore a 13-14 grammi, <strong>polpa croccante, elevata consistenza, bassa acidit\u00e0 e grado zuccherino superiore ai 20 \u00b0Brix<\/strong>&#8220;.<\/em><\/p>\n<p>In tutti gli areali coinvolti nella produzione del ciliegio, con indici di rendimento particolarmente significativi in <strong>Campania<\/strong> (zona di Caserta), in <strong>Emilia-Romagna<\/strong> e in <strong>Trentino<\/strong> <strong>Alto Adige<\/strong> (Val di Non su tutte), questa variet\u00e0 autofertile, croccante e consistente ha convinto tecnici e coltivatori, risultando molto interessante nell\u2019epoca di maturazione del ciliegio tardivo.<\/p>\n<p>\u201c<em>Quest\u2019anno, nonostante le intense piogge, non abbiamo riscontrato particolari problematiche legate al cracking sul frutto e il <strong>sapore dolce e aromatico<\/strong>, con basso grado di acidit\u00e0, ha soddisfatto pienamente le aspettative dei consumatori. La colorazione rosso scuro, la notevole consistenza e, in generale, le peculiarit\u00e0 pomologiche e agronomiche del frutto fanno presagire un\u2019ulteriore curva di sviluppo in futuro. \u2013 <\/em>precisa <strong>Pasi<\/strong>, che conclude \u2013 <em>Siamo convinti che l\u2019adattabilit\u00e0 e l\u2019alto standard qualitativo di questa variet\u00e0 possano continuare a convincere il mercato sul lungo periodo, conquistandone una significativa fetta in relazione al ciliegio a maturazione tardiva\u201d.<\/em><\/p>\n<p><a href=\"http:\/\/www.geoplantvivai.com\">www.geoplantvivai.com<\/a><\/p>\n","protected":false},"excerpt":{"rendered":"<p>La Societ\u00e0 agricola di Savarna (RA) conferma l\u2019ottimo comportamento della cultivar di ciliegio lungo tutto lo Stivale, nonostante le forti perturbazioni di maggio e le differenti condizioni climatiche degli areali produttivi. Oltre le migliori aspettative: la variet\u00e0 Royal Helen continua il trend di crescita produttiva e dimostra di possedere molte delle caratteristiche organolettiche ricercate dal [&hellip;]<\/p>\n","protected":false},"author":3854,"featured_media":0,"comment_status":"open","ping_status":"open","sticky":false,"template":"","format":"standard","meta":{"footnotes":""},"categories":[5,29],"tags":[3517,22791,21679,19437,19141,19435,24131,19140,23588],"class_list":["post-42554","post","type-post","status-publish","format-standard","hentry","category-aziendali","category-comunicati","tag-agricoltura","tag-breeding","tag-ciliegio","tag-geoplant-vivai","tag-innovazione-varietale","tag-miglioramento-genetico","tag-royal-helen","tag-varieta","tag-vivaismo"],"_links":{"self":[{"href":"https:\/\/www.area-press.eu\/comunicatistampa\/wp-json\/wp\/v2\/posts\/42554","targetHints":{"allow":["GET"]}}],"collection":[{"href":"https:\/\/www.area-press.eu\/comunicatistampa\/wp-json\/wp\/v2\/posts"}],"about":[{"href":"https:\/\/www.area-press.eu\/comunicatistampa\/wp-json\/wp\/v2\/types\/post"}],"author":[{"embeddable":true,"href":"https:\/\/www.area-press.eu\/comunicatistampa\/wp-json\/wp\/v2\/users\/3854"}],"replies":[{"embeddable":true,"href":"https:\/\/www.area-press.eu\/comunicatistampa\/wp-json\/wp\/v2\/comments?post=42554"}],"version-history":[{"count":1,"href":"https:\/\/www.area-press.eu\/comunicatistampa\/wp-json\/wp\/v2\/posts\/42554\/revisions"}],"predecessor-version":[{"id":42560,"href":"https:\/\/www.area-press.eu\/comunicatistampa\/wp-json\/wp\/v2\/posts\/42554\/revisions\/42560"}],"wp:attachment":[{"href":"https:\/\/www.area-press.eu\/comunicatistampa\/wp-json\/wp\/v2\/media?parent=42554"}],"wp:term":[{"taxonomy":"category","embeddable":true,"href":"https:\/\/www.area-press.eu\/comunicatistampa\/wp-json\/wp\/v2\/categories?post=42554"},{"taxonomy":"post_tag","embeddable":true,"href":"https:\/\/www.area-press.eu\/comunicatistampa\/wp-json\/wp\/v2\/tags?post=42554"}],"curies":[{"name":"wp","href":"https:\/\/api.w.org\/{rel}","templated":true}]}}