{"id":42531,"date":"2019-07-18T01:38:26","date_gmt":"2019-07-17T23:38:26","guid":{"rendered":"https:\/\/www.area-press.eu\/comunicatistampa\/?p=42531"},"modified":"2019-07-18T01:38:26","modified_gmt":"2019-07-17T23:38:26","slug":"a-thats-mobility-2019-i-dati-aggiornati-sulla-mobilita-elettrica-in-italia-e-tante-altre-novita","status":"publish","type":"post","link":"https:\/\/www.area-press.eu\/comunicatistampa\/2019\/07\/18\/a-thats-mobility-2019-i-dati-aggiornati-sulla-mobilita-elettrica-in-italia-e-tante-altre-novita\/","title":{"rendered":"A THAT\u2019S MOBILITY 2019 I DATI AGGIORNATI SULLA MOBILITA\u2019 ELETTRICA IN ITALIA E TANTE ALTRE NOVITA\u2019"},"content":{"rendered":"<p>Milano, 15 luglio 2019 &#8211; Fervono i preparativi della seconda edizione di THAT\u2019S MOBILITY, la Conference&amp;Exhibition dedicata alla mobilit\u00e0 elettrica organizzata da Reed Exhibitions Italia in partnership con l\u2019Energy&amp;Strategy Group del Politecnico di Milano, in calendario dal 25 al 26 settembre 2019 presso il MICO, Centro Congressi di Fiera Milano.<\/p>\n<p>Un nuovo layout espositivo di oltre 45 aziende ad oggi, che offriranno una panoramica su quanto di pi\u00f9 innovativo \u00e8 presente sul mercato, a partire da un\u2019ampia presenza di dispositivi e sistemi di ricarica, servizi di ricarica on demand, soluzioni di storage e di accumulo, multi-utility per finire con i servizi di sharing e relativi accessori. Naturalmente spazio anche ai mezzi di trasporto elettrici come auto, moto, scooter, biciclette a pedalata assistita, ai nuovi mezzi di micro mobilit\u00e0 come hoverboard, monopattini monowheel. Un\u2019area espositiva che andr\u00e0 ad integrarsi sinergicamente con il ricco programma di workshop che animer\u00e0 i due giorni di manifestazione.<\/p>\n<p><strong>Qual \u00e8 il futuro della Smart Mobility in Italia?<\/strong><\/p>\n<p>Evento clou di THAT\u2019S MOBILITY sar\u00e0, il 25 settembre, la presentazione dei dati dell\u2019Osservatorio sulla Mobilit\u00e0 Elettrica nel nostro paese realizzato dall\u2019Energy&amp;Strategy Group del Politecnico di Milano. Osservatorio che da quest\u2019anno ha modificato il nome da e-Mobility report in Smart Mobility Report per meglio identificarsi con una mobilit\u00e0 connessa, condivisa, con nuovi modelli di uso dell\u2019auto e di interazione con la rete fino al possibile paradigma futuro: auto a guida autonoma + car sharing + alimentazione elettrica. Lo <strong>Smart Mobility Report 2019<\/strong> andr\u00e0 ad approfondire tutti gli aspetti del mercato, grazie alla sua struttura in 6 sezioni: le prime due di inquadramento generale sui numeri e i trend a livello <strong>mondiale, europeo ed italiano<\/strong> relativamente ai veicoli ed all\u2019infrastruttura di ricarica; prosegue quindi con un\u2019analisi dell\u2019offerta attuale ed attesa dei principali car maker a livello europeo. La quarta sezione, invece, \u00e8 dedicata ai modelli di business implementati dai diversi operatori della filiera della mobilit\u00e0 elettrica, anche in questo caso sar\u00e0 presentato uno scenario sia allo stato attuale che prospettico. Vi sar\u00e0 quindi un capitolo dedicato all\u2019analisi degli impatti ambientali associato ai veicoli elettrici rispetto ad altre tipologie di \u201ctrazione\u201d (in ottica di Life Cycle Assessment). Infine, il Rapporto si chiude con una sezione dedicata agli scenari attesi di sviluppo in Italia, sia dal punto di vista dei veicoli che dell\u2019infrastruttura di ricarica. Dalle prime anticipazioni dell\u2019Rapporto emerge<strong> come da gennaio ad oggi le immatricolazioni complessive di auto sono state pari a circa <\/strong>913.000, in calo di oltre il 4% rispetto al 2018, in forte aumento invece quelle di veicoli elettrici, seppur con numeri assoluti ridotti, pari a 1.587 nel solo mese di maggio, di cui 1.167 veicoli elettrici \u201cpuri\u201d &#8211; BEV (rispetto alle 921 dell\u2019anno scorso, di cui 609 BEV). Pi\u00f9 in dettaglio, sempre da inizio anno, le immatricolazioni complessive di veicoli elettrici sono state pari a 5.481 unit\u00e0, di cui 3.518 BEV, registrando un +70% rispetto all\u2019anno scorso. I primi dati di scenario confermano come il settore dell\u2019elettrificazione della mobilit\u00e0, pur rimanendo una nicchia del mercato, sia in generale in grande fermento, andando a coinvolgere non solo le autovetture ma anche altre tipologie di veicoli e aspetti complementari quali l\u2019x-sharing ed il vehicle-grid-integration (VGI).\u00a0 Alla base di questa crescita c\u2019\u00e8 sicuramente il dispositivo dell\u2019ecobonus contenuto nella Legge di Bilancio 2019, che prevede contributi all\u2019acquisto di autovetture con emissioni di CO2 non superiori a 70 g\/Km, favorendo un incremento delle immatricolazioni di elettriche e ibride ricaricabili.<\/p>\n<p>Fra le novit\u00e0 di THAT\u2019S MOBILITY 2019 ci sar\u00e0 un focus speciale sul mondo delle flotte aziendali elettriche, grazie ad una ricerca tal titolo <strong>\u201c<\/strong><strong>Mobilit\u00e0 alla Spina\u201d<\/strong><strong>,<\/strong> rivol\u00adta al mondo business, realizzata da <em>Fleet Magazine<\/em>, rivista leader nel mondo del noleggio a lungo termine per le aziende, in col\u00adlaborazione con l\u2019Osservatorio Top Thousand che andr\u00e0 ad integrarsi con i risultati della seconda edizione del sondaggio rivolto a consumatore finale, \u00a0ideato e appositamente realizzato per THAT\u2019S MOBILITY da Nuova Energia, il bimestrale di Editrice Alkes che da anni si occupa delle problematiche energetiche che quest\u2019anno sar\u00e0<\/p>\n<p>dedicato a gli italiani<strong>, \u201cgli italiani l\u2019auto elettrica e il nuovo concetto di mobilit\u00e0 urbana\u201d<\/strong>, per scoprire come i cittadini stanno vivendo il cambio d paradigma della mobilit\u00e0. \u00a0Due sondaggi indirizzati a un pubblico differente, per offri\u00adre un quadro ancora pi\u00f9 esaustivo e completo sulla percezione della mobilit\u00e0 elettrica nel nostro Paese.<\/p>\n<p>Pi\u00f9 in particolare, la survey dal titolo \u201cMobilit\u00e0 alla Spina\u201d, coinvolger\u00e0 un campione di 60 aziende che operano nei settori pi\u00f9 disparati, dall\u2019energia alla grande distribuzione e food&amp;beverage, da banche e servizi finanziari a enti pubblici, dall\u2019industria al commercio, farmaceutica, trasporti, informatica, telefonia con una flotta complessiva di 50.000 veicoli, aziende con in media pi\u00f9 di 800 veicoli in flotta, di cui l\u201980% gestite con la formula di gestione del noleggio a lungo termine.<\/p>\n<p>\u201cLa seconda edizione di THAT\u2019S MOBILITY \u2013 dichiara <strong>Massimiliano Pierini, Managing Director di Reed Exhibitions Italia<\/strong>, \u00a0intende promuovere attraverso l\u2019area espositiva e workshop, nuove sinergie tra gli operatori e dimostrare concretamente come la mobilit\u00e0 elettrica non implica solo una riduzione delle emissioni di gas serra e delle polveri nocive, ma apre a nuove opportunit\u00e0 di sviluppo industriale e a nuovi modelli di business che \u00a0andranno ad alimentare la catena dei servizi connessi alla mobilit\u00e0 quali quelli di ricarica, gestione di flotte, assicurazioni, connessioni intelligenti che rappresentano tante potenzialit\u00e0 di sviluppo.\u201d<\/p>\n<p>THAT\u2019S MOBILITY 2019 sar\u00e0 ancora una volta, un palcoscenico privilegiato di incontro e dibattito fra investitori privati, multi-utility attive nella produzione, distribuzione e vendita di energia elettrica, player dell\u2019automotive e tutto il complesso comparto di piccole e grandi realt\u00e0 innovative che giocano un ruolo importante nella trasformazione del modo di concepire una nuova mobilit\u00e0 fondamentale per disegnare le citt\u00e0 del futuro.<\/p>\n<p>In pi\u00f9, THAT\u2019S MOBILITY grazie ad un accordo con HARDWARE FORUM, la fiera della ferramenta in programma, sempre dal 25 al 26 settembre 2019, al MICO, permetter\u00e0 l\u2019accesso libero ad entrambi gli eventi, con l\u2019obiettivo di coinvolgere i numerosi visitatori professionali sinergici, dal professionista del comparto elettrico e domotica, al progettista ed installatore elettrotecnico sviluppando cos\u00ec un appuntamento di attrazione ancora maggiore su quanto di pi\u00f9 innovativo e\u0300 disponibile sul mercato per la mobilita\u0300 elettrica, dalla produzione ai servizi.<\/p>\n<p>Per rimanere aggiornati su tutte le novit\u00e0 di THAT\u2019S MOBILITY 2019 \u00e8 possibile seguire i profili Facebook, LinkedIn, Instagram e <strong>THAT\u2019S MOBILITY RADIO<\/strong>, podcast che, puntata dopo puntata, approfondisce con interviste e speciali i temi caldi, le curiosit\u00e0 e le novit\u00e0 legate alla mobilit\u00e0 del futuro, e che, durante la manifestazione, trasmetter\u00e0 da una postazione mobile su una Model X personalizzata.<\/p>\n<p>&nbsp;<\/p>\n<p><strong>I FOCUS DI THAT\u2019S MOBILITY<\/strong><\/p>\n<p><strong>Gli italiani, l\u2019auto elettrica e il nuovo concetto di mobilit\u00e0 urbana<\/strong><strong> \u2013 Qual \u00e8 oggi il rapporto fra cittadino e mobilit\u00e0 elettrica?<\/strong><\/p>\n<p>Come \u00e8 cambiata la percezione della mobilit\u00e0 elettrica dei cittadini italiani ad un anno di distanza?\u00a0 Nel sondaggio di Nuova Energia del 2018 \u201c<strong>Presa in pieno\u2026gli italiani <\/strong><strong>alle prese con le colonnine di ricarica<\/strong><strong>\u201d, <\/strong>incentrato sul tema della percezione sulle postazioni di ricarica<strong>, <\/strong>da cui risultava che gli italiani subivano il fascino della mobilit\u00e0 elettrica, ma consideravano ancora le colonnine di ricarica con una certa diffidenza. Infatti, per il 61% la \u201cdifficolt\u00e0 di fare rifornimento\u201d era il principale limite dell\u2019auto elettrica, in particolare gli uomini (63%) erano pi\u00f9 preoccupati delle donne (57%) e i giovani (67%) pi\u00f9 degli over 55 (46%). In pi\u00f9, quasi sei italiani su dieci temevano di \u201crimanere senza un punto di ricarica\u201d, mentre il 26% avrebbe voluto \u201cl\u2019equivalente di un benzinaio o una alternativa al self service\u201d, l\u2019indagine, proposta da Nuova Energia per il 2019 sar\u00e0 dedicata al rapporto dei cittadini con l\u2019auto elettrica in un concetto pi\u00f9 ampio di mobilit\u00e0 urbana e un nuovo modo di vivere la citt\u00e0 del futuro.<\/p>\n<p><strong>\u00a0<\/strong><\/p>\n<p><strong>MOBILIT\u00c0 ALLA SPINA \u2013 I veicoli elettrici nelle flotte aziendali,<\/strong> <strong>cosa \u00e8 cambiato, o meglio, sta cambiando in questo 2019?<\/strong><\/p>\n<p>Dalla ricerca risulta che nel 2018 la quota di veicoli EV nelle flotte era in crescita anche se con numeri piccoli: dallo 0,5% del 2016 all\u20191,6% del 2018; cresceva invece in modo considerevole la quota di veicoli ibridi dallo 0,7% al 2,3% del 2018. Per quanto riguarda l\u2019utilizzo degli EV in flotta emerge che l\u201983% dei veicoli elettrici viene utilizzato \u201cin pool\u201d e il 68% solo in citt\u00e0. In merito, invece, ai vantaggi dei veicoli elettrici, le aziende hanno indicato: la riduzione delle emissioni (88%), le agevolazioni nella circolazione (82%), la responsabilit\u00e0 sociale d\u2019impresa (68%), il risparmio carburante (67%), il risparmio costi di manutenzione (47%), l\u2019esenzione dal bollo (45%). Cosa \u00e8 cambiato, o meglio, sta cambiando in questo 2019? Dai primi mesi dell\u2019anno risulta che le auto ibride stanno aumentando in maniera considerevole le proprie quote di mercato (a maggio 2019 sono state oltre 10mila le unit\u00e0 vendute), mentre le elettriche, seppur con numeri sempre piccoli, stanno di fatto quasi raddoppiando i risultati del 2018 (alla fine dell\u2019anno scorso ne erano state vendute oltre 5.000, delle quali il 54% immatricolate sul canale del noleggio). La sensazione, dunque, \u00e8 che il cammino verso l\u2019elettrificazione anche in questo comparto stia proseguendo gradualmente\u2026<\/p>\n<p>&nbsp;<\/p>\n<p>&nbsp;<\/p>\n<p><strong>THAT\u2019S MOBILITY<\/strong> &#8211; e\u0300 una Conference&amp;Exhibition di proprieta\u0300 di Reed Exhibitions, il leader mondiale nell&#8217;organizzazione di fiere e congressi che gestisce oltre 500 eventi in 30 Paesi che hanno registrato pi\u00f9\u0300 di 7 milioni di partecipanti nel 2018. Reed Exhibitions conta 38 sedi in tutto il mondo a disposizione di 43 settori industriali. Reed Exhibitions fa parte di RELX Group plc, leader mondiale nella fornitura di soluzioni e servizi per clienti professionali in numerosi comparti di business. Disponibile anche su Instagram, LinkedIn, Facebook e naturalmente sul sito dedicato: <a href=\"http:\/\/www.thatsmobility.it\">www.thatsmobility.it<\/a><\/p>\n<p>Ufficio Stampa: Flaminia Parrini, Reed Exhibitions Italia, tel. +39 02\/43517038, <a href=\"mailto:flaminia.parrini@reedexpo.it\">flaminia.parrini@reedexpo.it<\/a><\/p>\n","protected":false},"excerpt":{"rendered":"<p>Milano, 15 luglio 2019 &#8211; Fervono i preparativi della seconda edizione di THAT\u2019S MOBILITY, la Conference&amp;Exhibition dedicata alla mobilit\u00e0 elettrica organizzata da Reed Exhibitions Italia in partnership con l\u2019Energy&amp;Strategy Group del Politecnico di Milano, in calendario dal 25 al 26 settembre 2019 presso il MICO, Centro Congressi di Fiera Milano. Un nuovo layout espositivo di [&hellip;]<\/p>\n","protected":false},"author":89,"featured_media":0,"comment_status":"open","ping_status":"open","sticky":false,"template":"","format":"standard","meta":{"footnotes":""},"categories":[4,7,8],"tags":[23966,12384,24113,4057,3523,14531,24114,8650,12385],"class_list":["post-42531","post","type-post","status-publish","format-standard","hentry","category-attualita-e-societa","category-economia-e-finanza","category-eventi","tag-immatricolazioni","tag-automobili","tag-bev","tag-ecobonus","tag-evento","tag-mobilita-elettrica","tag-servizi-di-ricarica","tag-sistemi-di-accumulo","tag-veicoli"],"_links":{"self":[{"href":"https:\/\/www.area-press.eu\/comunicatistampa\/wp-json\/wp\/v2\/posts\/42531","targetHints":{"allow":["GET"]}}],"collection":[{"href":"https:\/\/www.area-press.eu\/comunicatistampa\/wp-json\/wp\/v2\/posts"}],"about":[{"href":"https:\/\/www.area-press.eu\/comunicatistampa\/wp-json\/wp\/v2\/types\/post"}],"author":[{"embeddable":true,"href":"https:\/\/www.area-press.eu\/comunicatistampa\/wp-json\/wp\/v2\/users\/89"}],"replies":[{"embeddable":true,"href":"https:\/\/www.area-press.eu\/comunicatistampa\/wp-json\/wp\/v2\/comments?post=42531"}],"version-history":[{"count":1,"href":"https:\/\/www.area-press.eu\/comunicatistampa\/wp-json\/wp\/v2\/posts\/42531\/revisions"}],"predecessor-version":[{"id":42532,"href":"https:\/\/www.area-press.eu\/comunicatistampa\/wp-json\/wp\/v2\/posts\/42531\/revisions\/42532"}],"wp:attachment":[{"href":"https:\/\/www.area-press.eu\/comunicatistampa\/wp-json\/wp\/v2\/media?parent=42531"}],"wp:term":[{"taxonomy":"category","embeddable":true,"href":"https:\/\/www.area-press.eu\/comunicatistampa\/wp-json\/wp\/v2\/categories?post=42531"},{"taxonomy":"post_tag","embeddable":true,"href":"https:\/\/www.area-press.eu\/comunicatistampa\/wp-json\/wp\/v2\/tags?post=42531"}],"curies":[{"name":"wp","href":"https:\/\/api.w.org\/{rel}","templated":true}]}}