{"id":42428,"date":"2019-07-18T01:34:08","date_gmt":"2019-07-17T23:34:08","guid":{"rendered":"https:\/\/www.area-press.eu\/comunicatistampa\/?p=42428"},"modified":"2019-07-18T01:34:08","modified_gmt":"2019-07-17T23:34:08","slug":"andrea-mascetti-lo-studio-legale-si-occupa-di-sicurezza-sul-lavoro","status":"publish","type":"post","link":"https:\/\/www.area-press.eu\/comunicatistampa\/2019\/07\/18\/andrea-mascetti-lo-studio-legale-si-occupa-di-sicurezza-sul-lavoro\/","title":{"rendered":"Andrea Mascetti: lo Studio Legale si occupa di sicurezza sul lavoro"},"content":{"rendered":"<p><em><strong>In caso di infortunio, la condotta irresponsabile del lavoratore pu\u00f2 comportare l&#8217;esonero totale di responsabilit\u00e0 dell&#8217;imprenditore: lo ha deciso la Cassazione. Stefania Massarenti, dello Studio Legale di <a href=\"https:\/\/unimi.academia.edu\/AndreaMascetti\" title=\"Andrea Mascetti, academia edu\">Andrea Mascetti<\/a>, ha trattato l&#8217;argomento in un recente articolo. <\/strong><\/em><\/p>\n<p><a href=\"https:\/\/unimi.academia.edu\/AndreaMascetti\" title=\"Andrea Bascetti, biografia academia edu\"><img loading=\"lazy\" decoding=\"async\" alt=\"Andrea Mascetti\" height=\"130\" src=\"https:\/\/0.academia-photos.com\/94975705\/20783375\/20338880\/s200_andrea.mascetti.png\" width=\"130\" \/><\/a><\/p>\n<h2>Studio Legale di Andrea Mascetti: la questione sicurezza sul lavoro<\/h2>\n<p>L&#8217;avvocato Stefania Massarenti, dello Studio Legale fondato e guidato da <strong>Andrea Mascetti<\/strong>, si \u00e8 di recente occupata di spiegare come la condotta del lavoratore possa influenzare le decisioni giudiziarie in merito alla sicurezza sul posto di lavoro. La Sezione Lavoro della Corte di Cassazione si \u00e8 pronunciata con la sentenza n. 4225\/2019: il datore di lavoro pu\u00f2 essere totalmente esonerato da ogni responsabilit\u00e0 per gli infortuni avvenuti durante il servizio qualora la condotta del lavoratore infortunato presenti le caratteristiche dell&#8217;abnormit\u00e0, inopinabilit\u00e0 ed esorbitanza. L&#8217;articolo scritto dall&#8217;avvocato dello Studio Legale di <strong>Andrea Mascetti<\/strong> esamina nella fattispecie un caso della Corte d&#8217;Appello di Bologna: il lavoratore si \u00e8 calato in una buca adibita alla raccolta dei materiali di risulta per recuperare una penna ed \u00e8 stato colpito da un masso. Prendendo in esame la condotta imprudente del lavoratore, che non si era premunito di avvertire il gruista, si \u00e8 definita l&#8217;abnormit\u00e0 del suo comportamento. In linea con la giurisprudenza di merito e di legittimit\u00e0, la Cassazione ha confermato che la condotta pu\u00f2 effettivamente comportare l&#8217;esonero totale di responsabilit\u00e0 dell&#8217;imprenditore. <\/p>\n<h2>Andrea Mascetti: la carriera dell&#8217;avvocato <\/h2>\n<p>Laureato in Giurisprudenza presso l&#8217;Universit\u00e0 degli Studi di Milano, <strong><a href=\"https:\/\/unimi.academia.edu\/AndreaMascetti\" title=\"Andrea Mascetti, academia\">Andrea Mascetti<\/a><\/strong> \u00e8 iscritto all&#8217;Ordine degli Avvocati di Varese. Inizia la sua carriera nel settore giuridico presso lo Studio Legale Tributario associato a Ernst &amp; Young di Milano. Tale esperienza gli permette di avviare due anni pi\u00f9 tardi, nel 2004, lo Studio Legale Mascetti, di cui \u00e8 tuttora titolare. Lo Studio si fonda sulla competenza e sulla professionalit\u00e0 di un team di avvocati esperti nell&#8217;affrontare le questioni giuridiche di aziende ed enti pubblici e privati. L&#8217;attivit\u00e0 opera principalmente nel ramo del diritto commerciale, amministrativo e penale. <strong>Andrea Mascetti<\/strong> lavora come consulente presso societ\u00e0 ed enti locali, oltre a presenziare in qualit\u00e0 di arbitro presso i collegi arbitrali. In seguito all&#8217;implementazione dell&#8217;area di diritto penale presso lo Studio, l&#8217;avvocato ha iniziato a presiedere diversi Organismi di vigilanza. Nel tempo libero \u00e8 cultore di libri e autori del &#8216;900, nonch\u00e9 appassionato di Geopolitica. <\/p>\n","protected":false},"excerpt":{"rendered":"<p>In caso di infortunio, la condotta irresponsabile del lavoratore pu\u00f2 comportare l&#8217;esonero totale di responsabilit\u00e0 dell&#8217;imprenditore: lo ha deciso la Cassazione. Stefania Massarenti, dello Studio Legale di Andrea Mascetti, ha trattato l&#8217;argomento in un recente articolo. Studio Legale di Andrea Mascetti: la questione sicurezza sul lavoro L&#8217;avvocato Stefania Massarenti, dello Studio Legale fondato e guidato [&hellip;]<\/p>\n","protected":false},"author":40,"featured_media":0,"comment_status":"open","ping_status":"open","sticky":false,"template":"","format":"standard","meta":{"footnotes":""},"categories":[5],"tags":[22151],"class_list":["post-42428","post","type-post","status-publish","format-standard","hentry","category-aziendali","tag-andrea-mascetti"],"_links":{"self":[{"href":"https:\/\/www.area-press.eu\/comunicatistampa\/wp-json\/wp\/v2\/posts\/42428","targetHints":{"allow":["GET"]}}],"collection":[{"href":"https:\/\/www.area-press.eu\/comunicatistampa\/wp-json\/wp\/v2\/posts"}],"about":[{"href":"https:\/\/www.area-press.eu\/comunicatistampa\/wp-json\/wp\/v2\/types\/post"}],"author":[{"embeddable":true,"href":"https:\/\/www.area-press.eu\/comunicatistampa\/wp-json\/wp\/v2\/users\/40"}],"replies":[{"embeddable":true,"href":"https:\/\/www.area-press.eu\/comunicatistampa\/wp-json\/wp\/v2\/comments?post=42428"}],"version-history":[{"count":1,"href":"https:\/\/www.area-press.eu\/comunicatistampa\/wp-json\/wp\/v2\/posts\/42428\/revisions"}],"predecessor-version":[{"id":42433,"href":"https:\/\/www.area-press.eu\/comunicatistampa\/wp-json\/wp\/v2\/posts\/42428\/revisions\/42433"}],"wp:attachment":[{"href":"https:\/\/www.area-press.eu\/comunicatistampa\/wp-json\/wp\/v2\/media?parent=42428"}],"wp:term":[{"taxonomy":"category","embeddable":true,"href":"https:\/\/www.area-press.eu\/comunicatistampa\/wp-json\/wp\/v2\/categories?post=42428"},{"taxonomy":"post_tag","embeddable":true,"href":"https:\/\/www.area-press.eu\/comunicatistampa\/wp-json\/wp\/v2\/tags?post=42428"}],"curies":[{"name":"wp","href":"https:\/\/api.w.org\/{rel}","templated":true}]}}