{"id":42364,"date":"2019-07-11T19:37:28","date_gmt":"2019-07-11T17:37:28","guid":{"rendered":"https:\/\/www.area-press.eu\/comunicatistampa\/?p=42364"},"modified":"2019-07-11T19:37:28","modified_gmt":"2019-07-11T17:37:28","slug":"andrea-mascetti-alla-presentazione-del-progetto-sangregorio-catalogo-ragionato-della-scultura","status":"publish","type":"post","link":"https:\/\/www.area-press.eu\/comunicatistampa\/2019\/07\/11\/andrea-mascetti-alla-presentazione-del-progetto-sangregorio-catalogo-ragionato-della-scultura\/","title":{"rendered":"Andrea Mascetti alla presentazione del progetto \u201cSangregorio Catalogo ragionato della scultura\u201d"},"content":{"rendered":"<p><em><strong>L&#8217;avvocato <a href=\"https:\/\/www.avvocati-italia.com\/detail\/4513\/avv-andrea-mascetti.html\" title=\"Andrea Mascetti - avvocati italia\">Andrea Mascetti<\/a> ha partecipato alla presentazione del progetto &quot;Sangregorio Catalogo ragionato della scultura&quot;, voluto da Fondazione Sangregorio Giancarlo e curato da Elena Pontiggia. SI tratta del compendio pi\u00f9 completo sulle opere dello scultore.<\/strong><\/em><\/p>\n<p><a href=\"https:\/\/www.avvocati-italia.com\/detail\/4513\/avv-andrea-mascetti.html\" title=\"Andrea Mascetti, profilo professionale\"><img loading=\"lazy\" decoding=\"async\" alt=\"Andrea Mascetti\" height=\"81\" src=\"https:\/\/www.studiomascetti.net\/wp-content\/uploads\/mascetti-1040x647.jpg\" width=\"130\" \/><\/a><\/p>\n<h2>Andrea Mascetti alla presentazione di &quot;Sangregorio Catalogo ragionato della scultura&quot;<\/h2>\n<p>Non solo avvocato, <strong>Andrea Mascetti<\/strong> \u00e8 un appassionato di arte e cultura e recentemente \u00e8 stato chiamato a guidare la Commissione Arte e Cultura della Fondazione Cariplo. Gioved\u00ec 26 giugno presso le Gallerie d&#8217;Italia, la sede museale di Intesa Sanpaolo a Milano, \u00e8 stato presentato il progetto del Catalogo Ragionato delle sculture di Giancarlo Sangregorio voluto dalla Fondazione Sangregorio, edito da Skira e curato da Elena Pontiggia. SI tratta del compendio pi\u00f9 completo sulle opere dello scultore, tanto che la Fondazione garantisce la corretta informazione, la migliore conservazione e persino l&#8217;attenzione storica e critica pi\u00f9 accurate ai lavori di Giancarlo Sangregorio. Una raccolta di oltre 1.000 immagini di opere realizzate dagli anni &#8217;40 fino al 2013 ed \u00e8 introdotta da un lungo saggio firmato da Elena Pontiggia. <strong>Andrea Mascetti<\/strong>, insieme alla curatrice del progetto e ad altre figure di spicco quali il Presidente di Fondazione Sangregorio Francesca Marcellini, ha partecipato all&#8217;evento di presentazione del Catalogo. <\/p>\n<h2>Andrea Mascetti: avvocato e titolare dello Studio Legale Mascetti<\/h2>\n<p>Originario di Varese e nato nel 1971, <strong><a href=\"https:\/\/www.avvocati-italia.com\/detail\/4513\/avv-andrea-mascetti.html\" title=\"Andrea Mascetti: biografia avvocati italia\">Andrea Mascetti<\/a><\/strong> \u00e8 un avvocato. In seguito alla maturit\u00e0 classica, consegue la laurea in Giurisprudenza nel 1996 presso l&#8217;Universit\u00e0 degli Studi di Milano. Iscritto all&#8217;ordine degli avvocati di Varese, inizia la propria carriera in ambito giuridico presso uno Studio Legale Tributario di Milano associato ad Ernst &amp; Young. Nel 2004 fonda lo Studio Legale Mascetti, operativo nel diritto commerciale, amministrativo e penale. <strong>Andrea Mascetti<\/strong>, nel tempo libero, \u00e8 un cultore di libri e autori del Novecento. Profondamente appassionato di Geopolitica, ha viaggiato spesso in Oriente, concentrandosi prevalentemente nelle zone euroasiatiche tra Russia e Mongolia.<\/p>\n","protected":false},"excerpt":{"rendered":"<p>L&#8217;avvocato Andrea Mascetti ha partecipato alla presentazione del progetto &quot;Sangregorio Catalogo ragionato della scultura&quot;, voluto da Fondazione Sangregorio Giancarlo e curato da Elena Pontiggia. SI tratta del compendio pi\u00f9 completo sulle opere dello scultore. Andrea Mascetti alla presentazione di &quot;Sangregorio Catalogo ragionato della scultura&quot; Non solo avvocato, Andrea Mascetti \u00e8 un appassionato di arte e [&hellip;]<\/p>\n","protected":false},"author":40,"featured_media":0,"comment_status":"open","ping_status":"open","sticky":false,"template":"","format":"standard","meta":{"footnotes":""},"categories":[18],"tags":[22151],"class_list":["post-42364","post","type-post","status-publish","format-standard","hentry","category-altri-vari","tag-andrea-mascetti"],"_links":{"self":[{"href":"https:\/\/www.area-press.eu\/comunicatistampa\/wp-json\/wp\/v2\/posts\/42364","targetHints":{"allow":["GET"]}}],"collection":[{"href":"https:\/\/www.area-press.eu\/comunicatistampa\/wp-json\/wp\/v2\/posts"}],"about":[{"href":"https:\/\/www.area-press.eu\/comunicatistampa\/wp-json\/wp\/v2\/types\/post"}],"author":[{"embeddable":true,"href":"https:\/\/www.area-press.eu\/comunicatistampa\/wp-json\/wp\/v2\/users\/40"}],"replies":[{"embeddable":true,"href":"https:\/\/www.area-press.eu\/comunicatistampa\/wp-json\/wp\/v2\/comments?post=42364"}],"version-history":[{"count":1,"href":"https:\/\/www.area-press.eu\/comunicatistampa\/wp-json\/wp\/v2\/posts\/42364\/revisions"}],"predecessor-version":[{"id":42365,"href":"https:\/\/www.area-press.eu\/comunicatistampa\/wp-json\/wp\/v2\/posts\/42364\/revisions\/42365"}],"wp:attachment":[{"href":"https:\/\/www.area-press.eu\/comunicatistampa\/wp-json\/wp\/v2\/media?parent=42364"}],"wp:term":[{"taxonomy":"category","embeddable":true,"href":"https:\/\/www.area-press.eu\/comunicatistampa\/wp-json\/wp\/v2\/categories?post=42364"},{"taxonomy":"post_tag","embeddable":true,"href":"https:\/\/www.area-press.eu\/comunicatistampa\/wp-json\/wp\/v2\/tags?post=42364"}],"curies":[{"name":"wp","href":"https:\/\/api.w.org\/{rel}","templated":true}]}}