{"id":42219,"date":"2019-07-05T20:53:07","date_gmt":"2019-07-05T18:53:07","guid":{"rendered":"https:\/\/www.area-press.eu\/comunicatistampa\/?p=42219"},"modified":"2019-07-05T20:53:07","modified_gmt":"2019-07-05T18:53:07","slug":"arredamento-2019-ecco-cosa-non-puo-mancare-in-casa-secondo-gli-esperti-di-lisolastore","status":"publish","type":"post","link":"https:\/\/www.area-press.eu\/comunicatistampa\/2019\/07\/05\/arredamento-2019-ecco-cosa-non-puo-mancare-in-casa-secondo-gli-esperti-di-lisolastore\/","title":{"rendered":"Arredamento 2019: ecco cosa non pu\u00f2 mancare in casa secondo gli esperti di LisolaStore"},"content":{"rendered":"<p><em>Dagli arredi componibili agli accessori di design, ecco i must have di quest\u2019anno per la decorazione degli interni, <strong><a href=\"https:\/\/www.lisolastore.it\/\">individuati da LisolaStore<\/a>.<\/strong><\/em><\/p>\n<p>Milano, luglio 2019 \u2013 Estetica e funzionalit\u00e0: un matrimonio sempre riuscito, anche quando si tratta di arredare casa. <strong>Per il 2019, l\u2019abbinamento tra bellezza e praticit\u00e0 si evidenzia in una serie di scelte che mirano a rendere la casa ancora pi\u00f9 accogliente, confortevole e <em>smart<\/em>.<\/strong> Tra le principali novit\u00e0 di quest\u2019anno, colori vivaci alle pareti, mobili componibili e accessori di design capaci di imprimere uno stile unico e originale a ogni abitazione.<\/p>\n<p>I <strong>divani componibili<\/strong>, in particolare, sono uno dei <em>must have<\/em> del 2019, perch\u00e9 permettono di organizzare lo spazio come si desidera, giocando con gli arredi per trasformare di volta in volta la zona living a seconda delle esigenze.<\/p>\n<p>Tra i complementi d\u2019arredo pi\u00f9 di tendenza spiccano anche i <strong>letti dotati di vano contenitore<\/strong>, una soluzione sempre pi\u00f9 diffusa che consente di riporre diversi oggetti e tessili in modo pratico e comodo senza occupare spazio negli armadi o nelle scaffalature.<\/p>\n<p>Sempre con l\u2019intento di arredare casa in modo intelligente, nel 2019 si \u00e8 registrata un\u2019impennata di vendite di <strong>strutture allungabili<\/strong>, quali tavoli da pranzo o consolle, che occupano poco spazio ma che, all\u2019occorrenza, possono ospitare numerosi coperti. I <strong>complementi d\u2019arredo modulabili<\/strong> rappresentano dunque uno dei principali trend del 2019, anche perch\u00e9 presentano due indubbi vantaggi, permettendo da un lato di <strong>organizzare gli ambienti in modo funzionale <\/strong>e, dall\u2019altro, di <strong>sbizzarrirsi con la creativit\u00e0<\/strong>, trasformando le diverse stanze della casa in base al proprio estro. \u201cVersatilit\u00e0\u201d \u00e8 quindi la parola d\u2019ordine per l\u2019arredamento del 2019, che si rispecchia anche nella moda dei <strong>tavolini da caff\u00e8 di design<\/strong>, accessori in grado di offrire quel tocco di eleganza in pi\u00f9 nel salotto ma che, se necessario, possono essere facilmente spostati in altre stanze della casa.<\/p>\n<p><strong>Creativit\u00e0 e brio si ritrovano anche nei colori<\/strong>, soprattutto per quanto riguarda le pareti. Proprio quest\u2019anno, Pantone ha lanciato una nuova nuance, chiamata <strong>Living Coral<\/strong>, che rappresenta l\u2019emblema della vivacit\u00e0 che caratterizza le tonalit\u00e0 per la casa nel 2019. Un colore sgargiante ma anche rilassante, che richiama la barriera corallina e che \u00e8 in grado di donare a ogni ambiente vivacit\u00e0 e allegria.<\/p>\n<p>&nbsp;<\/p>\n<p>&nbsp;<\/p>\n","protected":false},"excerpt":{"rendered":"<p>Dagli arredi componibili agli accessori di design, ecco i must have di quest\u2019anno per la decorazione degli interni, individuati da LisolaStore. Milano, luglio 2019 \u2013 Estetica e funzionalit\u00e0: un matrimonio sempre riuscito, anche quando si tratta di arredare casa. Per il 2019, l\u2019abbinamento tra bellezza e praticit\u00e0 si evidenzia in una serie di scelte che [&hellip;]<\/p>\n","protected":false},"author":4517,"featured_media":0,"comment_status":"open","ping_status":"open","sticky":false,"template":"","format":"standard","meta":{"footnotes":""},"categories":[29],"tags":[],"class_list":["post-42219","post","type-post","status-publish","format-standard","hentry","category-comunicati"],"_links":{"self":[{"href":"https:\/\/www.area-press.eu\/comunicatistampa\/wp-json\/wp\/v2\/posts\/42219","targetHints":{"allow":["GET"]}}],"collection":[{"href":"https:\/\/www.area-press.eu\/comunicatistampa\/wp-json\/wp\/v2\/posts"}],"about":[{"href":"https:\/\/www.area-press.eu\/comunicatistampa\/wp-json\/wp\/v2\/types\/post"}],"author":[{"embeddable":true,"href":"https:\/\/www.area-press.eu\/comunicatistampa\/wp-json\/wp\/v2\/users\/4517"}],"replies":[{"embeddable":true,"href":"https:\/\/www.area-press.eu\/comunicatistampa\/wp-json\/wp\/v2\/comments?post=42219"}],"version-history":[{"count":1,"href":"https:\/\/www.area-press.eu\/comunicatistampa\/wp-json\/wp\/v2\/posts\/42219\/revisions"}],"predecessor-version":[{"id":42220,"href":"https:\/\/www.area-press.eu\/comunicatistampa\/wp-json\/wp\/v2\/posts\/42219\/revisions\/42220"}],"wp:attachment":[{"href":"https:\/\/www.area-press.eu\/comunicatistampa\/wp-json\/wp\/v2\/media?parent=42219"}],"wp:term":[{"taxonomy":"category","embeddable":true,"href":"https:\/\/www.area-press.eu\/comunicatistampa\/wp-json\/wp\/v2\/categories?post=42219"},{"taxonomy":"post_tag","embeddable":true,"href":"https:\/\/www.area-press.eu\/comunicatistampa\/wp-json\/wp\/v2\/tags?post=42219"}],"curies":[{"name":"wp","href":"https:\/\/api.w.org\/{rel}","templated":true}]}}