{"id":42181,"date":"2019-07-05T20:52:15","date_gmt":"2019-07-05T18:52:15","guid":{"rendered":"https:\/\/www.area-press.eu\/comunicatistampa\/?p=42181"},"modified":"2020-08-09T23:48:56","modified_gmt":"2020-08-09T21:48:56","slug":"paper-walls-stringimi%e2%80%a8","status":"publish","type":"post","link":"https:\/\/www.area-press.eu\/comunicatistampa\/2019\/07\/05\/paper-walls-stringimi%e2%80%a8\/","title":{"rendered":"Paper Walls \u201cStringimi\u201d\u2028"},"content":{"rendered":"<p style=\"text-align: center\"><strong><i>la giovane band torna in radio con un nuovo singolo\u00a0<\/i><\/strong><\/p>\n<p><iframe loading=\"lazy\" title=\"Paper Walls - Stringimi\" width=\"500\" height=\"281\" src=\"https:\/\/www.youtube.com\/embed\/9Tp-X1ARU6k?feature=oembed\" frameborder=\"0\" allow=\"accelerometer; autoplay; clipboard-write; encrypted-media; gyroscope; picture-in-picture; web-share\" referrerpolicy=\"strict-origin-when-cross-origin\" allowfullscreen><\/iframe><\/p>\n<p>Ritrovarsi nell\u2019abbraccio di qualcuno anche quando ci si sente fragili, confusi e indifesi pu\u00f2 fortificare. \u201c<b>Stringimi<\/b>\u201d racconta il bene e la sua capacit\u00e0 rigeneratrice. In un momento come questo\u00a0 in cui si parla troppo spesso di amori malati, c\u2019\u00e8 la necessit\u00e0 di rievocare la bellezza di un sentimento, che mai dovrebbe essere causa di sofferenza e dolore. Ma che al contrario, nella sua forma pi\u00f9 pura, \u00e8 il rifugio per tutti i mali di questo mondo.<\/p>\n<p>Provenienti dalla soleggiata Puglia, quattro ragazzi sbadati ma pungenti, intraprendenti osservatori, simpaticamente critici, completamente differenti tra loro, accomunati dalla stessa passione, quella per le &#8220;note musicali&#8221;.<\/p>\n<p>I Paper Walls nati nel 2010 da un\u2019idea del chitarrista Nicola Renigaldo,\u00a0 muniti di fantasiose melodie, accompagnate da testi realistici e irriverenti, raccontano le stranezze della societ\u00e0 attuale lasciando trapelare nelle loro canzoni sempre risvolti profondi ed emotivi. Nonostante la loro giovane et\u00e0 riescono a dipingere un quadro chiaro e nitido della realt\u00e0&#8217; adoperando per\u00f2 sottili e divertenti sfumature. Hanno all\u2019attivo pi\u00f9 di duecento concerti. La loro uscita discografica datata Luglio 2018 con il brano \u201cSenza uscita\u201d ha raccolto numerosi consensi restando in rotazione radiofonica per sei mesi.<\/p>\n<p><b>I Paper Walls:<\/b><\/p>\n<p>Sonia Belvedere: Voce<br \/>\nNicola Renigaldo: Chitarra<br \/>\nAntonio Di Lauro: Basso<br \/>\nFabio Conoscitore: Batteria<\/p>\n<p>Facebook: <a href=\"https:\/\/www.facebook.com\/paperwallsrock\/\">https:\/\/www.facebook.com\/paperwallsrock\/<\/a><br \/>\nYouTube: <a href=\"https:\/\/www.youtube.com\/user\/PaperWallsMusic\">https:\/\/www.youtube.com\/user\/PaperWallsMusic<\/a><br \/>\nInstagram: <a href=\"https:\/\/www.instagram.com\/paperwallsrock\/\">https:\/\/www.instagram.com\/paperwallsrock\/<\/a><\/p>\n<p><b><i>Press, radio, Tv Agency<br \/>\nDCOD Communication By GB Play<br \/>\n<\/i><\/b>promoradio@dcodcommunication.it<br \/>\npromostampa@dcodcommunication.it<\/p>\n","protected":false},"excerpt":{"rendered":"<p>la giovane band torna in radio con un nuovo singolo\u00a0 Ritrovarsi nell\u2019abbraccio di qualcuno anche quando ci si sente fragili, confusi e indifesi pu\u00f2 fortificare. \u201cStringimi\u201d racconta il bene e la sua capacit\u00e0 rigeneratrice. In un momento come questo\u00a0 in cui si parla troppo spesso di amori malati, c\u2019\u00e8 la necessit\u00e0 di rievocare la bellezza [&hellip;]<\/p>\n","protected":false},"author":331,"featured_media":0,"comment_status":"open","ping_status":"open","sticky":false,"template":"","format":"standard","meta":{"footnotes":""},"categories":[3],"tags":[23961,12553],"class_list":["post-42181","post","type-post","status-publish","format-standard","hentry","category-arte-e-cultura","tag-news-paper-walls","tag-promo"],"_links":{"self":[{"href":"https:\/\/www.area-press.eu\/comunicatistampa\/wp-json\/wp\/v2\/posts\/42181","targetHints":{"allow":["GET"]}}],"collection":[{"href":"https:\/\/www.area-press.eu\/comunicatistampa\/wp-json\/wp\/v2\/posts"}],"about":[{"href":"https:\/\/www.area-press.eu\/comunicatistampa\/wp-json\/wp\/v2\/types\/post"}],"author":[{"embeddable":true,"href":"https:\/\/www.area-press.eu\/comunicatistampa\/wp-json\/wp\/v2\/users\/331"}],"replies":[{"embeddable":true,"href":"https:\/\/www.area-press.eu\/comunicatistampa\/wp-json\/wp\/v2\/comments?post=42181"}],"version-history":[{"count":1,"href":"https:\/\/www.area-press.eu\/comunicatistampa\/wp-json\/wp\/v2\/posts\/42181\/revisions"}],"predecessor-version":[{"id":42183,"href":"https:\/\/www.area-press.eu\/comunicatistampa\/wp-json\/wp\/v2\/posts\/42181\/revisions\/42183"}],"wp:attachment":[{"href":"https:\/\/www.area-press.eu\/comunicatistampa\/wp-json\/wp\/v2\/media?parent=42181"}],"wp:term":[{"taxonomy":"category","embeddable":true,"href":"https:\/\/www.area-press.eu\/comunicatistampa\/wp-json\/wp\/v2\/categories?post=42181"},{"taxonomy":"post_tag","embeddable":true,"href":"https:\/\/www.area-press.eu\/comunicatistampa\/wp-json\/wp\/v2\/tags?post=42181"}],"curies":[{"name":"wp","href":"https:\/\/api.w.org\/{rel}","templated":true}]}}