{"id":42146,"date":"2019-07-05T20:51:04","date_gmt":"2019-07-05T18:51:04","guid":{"rendered":"https:\/\/www.area-press.eu\/comunicatistampa\/?p=42146"},"modified":"2020-08-09T23:36:28","modified_gmt":"2020-08-09T21:36:28","slug":"toga-dietro-le-sbarre-ft-rodolfo-maria-gordini-e-il-nuovo-singolo-della-carismatica-band-milanese-realizzato-con-lafermato-tenore-lirico","status":"publish","type":"post","link":"https:\/\/www.area-press.eu\/comunicatistampa\/2019\/07\/05\/toga-dietro-le-sbarre-ft-rodolfo-maria-gordini-e-il-nuovo-singolo-della-carismatica-band-milanese-realizzato-con-lafermato-tenore-lirico\/","title":{"rendered":"TOGA \u201cDIETRO LE SBARRE\u201d ft. RODOLFO MARIA GORDINI \u00c8 IL NUOVO SINGOLO DELLA CARISMATICA BAND MILANESE REALIZZATO CON L\u2019AFERMATO TENORE LIRICO"},"content":{"rendered":"<p><img loading=\"lazy\" decoding=\"async\" class=\"aligncenter size-full wp-image-300595\" src=\"https:\/\/www.joyfreepress.com\/wp-content\/uploads\/2019\/05\/toga-dietro-le-sbarre-ft-rodolfo-maria-gordini.jpg___th_320_0.jpg\" alt=\"\" width=\"320\" height=\"320\" \/><\/p>\n<p><i><span style=\"font-weight: 400\">Un racconto in soggettiva che pone una lente d\u2019ingrandimento sul delicato tema del sistema giudiziario.<\/span><\/i><\/p>\n<p><span style=\"font-weight: 400\">Il brano descrive le sensazioni di chi, immaginando le sofferenze di colui che vive l\u2019esperienza carceraria, pur conducendo una vita nel rispetto delle regole e della legge, finisce per cadere nella trappola del sistema giudiziario\u2026<\/span><i><span style=\"font-weight: 400\">\u00abPerch\u00e9 in realt\u00e0 nessuno pu\u00f2 sentirsi al sicuro dal giudizio, giusto o sbagliato di esseri umani chiamati a decidere del destino di altri esseri umani e della loro libert\u00e0 personale. Ma, volendo vedere il bicchiere mezzo pieno, \u00e8 il modo migliore per uscirne pi\u00f9 forti, e comprendere che la libert\u00e0 \u00e8 il bene pi\u00f9 prezioso della nostra esistenza\u00bb. <\/span><\/i><b>Toga<\/b><\/p>\n<p><span style=\"font-weight: 400\">Il brano, <\/span><b>in uscita in radio il 10 maggio e in tutti i digital store il 15 maggio<\/b><span style=\"font-weight: 400\"> (Advice Music) vede il featuring con i Toga di <\/span><b>Rodolfo Maria Gordini<\/b><span style=\"font-weight: 400\">, <\/span><b>tenore lirico<\/b><span style=\"font-weight: 400\">, pioniere del pop lirico nonch\u00e9 amico del grande Luciano Pavarotti.\u00a0<\/span><\/p>\n<p>&nbsp;<\/p>\n<p><iframe loading=\"lazy\" title=\"Dietro le sbarre - feat. Rodolfo Gordini\" width=\"500\" height=\"281\" src=\"https:\/\/www.youtube.com\/embed\/f3CHNxA25-8?feature=oembed\" frameborder=\"0\" allow=\"accelerometer; autoplay; clipboard-write; encrypted-media; gyroscope; picture-in-picture; web-share\" referrerpolicy=\"strict-origin-when-cross-origin\" allowfullscreen><\/iframe><\/p>\n<p>&nbsp;<\/p>\n<p><b>Etichetta: Advice Music<\/b><\/p>\n<p><b>Radio date: 10 maggio 2019 <\/b><\/p>\n<p><b>BIO<\/b><\/p>\n<p><span style=\"font-weight: 400\">I Toga sono una band milanese composta da<\/span><b> Mike Tarallo (Voce), Fabrizio \u201cMagnus\u201d Allegri (basso), Domenico De Pascali (Batteria), Marco Santoro (chitarra). <\/b><span style=\"font-weight: 400\">Il progetto nasce nel 2011 dall\u2019esigenza di raccontare la vita quotidiana, i costumi, i vizi e i pregi della nostra Italia attraverso canzoni di matrice rock. Per tale motivo, <\/span><b>Mike, avvocato penalista, indossa sul palco una toga<\/b><span style=\"font-weight: 400\">, ovverosia l\u2019indumento che, per esigenze lavorative, veste tutti i giorni nelle aule di tribunale, luogo dove si intrecciano storie, vicende e personaggi protagonisti della realt\u00e0 quotidiana. I Toga debuttano nel 2012 partecipando al contest Battle of The Bands, classificandosi, live dopo live, al primo posto aggiudicandosi un contratto discografico con Bagana Records, etichetta con la quale incidono il loro<\/span> <span style=\"font-weight: 400\">primo disco <\/span><b>DIRITTO E CASTIGO<\/b><span style=\"font-weight: 400\">, contenente tra gli altri il brano <\/span><b>QUASI QUASI FACCIO IL POLITICO<\/b><span style=\"font-weight: 400\">, del quale viene anche realizzato il primo video clip, sotto la regia di Andrea Basile (gi\u00e0 regista di importanti videoclip, tra i quali Happy Hour di <\/span><b>Ligabue<\/b><span style=\"font-weight: 400\">, Lontano dal Tuo Sole di<\/span><b> Neffa<\/b><span style=\"font-weight: 400\"> e molti altri da <\/span><b>Alex Britti<\/b><span style=\"font-weight: 400\"> a <\/span><b>Dolcenera<\/b><span style=\"font-weight: 400\">). <\/span><b>Successivamente grazie al loro stile ironico, vengono notati dal comico Bruce Ketta<\/b><span style=\"font-weight: 400\"> (il postino divenuto famoso con la trasmissione <\/span><b>Zelig<\/b><span style=\"font-weight: 400\">) che li chiama come band di supporto in diversi suoi spettacoli nelle piazze italiane e proprio allo storico Zelig. Nel 2017 realizzano il loro secondo album <\/span><b>COTTI IN FRAGRANZA DI REATO<\/b><span style=\"font-weight: 400\"> (ediz. Advice Music) dal quale viene estratto il singolo <\/span><b>CUL IN ARIA<\/b><span style=\"font-weight: 400\">, parodia sulle star TV del momento, gli chef stellati. Nel giugno 2018 partecipano al concorso Sanremo Rock arrivando alle finali all\u2019Ariston venendo premiati da <\/span><b>Ettore Diliberto<\/b><span style=\"font-weight: 400\"> (leader delle <\/span><b>Custodie<\/b> <b>Cautelari,<\/b><span style=\"font-weight: 400\"> band storica che suonato con artisti come <\/span><b>Dalla, Finardi, Grignani<\/b><span style=\"font-weight: 400\"> e molti altri) che, tra l\u2019altro, li chiama ad aprire La Manifestazione \u201cNotte delle Chitarre\u201d con <\/span><b>Mario Schillir\u00f2, Giacomo Castellano, Vince Pastano e Andrea Cervetto, <\/b><span style=\"font-weight: 400\">chitarristi rispettivamente<\/span><b> di Zucchero, Piero Pel\u00f9, Vasco Rossi e New Trolls. <\/b><span style=\"font-weight: 400\">A Gennaio 2019 il tenore lirico <\/span><b>Rodolfo Maria Gordini, <\/b><span style=\"font-weight: 400\">pioniere della<\/span> <span style=\"font-weight: 400\">canzone pop \u2013 lirica e amico del grande<\/span><b> Luciano Pavarotti, <\/b><span style=\"font-weight: 400\">dopo aver visto i Toga in un\u2019esibizione live, propone alla band l\u2019incisione di un brano con suo featuring, dando vita a una miscela pop-rock- lirica che si realizza nel brano <\/span><b>DIETRO LE SBARRE<\/b><span style=\"font-weight: 400\"> (ediz. Advice Music) in uscita in tutti i digital store il <\/span><b>15 Maggio 2019. \u00a0\u00a0\u00a0<\/b><\/p>\n<p><b>Contatti e social<\/b><\/p>\n<p><b>Facebook <\/b><a href=\"http:\/\/www.facebook.com\/Togaband\/\"><b>www.facebook.com\/Togaband\/<\/b><\/a><\/p>\n","protected":false},"excerpt":{"rendered":"<p>Un racconto in soggettiva che pone una lente d\u2019ingrandimento sul delicato tema del sistema giudiziario. Il brano descrive le sensazioni di chi, immaginando le sofferenze di colui che vive l\u2019esperienza carceraria, pur conducendo una vita nel rispetto delle regole e della legge, finisce per cadere nella trappola del sistema giudiziario\u2026\u00abPerch\u00e9 in realt\u00e0 nessuno pu\u00f2 sentirsi [&hellip;]<\/p>\n","protected":false},"author":4383,"featured_media":0,"comment_status":"open","ping_status":"open","sticky":false,"template":"","format":"standard","meta":{"footnotes":""},"categories":[12],"tags":[],"class_list":["post-42146","post","type-post","status-publish","format-standard","hentry","category-musica"],"_links":{"self":[{"href":"https:\/\/www.area-press.eu\/comunicatistampa\/wp-json\/wp\/v2\/posts\/42146","targetHints":{"allow":["GET"]}}],"collection":[{"href":"https:\/\/www.area-press.eu\/comunicatistampa\/wp-json\/wp\/v2\/posts"}],"about":[{"href":"https:\/\/www.area-press.eu\/comunicatistampa\/wp-json\/wp\/v2\/types\/post"}],"author":[{"embeddable":true,"href":"https:\/\/www.area-press.eu\/comunicatistampa\/wp-json\/wp\/v2\/users\/4383"}],"replies":[{"embeddable":true,"href":"https:\/\/www.area-press.eu\/comunicatistampa\/wp-json\/wp\/v2\/comments?post=42146"}],"version-history":[{"count":1,"href":"https:\/\/www.area-press.eu\/comunicatistampa\/wp-json\/wp\/v2\/posts\/42146\/revisions"}],"predecessor-version":[{"id":42148,"href":"https:\/\/www.area-press.eu\/comunicatistampa\/wp-json\/wp\/v2\/posts\/42146\/revisions\/42148"}],"wp:attachment":[{"href":"https:\/\/www.area-press.eu\/comunicatistampa\/wp-json\/wp\/v2\/media?parent=42146"}],"wp:term":[{"taxonomy":"category","embeddable":true,"href":"https:\/\/www.area-press.eu\/comunicatistampa\/wp-json\/wp\/v2\/categories?post=42146"},{"taxonomy":"post_tag","embeddable":true,"href":"https:\/\/www.area-press.eu\/comunicatistampa\/wp-json\/wp\/v2\/tags?post=42146"}],"curies":[{"name":"wp","href":"https:\/\/api.w.org\/{rel}","templated":true}]}}