{"id":42144,"date":"2019-07-05T20:51:04","date_gmt":"2019-07-05T18:51:04","guid":{"rendered":"https:\/\/www.area-press.eu\/comunicatistampa\/?p=42144"},"modified":"2020-08-09T23:36:28","modified_gmt":"2020-08-09T21:36:28","slug":"elisabetta-arpellino-notte-stella-e-il-singolo-che-accompagna-luscita-dellep-da-dove-riparto","status":"publish","type":"post","link":"https:\/\/www.area-press.eu\/comunicatistampa\/2019\/07\/05\/elisabetta-arpellino-notte-stella-e-il-singolo-che-accompagna-luscita-dellep-da-dove-riparto\/","title":{"rendered":"ELISABETTA ARPELLINO \u201cNOTTE STELLA\u201d \u00e8 il singolo che accompagna l\u2019uscita dell\u2019ep \u201cDa dove riparto\u201d"},"content":{"rendered":"<p><img loading=\"lazy\" decoding=\"async\" class=\"alignnone size-large\" src=\"http:\/\/www.radiophonica.com\/sites\/default\/files\/touchpro\/styles\/relative_canvas-copy\/public\/immagini-press\/elisabetta-arpellino-notte-stella.jpg_th_320_0.jpg?itok=4_y1K0yg\" width=\"400\" height=\"400\" \/><\/p>\n<p><i><span style=\"font-weight: 400\">La cantastorie astigiana realizza un progetto musicale che ha lo scopo di dar voce a storie e racconti autobiografici e non, seguendo una linea stilistica aderente ad un pop cantautorale classico ed attuale allo stesso tempo. \u00a0\u00a0<\/span><\/i><\/p>\n<p><span style=\"font-weight: 400\">A otto mesi di distanza dall&#8217;uscita di \u201cDa dove riparto\u201d, la cantautrice esce con un nuovo singolo dal titolo \u201cNotte Stella\u201d tratto dall&#8217;EP, anche esso in uscita a maggio, \u201cDa dove riparto\u201d. <\/span><\/p>\n<p><i><span style=\"font-weight: 400\">\u00abUn pezzo molto intimo, quasi surreale, che ti invita a chiudere gli occhi e ad immaginare una notte piena di stelle, immerso nella natura a contemplare il cielo e a pensare a qualcuno che \u00e8 lontano, ma allo stesso tempo vicino a te\u00bb<\/span><\/i><span style=\"font-weight: 400\">. <\/span><b>Elisabetta Arpellino<\/b><\/p>\n<p><b>L&#8217;EP<\/b><span style=\"font-weight: 400\"> che esce in contemporanea con il nuovo singolo, \u00e8 frutto di un percorso iniziato nel 2013. Si tratta di <\/span><b>una raccolta di tutto quello che di significativo \u00e8 successo<\/b><span style=\"font-weight: 400\"> fino ad oggi nel suo percorso artistico e racchiude in s\u00e9 i 5 brani che a detta della stessa Elisabetta <\/span><i><span style=\"font-weight: 400\">\u00absono tappe di una strada che percorro ormai da molti anni, sono i brani pi\u00f9 significativi che ho scritto e interpretato tante volte, sono parte della mia crescita sia artistica che personale, insomma ho cercato di raccontarvi quello che sono stata fino ad ora\u00bb.<\/span><\/i><\/p>\n<p>&nbsp;<\/p>\n<p><b>TRACK BY TRACK<\/b><\/p>\n<p><b>&#8220;I am&#8221;<\/b><span style=\"font-weight: 400\"> \u00e8 un brano che parla della difficolt\u00e0 di uscire allo scoperto e parlare di s\u00e9 stessi davanti agli altri mettendosi a nudo. <\/span><\/p>\n<p><b>&#8220;Fuggo via da te&#8221;<\/b><span style=\"font-weight: 400\"> parla di una storia finita e forse mai veramente iniziata, di due persone che realmente non hanno mai comunicato.<\/span><\/p>\n<p><b>&#8220;Un altro settembre&#8221;<\/b><span style=\"font-weight: 400\"> \u00e8 un brano malinconico, che ti porta dritto ad un ricordo preciso, un giorno d&#8217;autunno guardando le foglie la mente torna al ricordo di una precisa persona che non c&#8217;\u00e8 pi\u00f9, ma in qualche modo il suo sorriso rimarr\u00e0 sempre stretto tra i tuoi ricordi.<\/span><\/p>\n<p><b>&#8220;Notte stella&#8221;<\/b><span style=\"font-weight: 400\"> \u00e8 un brano molto intimo dalle sfumature surrealiste, un dialogo con una persona lontana, ma allo stesso tempo vicino.<\/span><\/p>\n<p><b>&#8220;Da dove riparto&#8221;<\/b><span style=\"font-weight: 400\"> \u00e8 un pezzo che invita a rialzarsi sempre nonostante tutto, nonostante il buio attorno, perch\u00e9 una via d&#8217;uscita la si trova sempre, basta non perdere la speranza.<\/span><\/p>\n<p>&nbsp;<\/p>\n<p><b>Etichetta: Autoproduzione<\/b><\/p>\n<p><b>Radiodate: 31 maggio 2019<\/b><\/p>\n<p><b>Pubblicazione Ep: 31 maggio 2019 <\/b><\/p>\n<p>&nbsp;<\/p>\n<p><b>BIO<\/b><\/p>\n<p><span style=\"font-weight: 400\">Elisabetta Arpellino \u00e8 una <\/span><b>giovane cantautrice astigiana.<\/b><\/p>\n<p><span style=\"font-weight: 400\">La sua formazione artistica si caratterizza fin dall\u2019inizio di numerose ed importanti esperienze. <\/span><\/p>\n<p><span style=\"font-weight: 400\">Nel 2013 frequenta l\u2019Accademia del Festival di Saint Vincent tenuta da <\/span><b>Grazia di Michele e Luca Pitteri<\/b><span style=\"font-weight: 400\"> e partecipa allo stage del <\/span><b>Tour Music Fest al C.E.T. di Mogol.<\/b><span style=\"font-weight: 400\"> Dal 2014 al 2016 partecipa a diversi stage per cantautori: sia nel Veneto presso <\/span><b>M&amp;M LINE PRODUCTION<\/b><span style=\"font-weight: 400\"> (tenuti da Piero e Massimo Calabrese, Fulvio Tomaino, Fausto Donati, Marco D\u2019Angelo, Umberto Labozzetta e Alberto Zeppieri), sia in Piemonte presso <\/span><b>AKAMU <\/b><span style=\"font-weight: 400\">(tenuti da Massimo Cotto, Giuseppe Anastasi, Cheope, Zibba, Federica Abbate, Francesco Sarcina, Morgan, Lighea, Stefano Senardi, Andrea Rodini). Dal 2017 intraprende il percorso di laurea in canto presso il <\/span><b>CPM Music Institute di Milano<\/b><\/p>\n<p><span style=\"font-weight: 400\">Parallelamente agli impegni formativi Elisabetta inizia anche a maturare esperienza sul campo. <\/span><\/p>\n<p><span style=\"font-weight: 400\">Nel 2011 incide il suo primo inedito SOGNEREMO, accompagnata dalla sua ex rock band.<\/span><\/p>\n<p><span style=\"font-weight: 400\">Nel 2013, durante la partecipazione al Festival di Saint Vincent, realizza brano I AM. Durante lo stesso anno, con questo inedito, vince diversi concorsi:<\/span><\/p>\n<ul>\n<li style=\"font-weight: 400\"><span style=\"font-weight: 400\">Prima classificata al <\/span><b>FESTIVAL DI SAINT VINCENT (AO) <\/b><span style=\"font-weight: 400\">per la categoria nuove proposte<\/span><\/li>\n<li style=\"font-weight: 400\"><span style=\"font-weight: 400\">Prima classificata al <\/span><b>CHIERI IN FESTIVAL (TO) per la categoria inediti<\/b><\/li>\n<li style=\"font-weight: 400\"><b>Prima classificata al FESTIVAL<\/b><span style=\"font-weight: 400\"> VOCI NUOVE di Montecatini (PT) per la categoria inediti<\/span><\/li>\n<li style=\"font-weight: 400\"><span style=\"font-weight: 400\">Premio come migliore autore al <\/span><b>FESTIVAL PROVOICE<\/b><span style=\"font-weight: 400\"> a Milano<\/span><\/li>\n<li style=\"font-weight: 400\"><span style=\"font-weight: 400\">Seconda classificata a <\/span><b>UNA CANZONE DAL CUORE <\/b><span style=\"font-weight: 400\">ad Asti per la categoria inediti<\/span><\/li>\n<\/ul>\n<p><span style=\"font-weight: 400\">Nel 2014 partecipa al <\/span><b>Festival di Castrocaro<\/b><span style=\"font-weight: 400\"> arrivando in semifinale. Nel 2015, durante il corso di Song Writting, nascono diversi pezzi, due dei quali vengono prodotti presso il <\/span><i><span style=\"font-weight: 400\">BIPLANO di Roma<\/span><\/i><span style=\"font-weight: 400\">. Il primo brano NOTTESTELLA \u00e8 in distribuzione dal primo settembre 2015 su I-Tunes, sotto lo pseudonimo di Lizzie. Il secondo pezzo intitolato UN ALTRO SETTEMBRE \u00e8 stato eseguito per la prima volta nella finale del PREMIO D\u2019AUTORE CITTA\u2019 di ASTI. Dal 2015 si esibisce con un chitarrista in serate e aperture di concerti portando sul palco sia cover che pezzi inediti, il tutto rigorosamente in acustico.<\/span><\/p>\n<p><span style=\"font-weight: 400\">Nel 2016 partecipa alla tappa di selezione del Lighea Talent Show a Pedaso nelle Marche. Sempre nel 2016 partecipa ad <\/span><b>AREA SANREMO<\/b><span style=\"font-weight: 400\"> con il brano IL CIRCO DI FALSITA\u2019.<\/span><\/p>\n<p><span style=\"font-weight: 400\">Il 13 febbraio 2017 si esibisce al Memo Resturant di Milano con un brano inedito in occasione del Memo Live Contest, ricevendo complimenti da tutto il pubblico in sala e aggiudicandosi il primo posto per il voto del pubblico.<\/span><\/p>\n<p><span style=\"font-weight: 400\">Il 16 Giugno 2017 a San Damiano d\u2019Asti <\/span><b>apre in concerto di ANNALISA<\/b><span style=\"font-weight: 400\"> durante manifestazione LA BARBERA INCONTRA.<\/span><\/p>\n<p><span style=\"font-weight: 400\">Il 3 marzo 2018 partecipa alle finali del Nastro d&#8217;Argento di San Damiano portando il nuovo inedito DA DOVE RIPARTO con cui si aggiudica il premio della giuria tecnica.<\/span><\/p>\n<p><span style=\"font-weight: 400\">Il 15 giugno 2018 in occasione del Festival \u201cLa Barbera incontra a San Damiano d&#8217;Asti\u201d <\/span><b>apre il concerto di GINO PAOLI e DANILO REA.<\/b><\/p>\n<p><span style=\"font-weight: 400\">Nell&#8217;estate 2018 \u00e8 una dei protagonisti dell&#8217;Incanto Summer Festival. Il 3 luglio 2018 partecipa alle <\/span><b>semifinali del Premio Lunezia<\/b><span style=\"font-weight: 400\"> con il brano DA DOVE RIPARTO, accedendo alle finali che si sono svolte il 19 luglio 2018 ad Aulla. Il 20 Novembre 2018 in occasione dell&#8217;Open Week del Cpm Music Institut <\/span><b>duetta con Ermal Meta<\/b><span style=\"font-weight: 400\"> con il brano Piccola Anima, durante il suo live sul palco del teatro del Cpm icon gli studenti della scuola. A marzo del 2017 <\/span><b>vince il Nastro D&#8217;Argento<\/b><span style=\"font-weight: 400\"> in duetto con Federico Chiavaro con il brano Piccola Anima di Ermal Meta. A maggio 2019 viene selezionata tra i 20 finalisti del Calabria Fest.<\/span><\/p>\n<p>&nbsp;<\/p>\n<p><b>Contatti e social<\/b><\/p>\n<p><span style=\"font-weight: 400\">PAGINA FACEBOOK: <\/span><b>Elisabetta Arpellino <\/b><a href=\"http:\/\/www.facebook.com\/elisabettarpellino\/\"><b>www.facebook.com\/elisabettarpellino\/<\/b><\/a><\/p>\n<p><span style=\"font-weight: 400\"> YOUTUBE: <\/span><b>Elisabeta Arpellino <\/b><a href=\"http:\/\/www.instagram.com\/elisabetta.arpellino\/\"><b>www.instagram.com\/elisabetta.arpellino\/<\/b><\/a><\/p>\n<p><span style=\"font-weight: 400\">INSTAGRAM: <\/span><b>elisabetta.arpellino <\/b><a href=\"http:\/\/www.youtube.com\/channel\/UCZAW3ayZh0sYedCW3LLD-bA\"><b>www.youtube.com\/channel\/UCZAW3ayZh0sYedCW3LLD-bA<\/b><\/a><\/p>\n","protected":false},"excerpt":{"rendered":"<p>La cantastorie astigiana realizza un progetto musicale che ha lo scopo di dar voce a storie e racconti autobiografici e non, seguendo una linea stilistica aderente ad un pop cantautorale classico ed attuale allo stesso tempo. \u00a0\u00a0 A otto mesi di distanza dall&#8217;uscita di \u201cDa dove riparto\u201d, la cantautrice esce con un nuovo singolo dal [&hellip;]<\/p>\n","protected":false},"author":4383,"featured_media":0,"comment_status":"open","ping_status":"open","sticky":false,"template":"","format":"standard","meta":{"footnotes":""},"categories":[12],"tags":[],"class_list":["post-42144","post","type-post","status-publish","format-standard","hentry","category-musica"],"_links":{"self":[{"href":"https:\/\/www.area-press.eu\/comunicatistampa\/wp-json\/wp\/v2\/posts\/42144","targetHints":{"allow":["GET"]}}],"collection":[{"href":"https:\/\/www.area-press.eu\/comunicatistampa\/wp-json\/wp\/v2\/posts"}],"about":[{"href":"https:\/\/www.area-press.eu\/comunicatistampa\/wp-json\/wp\/v2\/types\/post"}],"author":[{"embeddable":true,"href":"https:\/\/www.area-press.eu\/comunicatistampa\/wp-json\/wp\/v2\/users\/4383"}],"replies":[{"embeddable":true,"href":"https:\/\/www.area-press.eu\/comunicatistampa\/wp-json\/wp\/v2\/comments?post=42144"}],"version-history":[{"count":1,"href":"https:\/\/www.area-press.eu\/comunicatistampa\/wp-json\/wp\/v2\/posts\/42144\/revisions"}],"predecessor-version":[{"id":42145,"href":"https:\/\/www.area-press.eu\/comunicatistampa\/wp-json\/wp\/v2\/posts\/42144\/revisions\/42145"}],"wp:attachment":[{"href":"https:\/\/www.area-press.eu\/comunicatistampa\/wp-json\/wp\/v2\/media?parent=42144"}],"wp:term":[{"taxonomy":"category","embeddable":true,"href":"https:\/\/www.area-press.eu\/comunicatistampa\/wp-json\/wp\/v2\/categories?post=42144"},{"taxonomy":"post_tag","embeddable":true,"href":"https:\/\/www.area-press.eu\/comunicatistampa\/wp-json\/wp\/v2\/tags?post=42144"}],"curies":[{"name":"wp","href":"https:\/\/api.w.org\/{rel}","templated":true}]}}