{"id":41880,"date":"2019-06-23T23:15:46","date_gmt":"2019-06-23T21:15:46","guid":{"rendered":"https:\/\/www.area-press.eu\/comunicatistampa\/?p=41880"},"modified":"2019-06-23T23:15:46","modified_gmt":"2019-06-23T21:15:46","slug":"genova-stracolma-di-spettacoli-durante-la-stagione-estiva-oltre-60-incontri","status":"publish","type":"post","link":"https:\/\/www.area-press.eu\/comunicatistampa\/2019\/06\/23\/genova-stracolma-di-spettacoli-durante-la-stagione-estiva-oltre-60-incontri\/","title":{"rendered":"Genova stracolma di spettacoli durante la stagione estiva: oltre 60 incontri"},"content":{"rendered":"<p>Un&#8217;edizione straordinaria nel 2019 per il festival \u201cGenova Porto Antico EstateSpettacolo\u201d, che compie 20 anni di attivit\u00e0, con tantissimi incontri organizzati per festeggiare questa edizione. Tantissime serate di spettacoli con cantanti italiani e stranieri.<\/p>\n<p>\u201cQuesto festival \u00e8 un racconto straordinaria \u2013 ha commentato la addetta stampa della societ\u00e0 Porto Antico di Genova \u2013 si \u00e8 iniziato per divertimenti ma oggi sono conclusi venti anni e il successo \u00e8 ancora rilevante. Rimane uno degli incontri della stagione estiva pi\u00f9 rilevanti di Genova, con luoghi sempre caratteristici e molti autori diversi a parteciparvi\u201d.<\/p>\n<p>Secondo le ultime notizie la ventesima edizione del festival si organizzer\u00e0 in tre luoghi diversi: l&#8217;Arena del Mare, la Piazza delle Feste e l&#8217;Isola delle Chiatte. In totale sono pianificati oltre 60 eventi.<\/p>\n<p>Gli spettacoli pi\u00f9 popolari avverranno all&#8217;Arena del Mare, dove canteranno tantissimi cantanti, con il primo evento pianificato per il 5 luglio, fino al 6 agosto per l&#8217;evento di chiusura dichiarato dalle notizie di oggi di\u00a0<a href=\"https:\/\/www.notizieoggi24.it\">https:\/\/www.notizieoggi24.it<\/a>.<\/p>\n<p>A Piazza delle Feste sono pianificate esibizioni teatrali fino al 4 agosto, con un&#8217;organizzazione pi\u00f9 sobria, ma sempre con autori popolari, come Zerocalcare il 6 luglio, Luca Argentero l&#8217;8 luglio, Moni Ovadia e Dario Vergassola.<\/p>\n<p>L&#8217;Isola delle Chiatte avr\u00e0 molti spettacoli per giovani, con partenza il 23 giugno con Suq Festival, per poi godere Cappuccetto lupo rock il 30 giugno, \u201cAttenti al lupo ed alla capretta\u201d l&#8217;8 luglio.<\/p>\n","protected":false},"excerpt":{"rendered":"<p>Un&#8217;edizione straordinaria nel 2019 per il festival \u201cGenova Porto Antico EstateSpettacolo\u201d, che compie 20 anni di attivit\u00e0, con tantissimi incontri organizzati per festeggiare questa edizione. Tantissime serate di spettacoli con cantanti italiani e stranieri. \u201cQuesto festival \u00e8 un racconto straordinaria \u2013 ha commentato la addetta stampa della societ\u00e0 Porto Antico di Genova \u2013 si \u00e8 [&hellip;]<\/p>\n","protected":false},"author":5127,"featured_media":0,"comment_status":"open","ping_status":"open","sticky":false,"template":"","format":"standard","meta":{"footnotes":""},"categories":[8],"tags":[19375],"class_list":["post-41880","post","type-post","status-publish","format-standard","hentry","category-eventi","tag-notizie-oggi"],"_links":{"self":[{"href":"https:\/\/www.area-press.eu\/comunicatistampa\/wp-json\/wp\/v2\/posts\/41880","targetHints":{"allow":["GET"]}}],"collection":[{"href":"https:\/\/www.area-press.eu\/comunicatistampa\/wp-json\/wp\/v2\/posts"}],"about":[{"href":"https:\/\/www.area-press.eu\/comunicatistampa\/wp-json\/wp\/v2\/types\/post"}],"author":[{"embeddable":true,"href":"https:\/\/www.area-press.eu\/comunicatistampa\/wp-json\/wp\/v2\/users\/5127"}],"replies":[{"embeddable":true,"href":"https:\/\/www.area-press.eu\/comunicatistampa\/wp-json\/wp\/v2\/comments?post=41880"}],"version-history":[{"count":1,"href":"https:\/\/www.area-press.eu\/comunicatistampa\/wp-json\/wp\/v2\/posts\/41880\/revisions"}],"predecessor-version":[{"id":41881,"href":"https:\/\/www.area-press.eu\/comunicatistampa\/wp-json\/wp\/v2\/posts\/41880\/revisions\/41881"}],"wp:attachment":[{"href":"https:\/\/www.area-press.eu\/comunicatistampa\/wp-json\/wp\/v2\/media?parent=41880"}],"wp:term":[{"taxonomy":"category","embeddable":true,"href":"https:\/\/www.area-press.eu\/comunicatistampa\/wp-json\/wp\/v2\/categories?post=41880"},{"taxonomy":"post_tag","embeddable":true,"href":"https:\/\/www.area-press.eu\/comunicatistampa\/wp-json\/wp\/v2\/tags?post=41880"}],"curies":[{"name":"wp","href":"https:\/\/api.w.org\/{rel}","templated":true}]}}