{"id":41872,"date":"2019-06-23T23:15:46","date_gmt":"2019-06-23T21:15:46","guid":{"rendered":"https:\/\/www.area-press.eu\/comunicatistampa\/?p=41872"},"modified":"2020-08-09T23:48:58","modified_gmt":"2020-08-09T21:48:58","slug":"fance-indeed-e-lalbum-desordio","status":"publish","type":"post","link":"https:\/\/www.area-press.eu\/comunicatistampa\/2019\/06\/23\/fance-indeed-e-lalbum-desordio\/","title":{"rendered":"FANCE &#8211; \u201cINDEED\u201d \u00e8 l&#8217;album d&#8217;esordio"},"content":{"rendered":"<p><img loading=\"lazy\" decoding=\"async\" class=\"aligncenter wp-image-299599\" src=\"https:\/\/www.joyfreepress.com\/wp-content\/uploads\/2019\/04\/indeed-fance-album.jpg\" alt=\"\" width=\"396\" height=\"398\" \/><\/p>\n<p><i><span style=\"font-weight: 400\">Un labirinto musicale fatto di ombre e luci accompagna l\u2019ascoltatore in un trip multisensoriale che sviscera i vari aspetti dell\u2019esistenza umana.<\/span><\/i><\/p>\n<p><span style=\"font-weight: 400\">Il progetto discografico <\/span><b>\u201cINDEED\u201d<\/b><span style=\"font-weight: 400\"> deriva da anni di bozze e testi messi in un cassetto che attendevano il momento giusto per uscire fuori e sprigionare nuove emozioni. Tutte le canzoni partono da un giro di chitarra e vestono <\/span><b>un sound alternative new wave elettronico.<\/b><span style=\"font-weight: 400\"> Il disco racconta di vari eventi della vita &#8211; con un focus particolare sul loro lato introspettivo &#8211; che da una parte criticano la fredda societ\u00e0 del momento, ma dall\u2019atra allo stesso tempo si inchinano davanti alla dirompente forza dell\u2019amore. <\/span><\/p>\n<p>&nbsp;<\/p>\n<p><b>TRACK BY TRACK<\/b><\/p>\n<p>&nbsp;<\/p>\n<p><b>Mental compensation<\/b><\/p>\n<p><span style=\"font-weight: 400\">Il brano si riferisce alla straziante condizione derivante dalla mancanza del raggiungimento degli obiettivi che ci si prefigge. Solo l\u2019istinto guidato dalle profonde emozioni dettate dal cuore potr\u00e0 condurre ad una via di salvezza. <\/span><\/p>\n<p>&nbsp;<\/p>\n<p><b>Senza piet\u00e0<\/b><\/p>\n<p><span style=\"font-weight: 400\">\u00c9 l\u2019espressione di un disagio causato dagli acufeni con cui l\u2019autore convive da anni. Questi vengono rappresentati come una entit\u00e0 vicina e conosciuta con la quale lui stesso dialoga, ma sono descritti anche come casualit\u00e0 fragili davanti alla bellezza della vita. Tale allucinazione uditiva, finora incurabile, lo ha per\u00f2 aiutato a forgiare il carattere ed a superare molte difficolt\u00e0 facendolo proiettare in un alter ego dalla grande forza creativa. Primo singolo estratto.<\/span><\/p>\n<p>&nbsp;<\/p>\n<p><b>Cool down<\/b><\/p>\n<p><span style=\"font-weight: 400\">In solitudine ed in mancanza di punti fermi, talvolta alcune serate si trasformano in un lungo viaggio solitario introspettivo ed a tratti molto doloroso. L\u2019amore, regola e seda l\u2019aggressivit\u00e0 che in alcuni momenti potrebbe diventare pericolosa e particolarmente inquietante.<\/span><\/p>\n<p>&nbsp;<\/p>\n<p><b>Casa-Voyegeurs<\/b><\/p>\n<p><span style=\"font-weight: 400\">Non \u00e8 solo un viaggio in Marocco che dallo snodo ferroviario di Casablanca tocca sapori, odori e cordialit\u00e0 umana, ma \u00e8 anche un percorso introspettivo di ritorno alle origini della ricerca del proprio io.<\/span><\/p>\n<p>&nbsp;<\/p>\n<p><b>Notte Porpora<\/b><\/p>\n<p><span style=\"font-weight: 400\">L\u2019amaro<\/span> <span style=\"font-weight: 400\">racconto della tragedia di un mortale incidente stradale che ha colpito un caro amico a cui Fance, per puro caso, ha prestato soccorso fra i primi. <\/span><\/p>\n<p>&nbsp;<\/p>\n<p><b>Feel me again<\/b><\/p>\n<p><span style=\"font-weight: 400\">Un amore finito e ritrovato. Talvolta riaffiorano emozioni e sensazioni che possono ancora sconvolgere in maniera importante.<\/span><\/p>\n<p>&nbsp;<\/p>\n<p><b>True eyes<\/b><\/p>\n<p><span style=\"font-weight: 400\">Quasi tutti indossiamo quotidianamente maschere pi\u00f9 o meno spesse in base ai contesti. Quasi, poich\u00e9 tutti i bambini e la maggior parte degli anziani (ai quali rispettivamente la maschera non \u00e8 ancora affiorata ed agli altri finalmente scomparsa o deliberatamente gettata) rivelano invece la loro verit\u00e0 senza filtri o difese donando sensazioni pure e disarmanti che rivelano la vera Bellezza della vita. \u00a0<\/span><\/p>\n<p>&nbsp;<\/p>\n<p><b>Falling leaf<\/b><\/p>\n<p><span style=\"font-weight: 400\">I momenti bui sono sempre presenti e la ricerca della sensazione di staccarsi dalla realt\u00e0 con la leggerezza di una foglia che cade, senza per forza una direzione precisa e con la speranza di un morbido atterraggio, \u00e8 la metafora di una continua ricerca introspettiva in tal senso.<\/span><\/p>\n<p>&nbsp;<\/p>\n<p style=\"text-align: center\"><b>Guarda il video su YouTube: <\/b><\/p>\n<p><iframe loading=\"lazy\" title=\"Fance - Senza Piet\u00e0 (official video)\" width=\"500\" height=\"281\" src=\"https:\/\/www.youtube.com\/embed\/bEp-nqWDOfk?feature=oembed\" frameborder=\"0\" allow=\"accelerometer; autoplay; clipboard-write; encrypted-media; gyroscope; picture-in-picture; web-share\" referrerpolicy=\"strict-origin-when-cross-origin\" allowfullscreen><\/iframe><\/p>\n<p>&nbsp;<\/p>\n<p><b>Pubblicazione album: 26 aprile 2019<\/b><\/p>\n<p><b>Autoproduzione<\/b><\/p>\n<p>&nbsp;<\/p>\n<p><b>BIO<\/b><\/p>\n<p>&nbsp;<\/p>\n<p><span style=\"font-weight: 400\">Lo stampo musicale di <\/span><b>Fabrizio Fancelli in arte Fance<\/b><span style=\"font-weight: 400\">, \u00e8 radicato principalmente nella <\/span><b>new wave elettronica anni 80\u2019\/90\u2019<\/b><span style=\"font-weight: 400\"> e si ispira a icone quali Depeche Mode, David Bowie, Talking heads, The Cure, Bauhaus e Joy Division. La storica<\/span><b> band \u201cMutazione\u201d<\/b><span style=\"font-weight: 400\"> infatti parte e tuttora continua proprio realizzando cover di questi ultimi. Il percorso di Fance \u00e8 sempre per\u00f2 stato accompagnato da un <\/span><b>parallelo progetto solista<\/b><span style=\"font-weight: 400\"> raccontato da oltre 30 canzoni inedite, in corso di revisione in base ai pensieri del momento e dall\u2019influenza musicale, rivisitata e personalizzata. La continua ricerca di sonorit\u00e0 e l\u2018assiduo ascolto di gruppi emergenti nella scena internazionale, hanno indirizzato l\u2019autore sempre verso una originalit\u00e0 di vedute, percepita sia nella musica che nei testi. Il sound di Fance \u00e8 fortemente caratterizzato da forti cadenze di base ritmica e del basso preponderante che sono delineate da chitarre di differente \u201cacidit\u00e0\u201d sempre corredate da una immancabile elettronica che talvolta accompagna delicatamente la canzone, mentre in altre la trasporta altrove con prepotenza. <\/span><b>\u201cSenza Piet\u00e0\u201d<\/b><span style=\"font-weight: 400\"> \u00e8 il primo singolo estratto dall\u2019<\/span><b>album INDEED pubblicato il 26 aprile 2019.<\/b><\/p>\n<p>&nbsp;<\/p>\n<p><b>Contatti e social<\/b><\/p>\n<p>&nbsp;<\/p>\n<p><b>Instagram<\/b> <a href=\"http:\/\/www.instagram.com\/fanceofficial\/?hl=it\"><span style=\"font-weight: 400\">www.instagram.com\/fanceofficial\/?hl=it<\/span><\/a><\/p>\n<p><b>Facebook<\/b> <a href=\"http:\/\/www.facebook.com\/Fanceofficial-361971254384532\/?ref=bookmarks\"><span style=\"font-weight: 400\">www.facebook.com\/Fanceofficial-361971254384532\/?ref=bookmarks<\/span><\/a><\/p>\n<p>&nbsp;<\/p>\n<p>&nbsp;<\/p>\n","protected":false},"excerpt":{"rendered":"<p>Un labirinto musicale fatto di ombre e luci accompagna l\u2019ascoltatore in un trip multisensoriale che sviscera i vari aspetti dell\u2019esistenza umana. Il progetto discografico \u201cINDEED\u201d deriva da anni di bozze e testi messi in un cassetto che attendevano il momento giusto per uscire fuori e sprigionare nuove emozioni. Tutte le canzoni partono da un giro [&hellip;]<\/p>\n","protected":false},"author":4383,"featured_media":0,"comment_status":"open","ping_status":"open","sticky":false,"template":"","format":"standard","meta":{"footnotes":""},"categories":[12],"tags":[],"class_list":["post-41872","post","type-post","status-publish","format-standard","hentry","category-musica"],"_links":{"self":[{"href":"https:\/\/www.area-press.eu\/comunicatistampa\/wp-json\/wp\/v2\/posts\/41872","targetHints":{"allow":["GET"]}}],"collection":[{"href":"https:\/\/www.area-press.eu\/comunicatistampa\/wp-json\/wp\/v2\/posts"}],"about":[{"href":"https:\/\/www.area-press.eu\/comunicatistampa\/wp-json\/wp\/v2\/types\/post"}],"author":[{"embeddable":true,"href":"https:\/\/www.area-press.eu\/comunicatistampa\/wp-json\/wp\/v2\/users\/4383"}],"replies":[{"embeddable":true,"href":"https:\/\/www.area-press.eu\/comunicatistampa\/wp-json\/wp\/v2\/comments?post=41872"}],"version-history":[{"count":2,"href":"https:\/\/www.area-press.eu\/comunicatistampa\/wp-json\/wp\/v2\/posts\/41872\/revisions"}],"predecessor-version":[{"id":41876,"href":"https:\/\/www.area-press.eu\/comunicatistampa\/wp-json\/wp\/v2\/posts\/41872\/revisions\/41876"}],"wp:attachment":[{"href":"https:\/\/www.area-press.eu\/comunicatistampa\/wp-json\/wp\/v2\/media?parent=41872"}],"wp:term":[{"taxonomy":"category","embeddable":true,"href":"https:\/\/www.area-press.eu\/comunicatistampa\/wp-json\/wp\/v2\/categories?post=41872"},{"taxonomy":"post_tag","embeddable":true,"href":"https:\/\/www.area-press.eu\/comunicatistampa\/wp-json\/wp\/v2\/tags?post=41872"}],"curies":[{"name":"wp","href":"https:\/\/api.w.org\/{rel}","templated":true}]}}