{"id":41818,"date":"2019-06-23T23:14:48","date_gmt":"2019-06-23T21:14:48","guid":{"rendered":"https:\/\/www.area-press.eu\/comunicatistampa\/?p=41818"},"modified":"2019-06-23T23:14:48","modified_gmt":"2019-06-23T21:14:48","slug":"kkm-group-al-grand-prix-de-france-sulle-orme-di-alain-prost","status":"publish","type":"post","link":"https:\/\/www.area-press.eu\/comunicatistampa\/2019\/06\/23\/kkm-group-al-grand-prix-de-france-sulle-orme-di-alain-prost\/","title":{"rendered":"KKM Group, al Grand Prix de France sulle orme di Alain Prost"},"content":{"rendered":"<p>Un weekend all\u2019insegna della joie de vivre francese, unita all\u2019adrenalina che solo la Formula 1<sup>\u00ae<\/sup> \u00e8 in grado di regalare: \u00e8 l\u2019esclusiva proposta del <strong>tour operator KKM Group<\/strong> in vista del <strong>Grand Prix de France 2019<\/strong>, in programma al <strong>circuito di Le Castellet domenica 23 giugno<\/strong>.<\/p>\n<h2>L\u2019offerta di KKM Group<\/h2>\n<p>In qualit\u00e0 di concessionario in esclusiva per l\u2019Italia dei pacchetti ufficiali F1 Experiences<sup>\u00ae<\/sup>, KKM Group offre a tutti gli appassionati la possibilit\u00e0 di <strong>unire il piacere di un viaggio a Marsiglia<\/strong>, citt\u00e0 che Dumas ha definito \u201cpunto di incontro di tutto il mondo\u201d, <strong>con l\u2019opportunit\u00e0 di vivere da protagonisti una delle gare pi\u00f9 coinvolgenti ed emozionanti del Mondiale di Formula 1<sup>\u00ae<\/sup><\/strong>.<\/p>\n<p>Il pacchetto base, a partire da 1.850 euro a persona, comprende il volo di linea da tutte le citt\u00e0 italiane, un soggiorno di 3 notti (dal 20 al 23 giugno) in hotel 4 stelle e la possibilit\u00e0 di scegliere tra trasferimenti organizzati su base privata e noleggio auto per l\u2019intera durata del viaggio. Inclusi nella quota anche i biglietti per l\u2019accesso al circuito durante le prove, le qualifiche e la gara, con <strong>posti riservati nella Tribuna Ligne de D\u00e9part<\/strong> situata sul rettilineo di partenza, uno dei passaggi pi\u00f9 spettacolari che offre anche un\u2019ottima vista sulla corsia dei box.<\/p>\n<h2>Il Gran Premio di Francia<\/h2>\n<p><strong>Il circuito Paul Ricard di Le Castellet \u00e8 uno dei pi\u00f9 veloci del Mondiale<\/strong> ed \u00e8 tornato nel calendario lo scorso anno, dopo una lunga assenza dalla scena. L\u2019ultima edizione del Grand Prix de France ospitata dal circuito risale infatti al <strong>1990<\/strong>, quando a spuntarla fu <strong>Alain Prost su Ferrari<\/strong>. Nel decennio successivo la gara si \u00e8 trasferita a Magny Cours, in Borgogna, tappa rimasta in calendario fino al 2008, anno della vittoria di Felipe Massa, sempre su Ferrari. Particolarmente amato da <strong>Michael Schumacher<\/strong>, che ha conquistato il gradino pi\u00f9 alto del podio ben 8 volte, il circuito Paul Ricard \u00e8 tuttora considerato un feudo della Ferrari, con un totale, ad oggi, di 17 vittorie. Di propriet\u00e0 di Bernie Ecclestone dal 1999, <strong>misura 5,842 chilometri ed \u00e8 famoso per la<\/strong> <strong>mitica Courbe de Signes<\/strong>, la curva che i piloti percorrono in accelerazione dopo il lunghissimo rettilineo del Mistral, in cui non \u00e8 raro che arrivino a superare i <strong>340 km\/h<\/strong>!<\/p>\n<p>Per personalizzare ulteriormente il soggiorno, KKM Group offre la possibilit\u00e0 di aggiungere al pacchetto base una serie di attivit\u00e0 extra. Tra le proposte disponibili: passeggiata lungo la corsia dei box, visita guidata del circuito a bordo del camion utilizzato dai piloti nel corso della \u201cdrivers parade\u201d, accesso al podio per scattarsi un selfie con il trofeo della gara e tour nel \u201cbackstage\u201d per vedere da vicino la safety car, la sala d\u2019attesa nella quale sostano i piloti prima di salire sul podio, il Paddock e tanti altri <strong>luoghi preclusi al grande pubblico<\/strong>. Chi lo desidera pu\u00f2 optare anche per i pacchetti speciali <strong>\u201cExperience \u2013 Champions Club\u201d<\/strong> che comprendono l\u2019accesso alle tribune VIP e alle postazioni pi\u00f9 esclusive.<\/p>\n<h2>Il commento di Andrea Cani, Presidente KKM Group<\/h2>\n<p>\u201cQuesti pacchetti \u2013 dichiara <strong>Andrea Cani, presidente di KKM Group<\/strong> \u2013 offrono un mix di emozioni e di sorprese in grado di fare breccia tanto nel cuore degli sportivi, quanto in quello dei viaggiatori. Le nostre proposte rappresentano una straordinaria occasione per trascorrere un weekend alternativo e sono disponibili in tutte le agenzie di viaggi. Alle aziende che desiderano organizzare incentive e team building offriamo inoltre soluzioni personalizzate\u201d.<\/p>\n","protected":false},"excerpt":{"rendered":"<p>Un weekend all\u2019insegna della joie de vivre francese, unita all\u2019adrenalina che solo la Formula 1\u00ae \u00e8 in grado di regalare: \u00e8 l\u2019esclusiva proposta del tour operator KKM Group in vista del Grand Prix de France 2019, in programma al circuito di Le Castellet domenica 23 giugno. L\u2019offerta di KKM Group In qualit\u00e0 di concessionario in [&hellip;]<\/p>\n","protected":false},"author":49,"featured_media":0,"comment_status":"open","ping_status":"open","sticky":false,"template":"","format":"standard","meta":{"footnotes":""},"categories":[17],"tags":[22965,23764,21387],"class_list":["post-41818","post","type-post","status-publish","format-standard","hentry","category-turismo","tag-andrea-cani","tag-grand-prix-de-france","tag-kkm-group"],"_links":{"self":[{"href":"https:\/\/www.area-press.eu\/comunicatistampa\/wp-json\/wp\/v2\/posts\/41818","targetHints":{"allow":["GET"]}}],"collection":[{"href":"https:\/\/www.area-press.eu\/comunicatistampa\/wp-json\/wp\/v2\/posts"}],"about":[{"href":"https:\/\/www.area-press.eu\/comunicatistampa\/wp-json\/wp\/v2\/types\/post"}],"author":[{"embeddable":true,"href":"https:\/\/www.area-press.eu\/comunicatistampa\/wp-json\/wp\/v2\/users\/49"}],"replies":[{"embeddable":true,"href":"https:\/\/www.area-press.eu\/comunicatistampa\/wp-json\/wp\/v2\/comments?post=41818"}],"version-history":[{"count":1,"href":"https:\/\/www.area-press.eu\/comunicatistampa\/wp-json\/wp\/v2\/posts\/41818\/revisions"}],"predecessor-version":[{"id":41819,"href":"https:\/\/www.area-press.eu\/comunicatistampa\/wp-json\/wp\/v2\/posts\/41818\/revisions\/41819"}],"wp:attachment":[{"href":"https:\/\/www.area-press.eu\/comunicatistampa\/wp-json\/wp\/v2\/media?parent=41818"}],"wp:term":[{"taxonomy":"category","embeddable":true,"href":"https:\/\/www.area-press.eu\/comunicatistampa\/wp-json\/wp\/v2\/categories?post=41818"},{"taxonomy":"post_tag","embeddable":true,"href":"https:\/\/www.area-press.eu\/comunicatistampa\/wp-json\/wp\/v2\/tags?post=41818"}],"curies":[{"name":"wp","href":"https:\/\/api.w.org\/{rel}","templated":true}]}}