{"id":41724,"date":"2019-06-18T22:28:17","date_gmt":"2019-06-18T20:28:17","guid":{"rendered":"https:\/\/www.area-press.eu\/comunicatistampa\/?p=41724"},"modified":"2020-08-09T23:49:00","modified_gmt":"2020-08-09T21:49:00","slug":"news-contabilita-fatturazione-bilancio-fiscale-paghe-gb-settimana-n-24-anno-2019","status":"publish","type":"post","link":"https:\/\/www.area-press.eu\/comunicatistampa\/2019\/06\/18\/news-contabilita-fatturazione-bilancio-fiscale-paghe-gb-settimana-n-24-anno-2019\/","title":{"rendered":"News contabilit\u00e0, fatturazione, bilancio, fiscale, paghe GB &#8211; Settimana n. 24 anno 2019"},"content":{"rendered":"<p><strong>Diritto annuale 2019: disponibile applicazione (10\/06\/19)<\/strong><\/p>\n<p>Le misure del diritto annuale 2019 sono state stabilite dal Ministero dello Sviluppo Economico con la cirocolare n.0432856 del 21 dicembre 2018. Come stabilito dall&#8217;art.28 comma 1 del DL 24 giugno 2014 n.90 dli importi dovuti sono ridotti del 50%.<\/p>\n<p>La gestione \u201cDiritto camerale 2019\u201d che permette di calcolare il tributo dovuto da ogni impresa iscritta alla Camera di commercio competente per territorio, \u00e8 disponibile nell&#8217;applicazione Contabilit\u00e0 2019.<\/p>\n<p>Come viene ricordato nella circolare, nel calcolo di quanto dovuto si deve tenere conto delle maggiorazioni del 20% approvate dal DM 22 maggio 2017 per il triennio, \u00e8 disponibile nell&#8217;applicazione Contabilit\u00e0 2019.<\/p>\n<p><strong>Richiesta acquisizione massivadegli ulteriori dati ai fini ISA: rilascio applicazione (11\/06\/19)<\/strong><\/p>\n<p>Per la compilazione degli indici sintetici di affidabilit\u00e0, oltre ai dati contabili derivanti dalle risultanze dell&#8217;esercizio, l&#8217;intermediario deve avere a disposizione anche ulteriori dati presenti all&#8217;internoi del casseetto fiscal del contribuente.<\/p>\n<p>Per richiedere all&#8217;Agenzia delle Entrate la messa a disposizione in modalit\u00e0 massiva dei dati precompilati necessari ai fini dell&#8217;applicazione degli ISA, gli intermediari possono operare in due diverse modalit\u00e0, a seconda che abbiano o meno la delega della consultazione del cassetto fiscale del proprio cliente.<\/p>\n<p>Intermediario in possessodella delega alla consultazione del cassetto fiscale: in questo caso \u00e8 sufficiente inviare un file contenente l&#8217;elenco dei contribuenti per cui risulta la delega.<\/p>\n<p><strong>Console Web 2019: sblocco dei pagamenti (12\/06\/19)<\/strong><\/p>\n<p>Con un recente aggiornamento della Console Web \u00e8 stata introdotta la possibilit\u00e0 di modificae il dettaglio dello stato di pagamento anche per i documenti che hanno il pagamento\/incasso gi\u00e0 registrato dal commercialista. In questo modo l&#8217;utente pu\u00f2 inserire le informazioni sull&#8217;incasso di una fattura emessa o sul pagamento di una fattura ricevuta anche dopo che lo studio ha contabilizzato i dati.<\/p>\n<p>Con un recente aggiornamento della Console Web \u00e8 stata introdotta la possibilit\u00e0 di modificare il dettaglio dello stato del pagamento anche per i documenti che hanno il pagamento\/incasso dei propri documenti inviati e ricevuti in maniera pi\u00f9 chiara e precisa, senza la necessit\u00e0 di dover tenere uno scadenzio esterno. Inoltre sono state introdotte nuove funzionalit\u00e0 per rendere maggiormente fruibile la Console Web.<\/p>\n<p>Nella Console Web, cliccando sul pulsante \u201cDettaglio\u201d si aprir\u00e0 una maschera da dove sar\u00e0 possibile indicare i dati relativi all&#8217;incasso (se ci troviamo nelle fatture elettroniche emesse) o del pagamento (se posizionati nelle fatture elettroniche ricevute) del singolo documento. Tale dato, quando confermato, tramite un apposito check, sar\u00e0 comunicato al commercialista che proceder\u00e0 alla contabilizzazione.<\/p>\n<p><strong>Caso pratico: Importare Verbale assemblea redatto con Word\/Open Office (13\/06\/19)<\/strong><\/p>\n<p>\u201cPer l&#8217;appovazione del Bilancio Europeo dispongo di un verbale di assemblea dei soci gi\u00e0 redatto in .DOC (documento Word\/Open Office), quindi prodotto esternamente al GB. Non vorrei digitare da capo l&#8217;intero testo. Con le opzioni previste dal software \u00e8 possibile incollare il verbale di un documento vuoto e convertito all&#8217;interno dell&#8217;applicazione?\u201d.<\/p>\n<p>Si, \u00e8 possibile. La procedura vale anche per le altre relazioni analoghe (Relazione sulla Gestione, Relazione del Collegio sindacale, Relazione del Revisore). Saranno cos\u00ec rese disponibili nel FASCICOLO per essere convertite in PDF\/A e reimmesse tra i documenti istituzionali del Bilancio Europeo GB, al pari dell&#8217;istanza XBRL.<\/p>\n<p>In tema di deposito dei bilanci, il Manuale operativo infocamere, al punto 2.2, prevede che \u201ctutti gli altri documenti che accompagnano il bilancio, ad esempio la Relazione del Revisore Legale ed il Verbale di approvazione dell&#8217;Assemblea, saranno allegati alla pratica in formato PDF\/A.<\/p>\n<p><strong>Fatture 2019: Calcolo IVA agevolata (14\/06\/19)<\/strong><\/p>\n<p>Per i lavori mndi manutenzione svolti su immobili a prevalente destinazione abitativa privata \u00e8 prevista un&#8217;aliquota IVA ridotta al 10%, secondo quanto stabilito dall&#8217;art.7 c.1 lett.B della legge 23 dicembre 1999.<\/p>\n<p>Tale agevolazione tuttavia incontra delle eccezzioni in presenza dei \u201cbeni significativi\u201d, in quanto nel caso in cui l&#8217;importo di tali beni superi la met\u00e0 del totale della fattura, l&#8217;IVA al 10% si applica solamente sulla differenza tra il valore complessivo dell&#8217;intervento e quello dei beni significativi.<\/p>\n<p>In Fatture GB tramite un&#8217;apposita funzione \u00e8 possibile applicare in maniera automatica il calcolo dell&#8217;IVA, inserendo solamente il valore complessivo della presentazione e il valore del bene significativo. Andiamo a vedere come fare&#8230;<\/p>\n<p>Gli articoli completi sono disponibili sul sito del <a href=\"https:\/\/www.softwareintegrato.it\/\">software commercialisti<\/a> INTEGRATO GB per commercialisti.<\/p>\n<p>GBsoftware S.p.A. \u00e8 una software house nata dall&#8217;idea di un commercialista e dell&#8217;esperienza di uno studio attivo dal 1977. Siamo specializzati in software semplici per studi e imprese.<\/p>\n","protected":false},"excerpt":{"rendered":"<p>Diritto annuale 2019: disponibile applicazione (10\/06\/19) Le misure del diritto annuale 2019 sono state stabilite dal Ministero dello Sviluppo Economico con la cirocolare n.0432856 del 21 dicembre 2018. Come stabilito dall&#8217;art.28 comma 1 del DL 24 giugno 2014 n.90 dli importi dovuti sono ridotti del 50%. La gestione \u201cDiritto camerale 2019\u201d che permette di calcolare [&hellip;]<\/p>\n","protected":false},"author":2930,"featured_media":0,"comment_status":"open","ping_status":"open","sticky":false,"template":"","format":"standard","meta":{"footnotes":""},"categories":[7,10],"tags":[23716,23720,23719,23717,23718,8548],"class_list":["post-41724","post","type-post","status-publish","format-standard","hentry","category-economia-e-finanza","category-informatica","tag-applicazione-diritto-annuale-2019","tag-calcolo-iva-agevolata","tag-importazione-verbale-redatto-con-open-office-word","tag-richiesta-acquisizione-massiva-dati-isa","tag-sblocco-pagamenti-console-web-2019","tag-software-commercialisti"],"_links":{"self":[{"href":"https:\/\/www.area-press.eu\/comunicatistampa\/wp-json\/wp\/v2\/posts\/41724","targetHints":{"allow":["GET"]}}],"collection":[{"href":"https:\/\/www.area-press.eu\/comunicatistampa\/wp-json\/wp\/v2\/posts"}],"about":[{"href":"https:\/\/www.area-press.eu\/comunicatistampa\/wp-json\/wp\/v2\/types\/post"}],"author":[{"embeddable":true,"href":"https:\/\/www.area-press.eu\/comunicatistampa\/wp-json\/wp\/v2\/users\/2930"}],"replies":[{"embeddable":true,"href":"https:\/\/www.area-press.eu\/comunicatistampa\/wp-json\/wp\/v2\/comments?post=41724"}],"version-history":[{"count":1,"href":"https:\/\/www.area-press.eu\/comunicatistampa\/wp-json\/wp\/v2\/posts\/41724\/revisions"}],"predecessor-version":[{"id":41725,"href":"https:\/\/www.area-press.eu\/comunicatistampa\/wp-json\/wp\/v2\/posts\/41724\/revisions\/41725"}],"wp:attachment":[{"href":"https:\/\/www.area-press.eu\/comunicatistampa\/wp-json\/wp\/v2\/media?parent=41724"}],"wp:term":[{"taxonomy":"category","embeddable":true,"href":"https:\/\/www.area-press.eu\/comunicatistampa\/wp-json\/wp\/v2\/categories?post=41724"},{"taxonomy":"post_tag","embeddable":true,"href":"https:\/\/www.area-press.eu\/comunicatistampa\/wp-json\/wp\/v2\/tags?post=41724"}],"curies":[{"name":"wp","href":"https:\/\/api.w.org\/{rel}","templated":true}]}}