{"id":41721,"date":"2019-06-18T22:28:17","date_gmt":"2019-06-18T20:28:17","guid":{"rendered":"https:\/\/www.area-press.eu\/comunicatistampa\/?p=41721"},"modified":"2020-08-09T23:36:30","modified_gmt":"2020-08-09T21:36:30","slug":"andrea-giraudo-la-clessidra-dopo-il-singolo-la-guarigione-arriva-il-secondo-brano-estatto-dallalbum-stare-bene","status":"publish","type":"post","link":"https:\/\/www.area-press.eu\/comunicatistampa\/2019\/06\/18\/andrea-giraudo-la-clessidra-dopo-il-singolo-la-guarigione-arriva-il-secondo-brano-estatto-dallalbum-stare-bene\/","title":{"rendered":"ANDREA GIRAUDO \u201cLA CLESSIDRA\u201d dopo il singolo \u201cLa guarigione\u201d arriva il secondo brano estatto dall\u2019album \u201cStare bene\u201d"},"content":{"rendered":"<p><img loading=\"lazy\" decoding=\"async\" class=\"aligncenter  wp-image-298492\" src=\"https:\/\/www.joyfreepress.com\/wp-content\/uploads\/2019\/04\/WhatsApp-Image-2019-03-22-at-16.28.43.jpeg\" alt=\"\" width=\"345\" height=\"345\" \/><\/p>\n<p><i><span style=\"font-weight: 400\">Il disco &#8211; uscito a gennaio 2019 &#8211; che esprime una personale ricerca di armonia, di semplicit\u00e0 e di condivisione, si arricchisce di un nuovo tassello musicale.<\/span><\/i><\/p>\n<p><b>\u201cLa clessidra\u201d<\/b><span style=\"font-weight: 400\"> \u00e8 un riuscitissimo &#8220;esperimento&#8221; tra un testo molto riflessivo e una musica estremamente allegra. <\/span><b>Canzone quasi Brechtiana.<\/b><\/p>\n<p><span style=\"font-weight: 400\">\u201c<\/span><b>Stare bene<\/b><span style=\"font-weight: 400\">\u201d \u00e8 un album che si affaccia al 2019 invitando gli ascoltatori a lasciarsi andare al suono della musica. La musica, metafora del benessere, viene evocata da Andrea Giraudo come espressione del connubio fra la semplicit\u00e0 delle sette note e la piacevole complessit\u00e0 dell\u2019espressione artistica. Un invito a partecipare all\u2019armonia della musica e delle parole promuovendo un recupero di quelle espressioni semplici che producono serenit\u00e0<\/span><b>. \u201cStare\u201d<\/b><span style=\"font-weight: 400\"> \u00e8 un verbo della prima coniugazione. Semplice, basilare, foriero di mille costruzioni. L\u2019aggiunta di <\/span><b>\u201cbene\u201d<\/b><span style=\"font-weight: 400\"> fornisce una colorazione immediata per chi canta, per chi ascolta e per chi vuole stare ancora meglio cantando con l\u2019artista. Andrea Giraudo ci mette del suo. L\u2019intento \u00e8 quello di <\/span><b>\u201cstar bene\u201d<\/b><span style=\"font-weight: 400\"> nonostante le difficolt\u00e0, i problemi le piccole e le grandi miserie quotidiane.<\/span><\/p>\n<p><i><span style=\"font-weight: 400\">\u00abLa musica non fa guarire. \u00c8 la musica che mette a disposizione gli strumenti per guarire<\/span><\/i><span style=\"font-weight: 400\">\u00bb <\/span><b>Andrea Giraudo.<\/b><\/p>\n<p>&nbsp;<\/p>\n<p><iframe loading=\"lazy\" title=\"Andrea Giraudo - La clessidra\" width=\"500\" height=\"281\" src=\"https:\/\/www.youtube.com\/embed\/jcH0EJsYfNQ?feature=oembed\" frameborder=\"0\" allow=\"accelerometer; autoplay; clipboard-write; encrypted-media; gyroscope; picture-in-picture; web-share\" referrerpolicy=\"strict-origin-when-cross-origin\" allowfullscreen><\/iframe><\/p>\n<p>&nbsp;<\/p>\n<p><b>DICONO DI \u201cSTARE BENE\u201d<\/b><\/p>\n<p><i><span style=\"font-weight: 400\">\u201cStare bene \u00e8 un lavoro dotato di una scrittura arguta, confezionato in maniera semplice ma non per questo demod\u00e8, in cui questo simpatico cantautore si diverte ora a giogioneggiare, ora a indossare i panni dell\u2019elegante chansonnier\u201d. <\/span><\/i><b>Rumore \u00a0<\/b><\/p>\n<p>&nbsp;<\/p>\n<p><i><span style=\"font-weight: 400\">\u201cStare bene \u00e8 un disco di tante forme e stili diversi, \u00e8 la faccia sorridente di un artista che ci sa fare tanto comunque lontano dai clich\u00e8\u201d. <\/span><\/i><b>Raro Pi\u00f9<\/b><\/p>\n<p>&nbsp;<\/p>\n<p><i><span style=\"font-weight: 400\">\u201cMalinconica allegria\u201d. <\/span><\/i><b>Rockerilla<\/b><\/p>\n<p>&nbsp;<\/p>\n<p><i><span style=\"font-weight: 400\">\u201cAndrea Giraudo \u00e8 un artigiano della musica non omologato agli stilemi del mainstream, ma piuttosto delle radici ben piantate nella migliore canzone d\u2019autore italiana\u201d. <\/span><\/i><b>Blogfolk<\/b><\/p>\n<p>&nbsp;<\/p>\n<p><i><span style=\"font-weight: 400\">\u201cQuesto album \u00e8 una miscela di rock, pop, blues e tango argentino colorato da una voce potente, graffiante, sapientemente controllata che permette di spaziare tra i diversi generi senza difficolt\u00e0 alcuna\u201d.\u00a0<\/span><\/i><b>Music Mag<\/b><\/p>\n<p>&nbsp;<\/p>\n<p><b>Radio date: 22 marzo 2019<\/b><\/p>\n<p><b>Pubblicazione album: 18 gennaio 2019<\/b><\/p>\n<p><b>Etichetta: Rossodisera<\/b><\/p>\n<p>&nbsp;<\/p>\n<p><b>BIO<\/b><\/p>\n<p><span style=\"font-weight: 400\">Non omologato all&#8217;interno di un filone stantio o troppo nuovo. Proiettato dal pianoforte verso il pubblico. Confermato dal labiale e dal piedino di chi ascolta, restituisce sonorit\u00e0 con il calore di una voce roca che rimanda a suoni profondi. La musica e la parole di <\/span><b>Andrea Giraudo<\/b><span style=\"font-weight: 400\"> sanno catturare e avvolgere lo spettatore nella rete magica dell\u2019emozione.<\/span><\/p>\n<p><span style=\"font-weight: 400\">Negli anni di attivit\u00e0 i suoi spettacoli hanno alternato esecuzioni altisonanti come quella del 2007 al <\/span><b>palazzo reale di Aqaba in occasione del compleanno della principessa Bashma Hussein di Giordania<\/b><span style=\"font-weight: 400\"> a intime sonorit\u00e0 in locali di nicchia. Nato nel 1971 Andrea Giraudo ascolta la collezione musicale di famiglia, si appassiona al pianoforte, delizia gi\u00e0 a 10 anni i genitori con La Patetica di Beethoven. Dura poco il rigore di allievo. La sonorit\u00e0 \u00e8 nelle sue vene, nei profondi anfratti della sua mente e per questo abbandona gli studi musicali e lascia scorrere il suo talento.<\/span><\/p>\n<p><span style=\"font-weight: 400\">Il pianoforte diventa la partenza per una rete di sentieri che si diramano dal <\/span><b>tango argentino al pop melodico, al rock\u2018n\u2019roll e tocca il suo vertice pi\u00f9 elevato con l&#8217;amato Blues.<\/b><\/p>\n<p><span style=\"font-weight: 400\">Coofondatore nel 1995 dei &#8220;Madai&#8221;, formazione Rock-Blues che <\/span><b>vince l&#8217;Heineken Tour nel 1996.<\/b><\/p>\n<p><span style=\"font-weight: 400\">Il percorso musicale di Andrea Giraudo tende a esser pi\u00f9 produttivo che interpretativo. Questo non impedisce di partecipare a Festival e Kermesse come <\/span><b>&#8220;Pavese Festival, La Luna e i Fal\u00f2&#8221; <\/b><span style=\"font-weight: 400\">ad agosto 2016 a Santo Stefano Belbo. Dal mese di Ottobre 2016 collabora come ospite musicista al <\/span><b>Teatro &#8220;CAB 41&#8221; di Torino, diretto da Gianpiero Perone.<\/b><\/p>\n<p>&nbsp;<\/p>\n<p><b>Contatti e social<\/b><\/p>\n<p><b>INSTAGRAM: <\/b><a href=\"http:\/\/www.instagram.com\/andreagiragiraudo\/?hl=it\"><b>www.instagram.com\/andreagiragiraudo\/?hl=it<\/b><\/a><\/p>\n<p><b>FACEBOOK:<\/b> <a href=\"http:\/\/www.facebook.com\/staffandreagiraudo\/\"><b>www.facebook.com\/staffandreagiraudo\/<\/b><\/a><\/p>\n<p><b>YOUTUBE:<\/b> <a href=\"http:\/\/www.youtube.com\/channel\/UC-hzh372fqtUK2UfTfaG82A\/featured\"><b>www.youtube.com\/channel\/UC-hzh372fqtUK2UfTfaG82A\/featured<\/b><\/a><\/p>\n","protected":false},"excerpt":{"rendered":"<p>Il disco &#8211; uscito a gennaio 2019 &#8211; che esprime una personale ricerca di armonia, di semplicit\u00e0 e di condivisione, si arricchisce di un nuovo tassello musicale. \u201cLa clessidra\u201d \u00e8 un riuscitissimo &#8220;esperimento&#8221; tra un testo molto riflessivo e una musica estremamente allegra. Canzone quasi Brechtiana. \u201cStare bene\u201d \u00e8 un album che si affaccia al [&hellip;]<\/p>\n","protected":false},"author":4383,"featured_media":0,"comment_status":"open","ping_status":"open","sticky":false,"template":"","format":"standard","meta":{"footnotes":""},"categories":[12],"tags":[],"class_list":["post-41721","post","type-post","status-publish","format-standard","hentry","category-musica"],"_links":{"self":[{"href":"https:\/\/www.area-press.eu\/comunicatistampa\/wp-json\/wp\/v2\/posts\/41721","targetHints":{"allow":["GET"]}}],"collection":[{"href":"https:\/\/www.area-press.eu\/comunicatistampa\/wp-json\/wp\/v2\/posts"}],"about":[{"href":"https:\/\/www.area-press.eu\/comunicatistampa\/wp-json\/wp\/v2\/types\/post"}],"author":[{"embeddable":true,"href":"https:\/\/www.area-press.eu\/comunicatistampa\/wp-json\/wp\/v2\/users\/4383"}],"replies":[{"embeddable":true,"href":"https:\/\/www.area-press.eu\/comunicatistampa\/wp-json\/wp\/v2\/comments?post=41721"}],"version-history":[{"count":1,"href":"https:\/\/www.area-press.eu\/comunicatistampa\/wp-json\/wp\/v2\/posts\/41721\/revisions"}],"predecessor-version":[{"id":41723,"href":"https:\/\/www.area-press.eu\/comunicatistampa\/wp-json\/wp\/v2\/posts\/41721\/revisions\/41723"}],"wp:attachment":[{"href":"https:\/\/www.area-press.eu\/comunicatistampa\/wp-json\/wp\/v2\/media?parent=41721"}],"wp:term":[{"taxonomy":"category","embeddable":true,"href":"https:\/\/www.area-press.eu\/comunicatistampa\/wp-json\/wp\/v2\/categories?post=41721"},{"taxonomy":"post_tag","embeddable":true,"href":"https:\/\/www.area-press.eu\/comunicatistampa\/wp-json\/wp\/v2\/tags?post=41721"}],"curies":[{"name":"wp","href":"https:\/\/api.w.org\/{rel}","templated":true}]}}