{"id":417,"date":"2015-07-21T17:23:05","date_gmt":"2015-07-21T15:23:05","guid":{"rendered":"http:\/\/www.area-press.eu\/comunicatistampa\/?p=417"},"modified":"2015-07-21T17:23:05","modified_gmt":"2015-07-21T15:23:05","slug":"in-uscita-oggi-il-nuovo-libro-di-gaetano-zingales-da-edizioni-leucotea-dopo-la-leggenda-di-demenna-ecco-ora-non-ho-amato-mai-nessuna-come-te","status":"publish","type":"post","link":"https:\/\/www.area-press.eu\/comunicatistampa\/2015\/07\/21\/in-uscita-oggi-il-nuovo-libro-di-gaetano-zingales-da-edizioni-leucotea-dopo-la-leggenda-di-demenna-ecco-ora-non-ho-amato-mai-nessuna-come-te\/","title":{"rendered":"In uscita oggi il nuovo libro di Gaetano Zingales da Edizioni Leucotea. Dopo la \u201cLeggenda di Demenna\u201d ecco ora \u201cNon ho amato mai nessuna come te\u201d"},"content":{"rendered":"<p>Il romanzo sgorga dalla fantasia dell\u2019autore attraverso esperienze di vita arricchite dal racconto di vicende di persone consegnate alla sua memoria. Il testo descrive le stagioni della vita di un \u201cbastardo\u201d: il giornalista Carlo De Angeli. Una vita costellata dalla ricerca di un amore duraturo, dall\u2019aspirazione ad un normale m\u00e9nage, da un duro impegno professionale, dall\u2019approdo alla responsabilit\u00e0 nel sociale.<\/p>\n<p>E\u2019 un viaggio attraverso la solitudine di un uomo, un po\u2019 scrittore, un po\u2019 poeta, che combatte la propria condizione interiore rifugiandosi, di volta in volta, nel suo \u201cbuen retiro\u201d di montagna, laddove trova sfogo nel vergare pagine di inchiostro, \u201cimbrattate\u201d dal suo pensiero che s\u2019innalza dal quotidiano vivere per approdare spesso in voli pindarici.<\/p>\n<p>Nel suo rifugio montano vive la sua ultima storia d\u2019amore, la quale, facendolo ripiombare nella perenne solitudine, lo induce a scrivere la parola \u201cfine\u201d al suo tormentato peregrinare tra le vicende di un Destino avverso.<\/p>\n<p>&nbsp;<\/p>\n<p>&nbsp;<\/p>\n<p>Gaetano Zingales, siciliano di Longi, classe 1938, \u00e8 uno tra gli storici pi\u00f9 affermati del suo territorio. Gi\u00e0 Giornalista Pubblicista, iscritto all\u2019Ordine Regionale dei Giornalisti di Sicilia \u00e8 fondatore del Centro Studi \u201cCastrum Longum\u201d di Longi nonch\u00e9 autore di saggistica storica e narrativa. Tra le sue opere ricordiamo &#8220;Tra Krastos e Demenna&#8221; raccolta documentale \u00abche potr\u00e0 essere utilizzata come base indicativa per procedere a scavi archeologici nel triangolo territoriale tra Longi &#8211; Alcara Li Fusi e S. Marco d&#8217;Alunzio\u00bb<\/p>\n<p>&nbsp;<\/p>\n<p><a href=\"http:\/\/www.edizionileucotea.it\">www.edizionileucotea.it<\/a><\/p>\n","protected":false},"excerpt":{"rendered":"<p>Il romanzo sgorga dalla fantasia dell\u2019autore attraverso esperienze di vita arricchite dal racconto di vicende di persone consegnate alla sua memoria. Il testo descrive le stagioni della vita di un \u201cbastardo\u201d: il giornalista Carlo De Angeli. Una vita costellata dalla ricerca di un amore duraturo, dall\u2019aspirazione ad un normale m\u00e9nage, da un duro impegno professionale, [&hellip;]<\/p>\n","protected":false},"author":45,"featured_media":0,"comment_status":"open","ping_status":"open","sticky":false,"template":"","format":"standard","meta":{"footnotes":""},"categories":[18,29],"tags":[576,579,578,575,577],"class_list":["post-417","post","type-post","status-publish","format-standard","hentry","category-altri-vari","category-comunicati","tag-amore","tag-edizioni-leucotea","tag-palermo","tag-romanzo","tag-sicilia"],"_links":{"self":[{"href":"https:\/\/www.area-press.eu\/comunicatistampa\/wp-json\/wp\/v2\/posts\/417","targetHints":{"allow":["GET"]}}],"collection":[{"href":"https:\/\/www.area-press.eu\/comunicatistampa\/wp-json\/wp\/v2\/posts"}],"about":[{"href":"https:\/\/www.area-press.eu\/comunicatistampa\/wp-json\/wp\/v2\/types\/post"}],"author":[{"embeddable":true,"href":"https:\/\/www.area-press.eu\/comunicatistampa\/wp-json\/wp\/v2\/users\/45"}],"replies":[{"embeddable":true,"href":"https:\/\/www.area-press.eu\/comunicatistampa\/wp-json\/wp\/v2\/comments?post=417"}],"version-history":[{"count":1,"href":"https:\/\/www.area-press.eu\/comunicatistampa\/wp-json\/wp\/v2\/posts\/417\/revisions"}],"predecessor-version":[{"id":418,"href":"https:\/\/www.area-press.eu\/comunicatistampa\/wp-json\/wp\/v2\/posts\/417\/revisions\/418"}],"wp:attachment":[{"href":"https:\/\/www.area-press.eu\/comunicatistampa\/wp-json\/wp\/v2\/media?parent=417"}],"wp:term":[{"taxonomy":"category","embeddable":true,"href":"https:\/\/www.area-press.eu\/comunicatistampa\/wp-json\/wp\/v2\/categories?post=417"},{"taxonomy":"post_tag","embeddable":true,"href":"https:\/\/www.area-press.eu\/comunicatistampa\/wp-json\/wp\/v2\/tags?post=417"}],"curies":[{"name":"wp","href":"https:\/\/api.w.org\/{rel}","templated":true}]}}