{"id":41591,"date":"2019-06-13T23:43:00","date_gmt":"2019-06-13T21:43:00","guid":{"rendered":"https:\/\/www.area-press.eu\/comunicatistampa\/?p=41591"},"modified":"2020-08-09T23:36:32","modified_gmt":"2020-08-09T21:36:32","slug":"giuda-nicolosi-la-nave-di-rea-anticipando-il-nuovo-album-che-verra-pubblicato-ad-ottobre-2019-arriva-in-radio-il-singolo-cardine-del-cantautore-milanese","status":"publish","type":"post","link":"https:\/\/www.area-press.eu\/comunicatistampa\/2019\/06\/13\/giuda-nicolosi-la-nave-di-rea-anticipando-il-nuovo-album-che-verra-pubblicato-ad-ottobre-2019-arriva-in-radio-il-singolo-cardine-del-cantautore-milanese\/","title":{"rendered":"Giuda Nicolosi \u201cLa nave di Rea\u201d anticipando il nuovo album che verr\u00e0 pubblicato ad ottobre 2019 arriva in radio il singolo cardine del cantautore milanese"},"content":{"rendered":"<p><img loading=\"lazy\" decoding=\"async\" class=\"alignnone size-large\" src=\"https:\/\/www.earone.it\/newsimages\/giuda-nicoloisi-la-nave-di-rea.jpg___th_320_0.jpg\" width=\"320\" height=\"320\" \/><\/p>\n<p><i><span style=\"font-weight: 400\">La canzone pop-rock mette in musica una lucida riflessione sulle dinamiche generazionali che coinvolgono la societ\u00e0 contemporanea.<\/span><\/i><\/p>\n<p><i><span style=\"font-weight: 400\">\u00abSono i folli, i visionari, i ribelli ed i sognatori che riescono a cambiare il mondo e a migliorare il futuro. In un momento cos\u00ec delicato e cos\u00ec controverso per questo pianeta le parole di Steve Jobs ci acciecano come un fulmine a ciel sereno. La Nave dell\u2019umanit\u00e0 naviga in cattive acque e non sappiamo ancora se verremo inghiottiti dalla tempesta che noi stessi abbiamo causato oppure ce la faremo a raggiungere il sereno\u2026 non ci resta che navigare con coraggio ed un pizzico di follia verso le nostre illusioni\u2026\u00bb <\/span><\/i><b>Giuda Nicolosi<\/b><\/p>\n<p><b>\u201cLa nave di Rea\u201d \u00e8 una favola che parla di due pionieri<\/b><span style=\"font-weight: 400\">, due folli navigatori che sfidano la tempesta per inseguire i loro sogni. Simbolo di una generazione che a dispetto di ci\u00f2 che sembra trasparire dai media non si \u00e8 ancora arresa, una generazione che si \u00e8 colpevolmente adagiata nella bambagia di un benessere e che troppo tardi si \u00e8 accorta essere solo transitorio e instabile. Da qui nasce la metafora dei grandi navigatori, dei grandi esploratori coraggiosi e pionieri cos\u00ec come lo sono <\/span><b>Roberta e Andrea: <\/b><span style=\"font-weight: 400\">due ragazzi come tanti altri che con coraggio<\/span><b> partono alla conquista dei loro sogni.<\/b><\/p>\n<p><i><span style=\"font-weight: 400\">\u00abA mio parere ci stiamo svegliando come un leone addormentato e per colpa o merito delle difficolt\u00e0 enormi ed impreviste che stanno nascendo ci troviamo costretti a sfidare il mondo. Prova ne \u00e8 una ragazzina svedese di 16 anni che si scaglia contro i poteri forti del monopolio dell\u2019energia globale. I sempre pi\u00f9 numerosi cosiddetti \u201cgruppi cospirazionisti\u201d che tuonano contro i sistemi corrotti della finanza e cos\u00ec a seguire una lunga lista di ribelli di intrepidi leader che si muovono in direzione ostinata e contraria. \u00a0Ci stiamo svegliando ed io personalmente sono convinto che non servano insurrezioni o rivolte popolari per portare un messaggio di speranza ma che <\/span><\/i><b><i>la musica basti da sola per fungere da rivoluzione gentile<\/i><\/b><i><span style=\"font-weight: 400\"> e che i sognatori possono cambiare il mondo perch\u00e9 alla fine la bellezza e solo la bellezza ci salver\u00e0 da questa tempesta di paura\u00bb<\/span><\/i><b> Giuda Nicolosi<\/b><\/p>\n<p><iframe loading=\"lazy\" title=\"Giulio Nicolosi- La nave di rea\" width=\"500\" height=\"281\" src=\"https:\/\/www.youtube.com\/embed\/g_WecODlqNk?feature=oembed\" frameborder=\"0\" allow=\"accelerometer; autoplay; clipboard-write; encrypted-media; gyroscope; picture-in-picture; web-share\" referrerpolicy=\"strict-origin-when-cross-origin\" allowfullscreen><\/iframe><\/p>\n<p><span style=\"font-weight: 400\">Il brano \u00e8 stato registrato, mixato e masterizzato tra Bra &#8211; in provincia di Cuneo &#8211; e Milano. Nella sapienti mani di Max Caso per la presa diretta e di Andrea Maccagno per la finalizzazione del missaggio e del mastering. Gli arrangiamenti e le parti sono state composte e suonate dalla band composta da:<\/span><\/p>\n<p>&nbsp;<\/p>\n<p><b>Andrea Maccagno &#8211; al basso <\/b><\/p>\n<p><b>Carlo Ceruti &#8211; alla batteria<\/b><\/p>\n<p><b>Alessandro Spoldi &#8211; al piano<\/b><\/p>\n<p><b>Max Caso &#8211; alle chitarre<\/b><\/p>\n<p><b>Luciano Iezzi \u2013 alle chitarre (\u201c<\/b><b><i>A quest\u2019ultimo che ci ha lasciato da pochi giorni \u00e8 dedicato l\u2019intero album che uscir\u00e0 ad ottobre 2019\u201d <\/i><\/b><i><span style=\"font-weight: 400\">\u2013 <\/span><\/i><span style=\"font-weight: 400\">racconta Giuda<\/span><b>)<\/b><\/p>\n<p>&nbsp;<\/p>\n<p><b>Credits<\/b><\/p>\n<p><span style=\"font-weight: 400\">Musiche di Luciano Iezzi, Carlo Ceruti, Andrea Maccagno e Giulio Nicolosi<\/span><\/p>\n<p><span style=\"font-weight: 400\">Testo di: Giulio Nicolosi<\/span><\/p>\n<p><span style=\"font-weight: 400\">Preproduzione: Massimo Caso del Cortile Studio<\/span><\/p>\n<p><span style=\"font-weight: 400\">Arrangiamento: Simone Ferrero e Andrea Maccagno<\/span><\/p>\n<p><span style=\"font-weight: 400\">Batteria elettronica: Carlo Ceruti<\/span><\/p>\n<p><span style=\"font-weight: 400\">Batteria acustica: Riccardo Bera<\/span><\/p>\n<p><span style=\"font-weight: 400\">Basso: Andrea Maccagno<\/span><\/p>\n<p><span style=\"font-weight: 400\">Chitarre: Luciano Iezzi e Massimo Caso<\/span><\/p>\n<p><span style=\"font-weight: 400\">Tastiere: Simone Ferrero<\/span><\/p>\n<p><span style=\"font-weight: 400\">Mix e Mastering: Roberto &#8220;Il Mac&#8221; Maccagno<\/span><\/p>\n<p>&nbsp;<\/p>\n<p><b>Radio date: 19 aprile 2019<\/b><\/p>\n<p><b>ETICHETTA: Musicrails<\/b><\/p>\n<p>&nbsp;<\/p>\n<p><b>BIO<\/b><\/p>\n<p><span style=\"font-weight: 400\">Nato a <\/span><b>Milano il 22 aprile 1986<\/b><span style=\"font-weight: 400\">, si appassiona alla musica e alla scrittura creativa fin da piccolissimo.Canta, scrive poesie ed \u00e8 autore di testi musicali. Suona il basso, la chitarra acustica e adopera molti software in ambito professionale. Dopo aver militato in alcune boyband milanesi e dopo una parentesi come dj; comincia, all&#8217;inizio del 2015, una carriera solista con il nome d&#8217;arte di <\/span><b>&#8220;Giuda Nicolosi\u201d.<\/b><\/p>\n<p><span style=\"font-weight: 400\">Fino ad oggi ha pubblicato <\/span><b>4 ep<\/b><span style=\"font-weight: 400\">: L\u2019istante prima di volare, Nuvola, Precipitare non esiste e I fiori di Giuda; con l\u2019omonimo titolo esce anche una raccolta di poesie che riscuote un discreto successo di pubblico. \u00c8 stato in tour per due anni di seguito nei <\/span><b>club di culto delle capitali italiane<\/b><span style=\"font-weight: 400\"> (Tunnel di Milano, Legend Club, Good Fellas di Napoli, Fonclea di Roma etc.) collezionando sold out e riscuotendo apprezzamento. Nel 2017 suona come ospite tra i big del F<\/span><b>estival Show di Mestre.<\/b><span style=\"font-weight: 400\"> \u00a0Nel 2018 si esibisce ad <\/span><b>Area Sanremo<\/b><span style=\"font-weight: 400\"> con conseguente intervista a diverse emittenti tra cui Radio Italia. Ad oggi \u00e8 al lavoro alla produzione live per il tour estivo che promuover\u00e0 alcune canzoni del <\/span><b>nuovo album in uscita ad Ottobre 2019.<\/b><\/p>\n<p>&nbsp;<\/p>\n<p><b>Contatti e social<\/b><\/p>\n<p><a href=\"https:\/\/www.instagram.com\/giudanicolosi\/?hl=it\"><b>INSTAGRAM:<\/b><\/a><\/p>\n<p><a href=\"http:\/\/www.instagram.com\/giudanicolosi\/?hl=it\"><b>www.instagram.com\/giudanicolosi\/?hl=it<\/b><\/a><\/p>\n<p><a href=\"https:\/\/www.facebook.com\/GiudaNicolosi\/\"><b>FACEBOOK:<\/b><\/a><\/p>\n<p><b>www.facebook.com\/GiudaNicolosi\/<\/b><\/p>\n<p><b>SPOTIFY<\/b><\/p>\n<p><b>https:\/\/open.spotify.com\/artist\/5vn6ExS5GKWbeZhxRLwn2i?si=biU5ukIcSzSZ7-fHgGdGQA<\/b><\/p>\n","protected":false},"excerpt":{"rendered":"<p>La canzone pop-rock mette in musica una lucida riflessione sulle dinamiche generazionali che coinvolgono la societ\u00e0 contemporanea. \u00abSono i folli, i visionari, i ribelli ed i sognatori che riescono a cambiare il mondo e a migliorare il futuro. In un momento cos\u00ec delicato e cos\u00ec controverso per questo pianeta le parole di Steve Jobs ci [&hellip;]<\/p>\n","protected":false},"author":4383,"featured_media":0,"comment_status":"open","ping_status":"open","sticky":false,"template":"","format":"standard","meta":{"footnotes":""},"categories":[12],"tags":[],"class_list":["post-41591","post","type-post","status-publish","format-standard","hentry","category-musica"],"_links":{"self":[{"href":"https:\/\/www.area-press.eu\/comunicatistampa\/wp-json\/wp\/v2\/posts\/41591","targetHints":{"allow":["GET"]}}],"collection":[{"href":"https:\/\/www.area-press.eu\/comunicatistampa\/wp-json\/wp\/v2\/posts"}],"about":[{"href":"https:\/\/www.area-press.eu\/comunicatistampa\/wp-json\/wp\/v2\/types\/post"}],"author":[{"embeddable":true,"href":"https:\/\/www.area-press.eu\/comunicatistampa\/wp-json\/wp\/v2\/users\/4383"}],"replies":[{"embeddable":true,"href":"https:\/\/www.area-press.eu\/comunicatistampa\/wp-json\/wp\/v2\/comments?post=41591"}],"version-history":[{"count":1,"href":"https:\/\/www.area-press.eu\/comunicatistampa\/wp-json\/wp\/v2\/posts\/41591\/revisions"}],"predecessor-version":[{"id":41602,"href":"https:\/\/www.area-press.eu\/comunicatistampa\/wp-json\/wp\/v2\/posts\/41591\/revisions\/41602"}],"wp:attachment":[{"href":"https:\/\/www.area-press.eu\/comunicatistampa\/wp-json\/wp\/v2\/media?parent=41591"}],"wp:term":[{"taxonomy":"category","embeddable":true,"href":"https:\/\/www.area-press.eu\/comunicatistampa\/wp-json\/wp\/v2\/categories?post=41591"},{"taxonomy":"post_tag","embeddable":true,"href":"https:\/\/www.area-press.eu\/comunicatistampa\/wp-json\/wp\/v2\/tags?post=41591"}],"curies":[{"name":"wp","href":"https:\/\/api.w.org\/{rel}","templated":true}]}}