{"id":41581,"date":"2019-06-13T23:42:59","date_gmt":"2019-06-13T21:42:59","guid":{"rendered":"https:\/\/www.area-press.eu\/comunicatistampa\/?p=41581"},"modified":"2019-06-13T23:42:59","modified_gmt":"2019-06-13T21:42:59","slug":"festa-della-musica-2019-allex-mattatoio-maratona-di-note-per-dare-il-benvenuto-allestate","status":"publish","type":"post","link":"https:\/\/www.area-press.eu\/comunicatistampa\/2019\/06\/13\/festa-della-musica-2019-allex-mattatoio-maratona-di-note-per-dare-il-benvenuto-allestate\/","title":{"rendered":"Festa della Musica 2019, all\u2019ex mattatoio \u201cmaratona\u201d di note per dare il benvenuto all\u2019estate"},"content":{"rendered":"<p><img decoding=\"async\" class=\"alignleft\" src=\"https:\/\/2.bp.blogspot.com\/-iVJKcfvJ2oo\/XP-Xm-yxXrI\/AAAAAAAARlA\/iH5v7WnvYN4FYYwFj4yTUg8OHAvLBBLGACK4BGAYYCw\/s320\/manifesto-2019gen1000-760120.jpg\" alt=\"\" \/>Modica (RG) &#8211; Musica, concerti, performance, teatro danza e arte. Tutto questo e molto altro offrir\u00e0 la Festa della Musica 2019, in programma il 21 giugno dalle ore 15,30 fino a mezzanotte negli spazi del laboratorio artistico polivalente &#8220;Matt&#8217;officina&#8221; (ex mattatoio comunale) in via Fontana 421, sede dell&#8217;Associazione Artisti Associati e in altri luoghi della citt\u00e0. La kermesse, organizzata da Artisti Associati con il patrocinio del Comune di Modica, si inserisce nel cartellone internazionale della XXV edizione della Festa della Musica, un evento targato AIPFM (Associazione italiana per la promozione della Festa della Musica), SIAE e MiBAC, che coinvolger\u00e0 quest&#8217;anno 490 citt\u00e0 e oltre 7 mila artisti solo in Italia.<br \/>\nL&#8217;idea-forza della manifestazione \u00e8 quella di dar vita a un&#8217;opera totale, dove Musica e Arti visive si fondono in una festa all&#8217;aria aperta all&#8217;insegna della creativit\u00e0. La direzione artistica \u00e8 affidata a Marco Grifola di Artisti Associati, che ha messo insieme alcune tra le migliori realt\u00e0 nel panorama artistico siciliano.<a name=\"more\"><\/a><br \/>\nAmplissima l&#8217;offerta musicale, con decine di artisti e band che spaziano dalla musica popolare siciliana (Enza Strazzulla &#8211; Duo Coppola) a performance di Flamenco (Serena Augello) alla musica celtica (Tir Na Nog) alla musica Etnica (Intro Percusion) alla musica d&#8217;improvvisazione (Pantomima), passando per il Rock declinato nelle sue influenze Wave e Alternative (The Shameless, Di Viola Minimale, Tapso II) da performance di manipolazioni vocali (Tribolo per i Ferrib\u00f2) per concludersi con improvvisazioni musicali,video e performace pittorica (Accidentale Trio). Le esibizioni musicali saranno intervallate da performance di teatro danza, a cura di Pamela Vindigni, Serena Augello e Arianna Occhipinti. Opere d&#8217;arte e istallazioni offriranno un nuovo scenario estetico agli spettatori.<\/p>\n<p>La Festa della Musica coincider\u00e0 con il solstizio d&#8217;estate, il giorno pi\u00f9 lungo dell&#8217;anno nonch\u00e9 l&#8217;inizio della calda stagione, un evento carico di significati simbolici e ancestrali sui riti di passaggio, le cui origini si perdono nella notte dei tempi.<\/p>\n<p>Tra gli altri motivi di interesse della manifestazione, vi \u00e8 anche l&#8217;inedito utilizzo di uno spazio urbano come l&#8217;ex mattatoio, recentemente riqualificato come &#8220;dimora creativa&#8221; e restituito alla collettivit\u00e0 per la fruizione di eventi artistici e culturali. Previsti anche tre concerti ed eventi collaterali nei locali del centro storico, con inizio alle ore 21: Raggae Music all&#8217;American Bar (Viale Quasimodo 8); Metal Militia al Piccolo Bar (Piazza Matteotti) e Dime Lie al Bar Sicilia (Corso Umberto). Tutti i concerti sono gratuiti.<\/p>\n<p><b>Info e contatti:<\/b>Artisti Associati<br \/>\ntel. 349 705 5355<br \/>\nmattartistiassociati@gmail.com<br \/>\n<a href=\"https:\/\/www.facebook.com\/Festadellamusicamodica\/\">https:\/\/www.facebook.com\/Festadellamusicamodica\/<\/a><\/p>\n","protected":false},"excerpt":{"rendered":"<p>Modica (RG) &#8211; Musica, concerti, performance, teatro danza e arte. Tutto questo e molto altro offrir\u00e0 la Festa della Musica 2019, in programma il 21 giugno dalle ore 15,30 fino a mezzanotte negli spazi del laboratorio artistico polivalente &#8220;Matt&#8217;officina&#8221; (ex mattatoio comunale) in via Fontana 421, sede dell&#8217;Associazione Artisti Associati e in altri luoghi della [&hellip;]<\/p>\n","protected":false},"author":127,"featured_media":0,"comment_status":"open","ping_status":"open","sticky":false,"template":"","format":"standard","meta":{"footnotes":""},"categories":[3,8,12],"tags":[25,6066,23663,23664,721],"class_list":["post-41581","post","type-post","status-publish","format-standard","hentry","category-arte-e-cultura","category-eventi","category-musica","tag-arte","tag-danza","tag-festa-della-musica","tag-mattofficina","tag-musica"],"_links":{"self":[{"href":"https:\/\/www.area-press.eu\/comunicatistampa\/wp-json\/wp\/v2\/posts\/41581","targetHints":{"allow":["GET"]}}],"collection":[{"href":"https:\/\/www.area-press.eu\/comunicatistampa\/wp-json\/wp\/v2\/posts"}],"about":[{"href":"https:\/\/www.area-press.eu\/comunicatistampa\/wp-json\/wp\/v2\/types\/post"}],"author":[{"embeddable":true,"href":"https:\/\/www.area-press.eu\/comunicatistampa\/wp-json\/wp\/v2\/users\/127"}],"replies":[{"embeddable":true,"href":"https:\/\/www.area-press.eu\/comunicatistampa\/wp-json\/wp\/v2\/comments?post=41581"}],"version-history":[{"count":1,"href":"https:\/\/www.area-press.eu\/comunicatistampa\/wp-json\/wp\/v2\/posts\/41581\/revisions"}],"predecessor-version":[{"id":41582,"href":"https:\/\/www.area-press.eu\/comunicatistampa\/wp-json\/wp\/v2\/posts\/41581\/revisions\/41582"}],"wp:attachment":[{"href":"https:\/\/www.area-press.eu\/comunicatistampa\/wp-json\/wp\/v2\/media?parent=41581"}],"wp:term":[{"taxonomy":"category","embeddable":true,"href":"https:\/\/www.area-press.eu\/comunicatistampa\/wp-json\/wp\/v2\/categories?post=41581"},{"taxonomy":"post_tag","embeddable":true,"href":"https:\/\/www.area-press.eu\/comunicatistampa\/wp-json\/wp\/v2\/tags?post=41581"}],"curies":[{"name":"wp","href":"https:\/\/api.w.org\/{rel}","templated":true}]}}