{"id":41489,"date":"2019-06-09T19:50:59","date_gmt":"2019-06-09T17:50:59","guid":{"rendered":"https:\/\/www.area-press.eu\/comunicatistampa\/?p=41489"},"modified":"2020-08-09T23:36:33","modified_gmt":"2020-08-09T21:36:33","slug":"etta-con-il-vento-in-faccia-dal-26-aprile-in-radio-il-secondo-singolo-estratto-dallalbum-div%c7%9dr%c6%a8o","status":"publish","type":"post","link":"https:\/\/www.area-press.eu\/comunicatistampa\/2019\/06\/09\/etta-con-il-vento-in-faccia-dal-26-aprile-in-radio-il-secondo-singolo-estratto-dallalbum-div%c7%9dr%c6%a8o\/","title":{"rendered":"ETTA \u201cCON IL VENTO IN FACCIA\u201d DAL 26 APRILE IN RADIO IL SECONDO SINGOLO ESTRATTO DALL\u2019ALBUM \u201cDIV\u018eR\u01a7O\u201d"},"content":{"rendered":"<p><img loading=\"lazy\" decoding=\"async\" class=\"alignnone size-large\" src=\"https:\/\/www.earone.it\/newsimages\/etta_con_il_vento_in_faccia.jpg___th_320_0.jpg\" width=\"320\" height=\"320\" \/><\/p>\n<p><i><span style=\"font-weight: 400\">La leggerezza dell\u2019aria che si posa sul viso diventa musica dal sound esotico nel nuovo brano della giovanissima promettente cantante electro-pop.<\/span><\/i><\/p>\n<p><span style=\"font-weight: 400\">L\u2019idea di questa canzone nasce in una calda giornata primaverile durante un viaggio in macchina, con il finestrino abbassato e il vento che le scompiglia i capelli. <\/span><b>\u00c8 un inno all\u2019amore<\/b><span style=\"font-weight: 400\">, quello vero, quello da vivere senza freni e senza rimpianti, premendo sull\u2019acceleratore. <\/span><\/p>\n<p><i><span style=\"font-weight: 400\">\u00abUn amore ha sempre le sue difficolt\u00e0, ma guardando dal verso giusto e senza darsi troppe spiegazioni, pu\u00f2 trasformarsi in qualcosa di veramente speciale. Le insicurezze diventano sicurezze solo con uno sguardo, quello giusto. Non \u00e8 semplice costruire un rapporto senza paure e asperit\u00e0, ogni giorno possono esserci sfide e cambiamenti, ma tenersi per mano, affrontando tutto insieme, canceller\u00e0 ogni negativit\u00e0\u00bb. <\/span><\/i><b>ETTA<\/b><\/p>\n<p><b>CON IL VENTO IN FACCIA<\/b><span style=\"font-weight: 400\"> \u00e8 spensieratezza, voglia di viversi e felicit\u00e0 di condividere le piccole gioie della vita.<\/span><\/p>\n<p><span style=\"font-weight: 400\">Il <\/span><b>sound essenziale e fresco<\/b><span style=\"font-weight: 400\"> caratterizzato da <\/span><b>chitarre elettriche, basso e batteria<\/b><span style=\"font-weight: 400\"> che si rincorrono senza tregua, lascia senza fiato chi l\u2019ascolta. La <\/span><b>matrice \u201cElectro Pop<\/b><span style=\"font-weight: 400\">\u201d si fonde con strumenti come <\/span><b>marimba, ukulele ed hammond<\/b><span style=\"font-weight: 400\">, donando all&#8217;intero brano un <\/span><b>atmosfera esotica.<\/b><\/p>\n<p><span style=\"font-weight: 400\">Il singolo \u00e8 il secondo estratto dal progetto discografico intitolato <\/span><b>DIV<\/b><b>?<\/b><b>R<\/b><b>?<\/b><b>O.<\/b><span style=\"font-weight: 400\"> Ma non si tratta solo di un disco quanto invece di un modo di essere, qualcosa da custodire, da apprezzare, che non pu\u00f2 essere giusto o sbagliato. DIV<\/span><span style=\"font-weight: 400\">?<\/span><span style=\"font-weight: 400\">R<\/span><span style=\"font-weight: 400\">?<\/span><span style=\"font-weight: 400\">O cambia il modo di vedere le cose, rende tutto straordinario pur rimanendo cos\u00ec ordinario. L&#8217;intero album \u00e8 stato prodotto, registrato e missato da <\/span><b>Enzo Russo<\/b><span style=\"font-weight: 400\"> presso il <\/span><b>B music studio di Napoli.<\/b><\/p>\n<p>&nbsp;<\/p>\n<p><a href=\"https:\/\/youtu.be\/I44vC-NMQHY\">https:\/\/youtu.be\/I44vC-NMQHY<\/a><\/p>\n<p>&nbsp;<\/p>\n<p><b>Etichetta: B MUSIC RECORDS<\/b><\/p>\n<p><b>Radio date: 26 aprile 2019<\/b><\/p>\n<p><b>Pubblicazione album: 18 gennaio 2019<\/b><\/p>\n<p>&nbsp;<\/p>\n<p><b>BIO<\/b><\/p>\n<p>&nbsp;<\/p>\n<p><b>Etta<\/b><span style=\"font-weight: 400\"> canta da quando aveva 4 anni e nasce artisticamente nel 2015. Da qui inizia a collaborare con diverse band spaziando dal Jazz al R\u2019n\u2019B. Nel 2017 firma un contratto discografico con la B Music Records, che segna la sua svolta pop. A Gennaio 2019 esce il primo singolo \u2018Il mio supereroe\u2019 seguito dall\u2019intero album DIV<\/span><span style=\"font-weight: 400\">?<\/span><span style=\"font-weight: 400\">R<\/span><span style=\"font-weight: 400\">?<\/span><span style=\"font-weight: 400\">O. Il 26 aprile \u00e8 il turno del secondo singolo \u201cCon il vento in faccia\u201d.<\/span><\/p>\n<p>&nbsp;<\/p>\n<p><b>Contatti e social<\/b><\/p>\n<p><b>SITO <\/b><a href=\"http:\/\/www.ettadimarco.it\"><b>www.ettadimarco.it<\/b><\/a><\/p>\n<p><b>FACEBOOK<\/b> <a href=\"http:\/\/www.facebook.com\/EttaDiMarcoOfficial\/\"><b>www.facebook.com\/EttaDiMarcoOfficial\/<\/b><\/a><\/p>\n<p><b>YOUTUBE <\/b><a href=\"http:\/\/www.youtube.com\/c\/EttaDiMarcoOfficial\"><b>www.youtube.com\/c\/EttaDiMarcoOfficial<\/b><\/a><\/p>\n<p><b>INSTAGRAM <\/b><b>www.instagram.com\/ettadimarcoofficial<\/b><\/p>\n","protected":false},"excerpt":{"rendered":"<p>La leggerezza dell\u2019aria che si posa sul viso diventa musica dal sound esotico nel nuovo brano della giovanissima promettente cantante electro-pop. L\u2019idea di questa canzone nasce in una calda giornata primaverile durante un viaggio in macchina, con il finestrino abbassato e il vento che le scompiglia i capelli. \u00c8 un inno all\u2019amore, quello vero, quello [&hellip;]<\/p>\n","protected":false},"author":4383,"featured_media":0,"comment_status":"open","ping_status":"open","sticky":false,"template":"","format":"standard","meta":{"footnotes":""},"categories":[12],"tags":[],"class_list":["post-41489","post","type-post","status-publish","format-standard","hentry","category-musica"],"_links":{"self":[{"href":"https:\/\/www.area-press.eu\/comunicatistampa\/wp-json\/wp\/v2\/posts\/41489","targetHints":{"allow":["GET"]}}],"collection":[{"href":"https:\/\/www.area-press.eu\/comunicatistampa\/wp-json\/wp\/v2\/posts"}],"about":[{"href":"https:\/\/www.area-press.eu\/comunicatistampa\/wp-json\/wp\/v2\/types\/post"}],"author":[{"embeddable":true,"href":"https:\/\/www.area-press.eu\/comunicatistampa\/wp-json\/wp\/v2\/users\/4383"}],"replies":[{"embeddable":true,"href":"https:\/\/www.area-press.eu\/comunicatistampa\/wp-json\/wp\/v2\/comments?post=41489"}],"version-history":[{"count":1,"href":"https:\/\/www.area-press.eu\/comunicatistampa\/wp-json\/wp\/v2\/posts\/41489\/revisions"}],"predecessor-version":[{"id":41493,"href":"https:\/\/www.area-press.eu\/comunicatistampa\/wp-json\/wp\/v2\/posts\/41489\/revisions\/41493"}],"wp:attachment":[{"href":"https:\/\/www.area-press.eu\/comunicatistampa\/wp-json\/wp\/v2\/media?parent=41489"}],"wp:term":[{"taxonomy":"category","embeddable":true,"href":"https:\/\/www.area-press.eu\/comunicatistampa\/wp-json\/wp\/v2\/categories?post=41489"},{"taxonomy":"post_tag","embeddable":true,"href":"https:\/\/www.area-press.eu\/comunicatistampa\/wp-json\/wp\/v2\/tags?post=41489"}],"curies":[{"name":"wp","href":"https:\/\/api.w.org\/{rel}","templated":true}]}}