{"id":41134,"date":"2019-05-30T18:43:21","date_gmt":"2019-05-30T16:43:21","guid":{"rendered":"https:\/\/www.area-press.eu\/comunicatistampa\/?p=41134"},"modified":"2019-05-30T18:43:21","modified_gmt":"2019-05-30T16:43:21","slug":"pausa-pranzo-panino-o-pasto-completo-al-ristorante-o-con-catering","status":"publish","type":"post","link":"https:\/\/www.area-press.eu\/comunicatistampa\/2019\/05\/30\/pausa-pranzo-panino-o-pasto-completo-al-ristorante-o-con-catering\/","title":{"rendered":"Pausa Pranzo, Panino o Pasto Completo al Ristorante o con Catering"},"content":{"rendered":"<p>La pausa pranzo di mezzogiorno nel nostro paese non \u00e8 solo un modo per spezzare la giornata lavorativa ma anche un momento per prendere il giusto ristoro alimentare che permetta di nutrirsi in modo adeguato per sostenere le attivit\u00e0 del resto della giornata.<br \/>\nAlcune persone preferiscono ridurre l minimo il pasto della pausa pranzo limitandosi a mangiare un panino in modo da poter rientrare velocemente al lavoro per poi finire prima la giornata di lavoro.<br \/>\nAltri utilizzano la pausa pranzo per fare un pasto completo che li permetta di arrivare a fine giornata con un adeguato sostentamento anche se la giornata lavorativa si allungasse oltre il normale orario di lavoro.<br \/>\nPer un semplice panino \u00e8 sufficiente trovare un bar o una semplice gastronomia o nel caso non si abbia possibilit\u00e0 di lasciare il luogo di lavoro portarselo da casa.<br \/>\nPer un pasto completo dovremo recarsi presso un ristorante o una tavola calda oppure commissionare ad un servizio di <a title=\"catering firenze\" href=\"https:\/\/www.cateringmichelifirenze.it\">catering Firenze<\/a> o del luogo in cui ci troviamo per farsi consegnare un pasto completo secondo un menu che potremo scegliere tra quelli messi a disposizione dell&#8217;azienda.<br \/>\nIn questo caso avremo la possibilit\u00e0 di fare un pasto completo durante la pausa pranzo anche se abbiamo poco tempo a disposizione per spostarsi o ci troviamo in un luogo lontano da ristoranti e tavole calde.<br \/>\nPer quanto riguarda la qualit\u00e0 e la variet\u00e0 che \u00e8 possibile scegliere se si commissiona un servizio di catering attualmente esistono aziende che ci permettono di scegliere tra molte portate e con la stessa qualit\u00e0 di un ristorante.<br \/>\nAnche da un punto di vista dei prezzi ci sono molti servizi di catering professionale che propongono prezzi speciali per la pausa pranzo di mezzogiorno offrendo una pasto completo di qualit\u00e0 e ben cucinato.<br \/>\nIl pasto verr\u00e0 consegnato dall\u2019azienda di catering in perfetto orario in modo da poter essere consumato caldo grazie anche ad appositi contenitori che permettono la conservazione dei cibi in modo ottimale.<br \/>\nNel caso si commissioni un servizio quotidiano che preveda un buon numero di persone potremo anche ottenere condizioni di prezzo e trattamento agevolate.<\/p>\n","protected":false},"excerpt":{"rendered":"<p>La pausa pranzo di mezzogiorno nel nostro paese non \u00e8 solo un modo per spezzare la giornata lavorativa ma anche un momento per prendere il giusto ristoro alimentare che permetta di nutrirsi in modo adeguato per sostenere le attivit\u00e0 del resto della giornata. Alcune persone preferiscono ridurre l minimo il pasto della pausa pranzo limitandosi [&hellip;]<\/p>\n","protected":false},"author":5271,"featured_media":0,"comment_status":"open","ping_status":"open","sticky":false,"template":"","format":"standard","meta":{"footnotes":""},"categories":[19187,9,11],"tags":[907,23423,23422,23421,12818,3291],"class_list":["post-41134","post","type-post","status-publish","format-standard","hentry","category-dieta-e-alimentazione","category-gastronomia","category-lavoro","tag-catering","tag-panino","tag-pasto","tag-pausa-pranzo","tag-pranzo","tag-ristorante"],"_links":{"self":[{"href":"https:\/\/www.area-press.eu\/comunicatistampa\/wp-json\/wp\/v2\/posts\/41134","targetHints":{"allow":["GET"]}}],"collection":[{"href":"https:\/\/www.area-press.eu\/comunicatistampa\/wp-json\/wp\/v2\/posts"}],"about":[{"href":"https:\/\/www.area-press.eu\/comunicatistampa\/wp-json\/wp\/v2\/types\/post"}],"author":[{"embeddable":true,"href":"https:\/\/www.area-press.eu\/comunicatistampa\/wp-json\/wp\/v2\/users\/5271"}],"replies":[{"embeddable":true,"href":"https:\/\/www.area-press.eu\/comunicatistampa\/wp-json\/wp\/v2\/comments?post=41134"}],"version-history":[{"count":1,"href":"https:\/\/www.area-press.eu\/comunicatistampa\/wp-json\/wp\/v2\/posts\/41134\/revisions"}],"predecessor-version":[{"id":41135,"href":"https:\/\/www.area-press.eu\/comunicatistampa\/wp-json\/wp\/v2\/posts\/41134\/revisions\/41135"}],"wp:attachment":[{"href":"https:\/\/www.area-press.eu\/comunicatistampa\/wp-json\/wp\/v2\/media?parent=41134"}],"wp:term":[{"taxonomy":"category","embeddable":true,"href":"https:\/\/www.area-press.eu\/comunicatistampa\/wp-json\/wp\/v2\/categories?post=41134"},{"taxonomy":"post_tag","embeddable":true,"href":"https:\/\/www.area-press.eu\/comunicatistampa\/wp-json\/wp\/v2\/tags?post=41134"}],"curies":[{"name":"wp","href":"https:\/\/api.w.org\/{rel}","templated":true}]}}