{"id":41119,"date":"2019-05-23T03:07:07","date_gmt":"2019-05-23T01:07:07","guid":{"rendered":"https:\/\/www.area-press.eu\/comunicatistampa\/?p=41119"},"modified":"2019-05-23T03:07:07","modified_gmt":"2019-05-23T01:07:07","slug":"gruppo-green-power-il-progetto-casa-efficiente","status":"publish","type":"post","link":"https:\/\/www.area-press.eu\/comunicatistampa\/2019\/05\/23\/gruppo-green-power-il-progetto-casa-efficiente\/","title":{"rendered":"Gruppo Green Power: il Progetto Casa Efficiente"},"content":{"rendered":"<p><em><strong><a href=\"http:\/\/www.webbrand.it\/Gruppo-Green-Power-S.p.A\/\" title=\"Gruppo Green Power, webbrand\">Gruppo Green Power<\/a>: &quot;Siamo una societ\u00e0 che crede nell&#8217;energia pulita, impegnata a diffondere soluzioni orientate al risparmio energetico per accrescere il benessere dei nostri figli&quot;. Il Gruppo con sede a Mirano si impegna per generare maggiore consapevolezza sui vantaggi derivanti dall&#8217;efficientamento energetico.<\/strong><\/em><\/p>\n<p><a href=\"http:\/\/www.webbrand.it\/Gruppo-Green-Power-S.p.A\/\" title=\"Gruppo Green Power - webbrand\"><img loading=\"lazy\" decoding=\"async\" alt=\"Gruppo Green Power\" height=\"71\" src=\"http:\/\/www.webbrand.it\/images\/comprofiler\/0_5c25faadeca5a.png\" width=\"165\" \/><\/a><\/p>\n<h2>Gruppo Green Power: beneficio economico e salvaguardia dell&#8217;ambiente<\/h2>\n<p><strong>Gruppo Green Power<\/strong> ha rafforzato il suo potere di mercato con 17 milioni di euro fatturati nel 2018 e azioni quotate a oltre 2,10 euro l&#8217;una nel mese di marzo 2019, come hanno confermato anche diversi forum web. I risultati del Gruppo di Mirano, guidato da Christian e <strong>David Barzazi<\/strong>, sono il frutto di una professionalit\u00e0 consolidata, fortemente improntata a sostenere le famiglie nelle pratiche legate all&#8217;efficientamento energetico. <em>&quot;Siamo una societ\u00e0 che crede nell&#8217;energia pulita, impegnata a diffondere soluzioni orientate al risparmio energetico per accrescere il benessere dei nostri figli&quot;<\/em>. Il Progetto Casa Efficiente unisce la lotta alle emissioni a notevoli vantaggi di natura economica. <strong>Gruppo Green Power<\/strong> crede nell&#8217;importanza di aumentare la consapevolezza sull&#8217;impatto delle nostre abitudini quotidiane sull&#8217;ambiente in cui viviamo, in modo da conciliare benessere personale e tutela del pianeta. La societ\u00e0 con sede a Mirano \u00e8 diventata in pochi anni la pi\u00f9 importante azienda a livello nazionale nel settore delle energie rinnovabili e dell&#8217;efficientamento energetico per il mercato domestico. <em>&quot;La nostra convinzione&quot;<\/em>, si legge sul sito, <em>&quot;\u00e8 che ognuno di noi pu\u00f2 ridurre una percentuale di emissioni nocive e di CO2, ognuno di noi pu\u00f2 dare il proprio contributo per la salute del pianeta in cui viviamo&quot;<\/em>.<\/p>\n<h2>Gruppo Green Power: l&#8217;evoluzione societaria<\/h2>\n<p>La sede di <strong><a href=\"http:\/\/www.webbrand.it\/Gruppo-Green-Power-S.p.A\/\" title=\"Gruppo Green Power, webbrand profile\">Gruppo Green Power<\/a><\/strong> si trova a Mirano, in provincia di Venezia. La societ\u00e0 si occupa della commercializzazione di servizi attinenti le energie rinnovabili e l&#8217;efficientamento energetico per il mercato domestico nazionale. Leader nel settore dei servizi di acquisto, assistenza post vendita e messa in posa di prodotti innovativi utili per la salvaguardia ambientale, il Gruppo nasce nel 2010 come Srl per poi diventare Societ\u00e0 per Azioni nel 2012. Nel 2010 si specializza nel commercio di solare fotovoltaico per uso domestico, di sistemi ibridi di riscaldamento, accumulatori di energia, illuminazione a led, domotica, caldaie a condensazione; l&#8217;anno successivo i fratelli Christian e <strong>David Barzazi<\/strong> ottengono la maggioranza nel Consiglio di Amministrazione. <strong>Gruppo Green Power<\/strong> nel 2014 viene quotata in Borsa nell&#8217;indice FTSE AIM Italia. Nel 2017 nasce Soluzioni Green Srl, per la fornitura di servizi quali check-up e piano di efficientamento energetico, nonch\u00e9 messa in opera dell&#8217;impianto sostenibile con annesse pratiche amministrative. Durante il mese di marzo 2019, il Gruppo ha ottenuto una risalita delle azioni oltre i 2,10 euro, come riportato anche da diversi forum online di esperti di Borsa. <\/p>\n","protected":false},"excerpt":{"rendered":"<p>Gruppo Green Power: &quot;Siamo una societ\u00e0 che crede nell&#8217;energia pulita, impegnata a diffondere soluzioni orientate al risparmio energetico per accrescere il benessere dei nostri figli&quot;. Il Gruppo con sede a Mirano si impegna per generare maggiore consapevolezza sui vantaggi derivanti dall&#8217;efficientamento energetico. Gruppo Green Power: beneficio economico e salvaguardia dell&#8217;ambiente Gruppo Green Power ha rafforzato [&hellip;]<\/p>\n","protected":false},"author":40,"featured_media":0,"comment_status":"open","ping_status":"open","sticky":false,"template":"","format":"standard","meta":{"footnotes":""},"categories":[5],"tags":[22480],"class_list":["post-41119","post","type-post","status-publish","format-standard","hentry","category-aziendali","tag-gruppo-green-power"],"_links":{"self":[{"href":"https:\/\/www.area-press.eu\/comunicatistampa\/wp-json\/wp\/v2\/posts\/41119","targetHints":{"allow":["GET"]}}],"collection":[{"href":"https:\/\/www.area-press.eu\/comunicatistampa\/wp-json\/wp\/v2\/posts"}],"about":[{"href":"https:\/\/www.area-press.eu\/comunicatistampa\/wp-json\/wp\/v2\/types\/post"}],"author":[{"embeddable":true,"href":"https:\/\/www.area-press.eu\/comunicatistampa\/wp-json\/wp\/v2\/users\/40"}],"replies":[{"embeddable":true,"href":"https:\/\/www.area-press.eu\/comunicatistampa\/wp-json\/wp\/v2\/comments?post=41119"}],"version-history":[{"count":2,"href":"https:\/\/www.area-press.eu\/comunicatistampa\/wp-json\/wp\/v2\/posts\/41119\/revisions"}],"predecessor-version":[{"id":41121,"href":"https:\/\/www.area-press.eu\/comunicatistampa\/wp-json\/wp\/v2\/posts\/41119\/revisions\/41121"}],"wp:attachment":[{"href":"https:\/\/www.area-press.eu\/comunicatistampa\/wp-json\/wp\/v2\/media?parent=41119"}],"wp:term":[{"taxonomy":"category","embeddable":true,"href":"https:\/\/www.area-press.eu\/comunicatistampa\/wp-json\/wp\/v2\/categories?post=41119"},{"taxonomy":"post_tag","embeddable":true,"href":"https:\/\/www.area-press.eu\/comunicatistampa\/wp-json\/wp\/v2\/tags?post=41119"}],"curies":[{"name":"wp","href":"https:\/\/api.w.org\/{rel}","templated":true}]}}