{"id":40947,"date":"2019-05-16T21:31:07","date_gmt":"2019-05-16T19:31:07","guid":{"rendered":"https:\/\/www.area-press.eu\/comunicatistampa\/?p=40947"},"modified":"2019-05-16T21:31:07","modified_gmt":"2019-05-16T19:31:07","slug":"due-anni-dagli-attacchi-di-wannacry-cosa-e-cambiato-nellattenzione-alla-sicurezza-informatica-del-settore-sanitario","status":"publish","type":"post","link":"https:\/\/www.area-press.eu\/comunicatistampa\/2019\/05\/16\/due-anni-dagli-attacchi-di-wannacry-cosa-e-cambiato-nellattenzione-alla-sicurezza-informatica-del-settore-sanitario\/","title":{"rendered":"Due anni dagli attacchi di WannaCry: cosa \u00e8 cambiato nell\u2019attenzione alla sicurezza informatica del settore sanitario?"},"content":{"rendered":"<p>Due anni fa, esattamente il 12 maggio del 2017, il temibile ransomware WannaCry attaccava I sistemi IT di 150 paesi nel mondo, colpendo circa 200.000 computer afferenti a diversi settori, da quello delle telecomunicazioni spagnolo ai siti di e-commerce e a quelli delle scuole, cifrando file e chiedendo un riscatto per la decodifica, causando una devastazione senza precedenti.\u00a0 In questa stessa occasione, anche il National Health Service [NHS] del Regno Unito si \u00e8 arrestato, mettendo a repentaglio la vita di numerosi pazienti.<br \/>\nA 24 mesi dall&#8217;attacco WannaCry, la digitalizzazione del sistema sanitario ha continuato a diffondersi in Europa, nelle Americhe e nell&#8217;area dell\u2019Asia-Pacifico: dalla diagnostica di medicina generale fornita gratuitamente tramite videochiamata in alcune parti del Regno Unito, all&#8217;analisi delle scansioni oncologiche negli Stati Uniti attraverso l\u2019uso dell\u2019Intelligenza Artificiale, fino alla stampa 3D di parti del corpo tramite scansioni digitali in Austria e Germania.<br \/>\nQuesti progressi hanno reso pi\u00f9 agevole l&#8217;accesso all&#8217;assistenza sanitaria e stanno migliorando il percorso di cura dei pazienti ma, come con ogni sistema informatico, sono a rischio di attacchi. Considerato che sul mercato nero le cartelle cliniche valgono molto pi\u00f9 di un numero di carta di credito, la situazione \u00e8 seria; ancor pi\u00f9 perch\u00e9 i dati dimostrano che i cybercriminali si stanno focalizzando sulle identit\u00e0 mediche per il proprio guadagno personale ed \u00e8 quindi pi\u00f9 che mai importante prendere tutti i provvedimenti necessari per proteggere le apparecchiature sanitarie e i sistemi informatici in cui operano.<br \/>\nGuardando indietro all&#8217;epidemia di WannaCry, ESET \u00e8 estremamente soddisfatta del funzionamento dei propri sistemi e software: la crisi \u00e8 stata il risultato dello sfruttamento di una vulnerabilit\u00e0 denominata EternalBlue, presente su sistemi privi di patch e la tecnologia di ESET, a differenza di altri fornitori di sicurezza, \u00e8 stata in grado di bloccare il malware al punto di ingresso e di impedirne la diffusione. Questo successo \u00e8 frutto della costante attivit\u00e0 di monitoraggio e ricerca compiuta dai ricercatori di ESET, che analizzano i dati ricavati dalla protezione di oltre 100 milioni di endpoint e dalla stretta collaborazione con organizzazioni internazionali di polizia come Interpol, l&#8217;FBI e altri.<br \/>\nMentre la crisi causata da WannaCry si affievolisce nella memoria, sarebbe molto facile cedere alla tentazione di credere che il rischio per i sistemi sanitari in tutto il mondo sia ormai scongiurato. Secondo gli esperti di ESET, che continuano a tracciare e bloccare centinaia di milioni di tentativi fraudolenti ogni giorno, \u00e8 fondamentale mantenere alto il livello di vigilanza e di protezione dei sistemi informatici. Il rischio di altre crisi globali che impattino sul sistema sanitario \u00e8 reale e il caso NHS \u00e8 un monito che deve spronare tutti ad ambire alla migliore sicurezza digitale possibile.<\/p>\n<p><strong>\u00a0<\/strong><\/p>\n<p><strong>Per ulteriori informazioni su Wannacry \u00e8 possibile visitare il blog di ESET Italia al seguente link: <a href=\"https:\/\/blog.eset.it\/2017\/05\/wannacry-la-minaccia-globale-analisi-e-strategie-di-difesa\/\">https:\/\/blog.eset.it\/2017\/05\/wannacry-la-minaccia-globale-analisi-e-strategie-di-difesa\/<\/a><\/strong><\/p>\n","protected":false},"excerpt":{"rendered":"<p>Due anni fa, esattamente il 12 maggio del 2017, il temibile ransomware WannaCry attaccava I sistemi IT di 150 paesi nel mondo, colpendo circa 200.000 computer afferenti a diversi settori, da quello delle telecomunicazioni spagnolo ai siti di e-commerce e a quelli delle scuole, cifrando file e chiedendo un riscatto per la decodifica, causando una [&hellip;]<\/p>\n","protected":false},"author":4630,"featured_media":0,"comment_status":"open","ping_status":"open","sticky":false,"template":"","format":"standard","meta":{"footnotes":""},"categories":[29],"tags":[],"class_list":["post-40947","post","type-post","status-publish","format-standard","hentry","category-comunicati"],"_links":{"self":[{"href":"https:\/\/www.area-press.eu\/comunicatistampa\/wp-json\/wp\/v2\/posts\/40947","targetHints":{"allow":["GET"]}}],"collection":[{"href":"https:\/\/www.area-press.eu\/comunicatistampa\/wp-json\/wp\/v2\/posts"}],"about":[{"href":"https:\/\/www.area-press.eu\/comunicatistampa\/wp-json\/wp\/v2\/types\/post"}],"author":[{"embeddable":true,"href":"https:\/\/www.area-press.eu\/comunicatistampa\/wp-json\/wp\/v2\/users\/4630"}],"replies":[{"embeddable":true,"href":"https:\/\/www.area-press.eu\/comunicatistampa\/wp-json\/wp\/v2\/comments?post=40947"}],"version-history":[{"count":1,"href":"https:\/\/www.area-press.eu\/comunicatistampa\/wp-json\/wp\/v2\/posts\/40947\/revisions"}],"predecessor-version":[{"id":40948,"href":"https:\/\/www.area-press.eu\/comunicatistampa\/wp-json\/wp\/v2\/posts\/40947\/revisions\/40948"}],"wp:attachment":[{"href":"https:\/\/www.area-press.eu\/comunicatistampa\/wp-json\/wp\/v2\/media?parent=40947"}],"wp:term":[{"taxonomy":"category","embeddable":true,"href":"https:\/\/www.area-press.eu\/comunicatistampa\/wp-json\/wp\/v2\/categories?post=40947"},{"taxonomy":"post_tag","embeddable":true,"href":"https:\/\/www.area-press.eu\/comunicatistampa\/wp-json\/wp\/v2\/tags?post=40947"}],"curies":[{"name":"wp","href":"https:\/\/api.w.org\/{rel}","templated":true}]}}