{"id":40905,"date":"2019-05-14T16:56:00","date_gmt":"2019-05-14T14:56:00","guid":{"rendered":"https:\/\/www.area-press.eu\/comunicatistampa\/?p=40905"},"modified":"2019-05-14T16:56:00","modified_gmt":"2019-05-14T14:56:00","slug":"selva-academy-come-migliorare-le-performance-aziendali-e-sviluppare-nuove-potenzialita","status":"publish","type":"post","link":"https:\/\/www.area-press.eu\/comunicatistampa\/2019\/05\/14\/selva-academy-come-migliorare-le-performance-aziendali-e-sviluppare-nuove-potenzialita\/","title":{"rendered":"Selva Academy: come migliorare le performance aziendali e sviluppare nuove potenzialit\u00e0"},"content":{"rendered":"<p><em>Verona, Maggio 2019<\/em> &#8211; \u201c<em>Come accrescere il valore di un\u2019impresa? Sicuramente investendo in una formazione costante e strategica<\/em>\u201d, questo \u00e8 quanto afferma <strong>Philipp Selva, CEO &amp; Owner dell\u2019azienda Selva<\/strong>, che ormai da anni porta avanti con convinzione le iniziative di <strong>Selva Academy.<\/strong> Migliorare la comunicazione interna ed esterna, incrementare la coesione e lo spirito di squadra, nonch\u00e9 sviluppare nuove potenzialit\u00e0 ed innalzare gli standard qualitativi e quantitativi: questi sono solo alcuni degli obiettivi che Selva vuole raggiungere attraverso un\u2019<strong>azione continuativa di formazione<\/strong>.<\/p>\n<p>&nbsp;<\/p>\n<p>Proprio in questi giorni, infatti, <strong>l\u2019azienda ha accolto presso la propria sede un gruppo di venditori e consulenti dei negozi M\u00f6bel Biller, M\u00f6bel Pilipp e M\u00f6bel Inhofer, clienti tedeschi di Selva<\/strong>. Il 6 e il 7 maggio sono stati ospiti dello stabilimento produttivo e degli uffici di Isola Rizza, dove hanno potuto vedere dal vivo l\u2019ideazione e la realizzazione dei mobili e dei complementi d\u2019arredo. Ma non solo: il gruppo \u00e8 stato accompagnato a scoprire tutta la bellezza dei laboratori artigiani della zona, apprendendo cos\u00ec i segreti della lavorazione del legno, della lucidatura e della principale tappezzeria.<\/p>\n<p>&nbsp;<\/p>\n<p><strong>Selva non \u00e8 unicamente sinonimo di produzione, ma \u00e8 esperienza e territorio<\/strong>. Proprio per questo, i clienti tedeschi hanno vissuto Verona anche attraverso un tour serale per le meraviglie della citt\u00e0 scaligera. \u201c<em>\u00c8 fondamentale conoscere da vicino l\u2019azienda e il suo funzionamento, comprendere il valore e la qualit\u00e0 del prodotto attraverso la consapevolezza del processo produttivo che porta alla realizzazione<\/em>\u201d ha dichiarato <strong>Philipp Selva<\/strong>. \u201c<em>Considero necessario che vengano approfondite le diverse fasi di lavorazione, la cura con cui ogni passaggio viene svolto, e le competenze tecniche specifiche che ogni operatore deve possedere per poter svolgere al meglio la propria parte, al fine di produrre mobili che soddisfino gli standard d\u2019eccellenza Selva<\/em>\u201d.<\/p>\n<p>&nbsp;<\/p>\n<p>Selva srl<\/p>\n<p>Via J.Selva, 307<\/p>\n<p>37050 Isola Rizza (VR) &#8211; Italia<\/p>\n<p>selva@selva.com<\/p>\n<p>Tel. 045 6999111<\/p>\n<p><a href=\"http:\/\/www.selva.com\">www.selva.com<\/a><\/p>\n<p><a href=\"http:\/\/www.philippselva.com\">www.philippselva.com<\/a><\/p>\n<p><a href=\"http:\/\/www.selvatimeless.com\">www.selvatimeless.com<\/a><\/p>\n<p>&nbsp;<\/p>\n<p>Press office Terzomillennium<\/p>\n<p>Barbara Bruno<\/p>\n<p>barbara@terzomillennium.net<\/p>\n<p>Tel. 045 6050601<\/p>\n<p>www.terzomillennium.net<\/p>\n","protected":false},"excerpt":{"rendered":"<p>Verona, Maggio 2019 &#8211; \u201cCome accrescere il valore di un\u2019impresa? Sicuramente investendo in una formazione costante e strategica\u201d, questo \u00e8 quanto afferma Philipp Selva, CEO &amp; Owner dell\u2019azienda Selva, che ormai da anni porta avanti con convinzione le iniziative di Selva Academy. Migliorare la comunicazione interna ed esterna, incrementare la coesione e lo spirito di [&hellip;]<\/p>\n","protected":false},"author":5004,"featured_media":0,"comment_status":"open","ping_status":"open","sticky":false,"template":"","format":"standard","meta":{"footnotes":""},"categories":[5],"tags":[819,809,1435],"class_list":["post-40905","post","type-post","status-publish","format-standard","hentry","category-aziendali","tag-arredamento","tag-design","tag-formazione"],"_links":{"self":[{"href":"https:\/\/www.area-press.eu\/comunicatistampa\/wp-json\/wp\/v2\/posts\/40905","targetHints":{"allow":["GET"]}}],"collection":[{"href":"https:\/\/www.area-press.eu\/comunicatistampa\/wp-json\/wp\/v2\/posts"}],"about":[{"href":"https:\/\/www.area-press.eu\/comunicatistampa\/wp-json\/wp\/v2\/types\/post"}],"author":[{"embeddable":true,"href":"https:\/\/www.area-press.eu\/comunicatistampa\/wp-json\/wp\/v2\/users\/5004"}],"replies":[{"embeddable":true,"href":"https:\/\/www.area-press.eu\/comunicatistampa\/wp-json\/wp\/v2\/comments?post=40905"}],"version-history":[{"count":1,"href":"https:\/\/www.area-press.eu\/comunicatistampa\/wp-json\/wp\/v2\/posts\/40905\/revisions"}],"predecessor-version":[{"id":40906,"href":"https:\/\/www.area-press.eu\/comunicatistampa\/wp-json\/wp\/v2\/posts\/40905\/revisions\/40906"}],"wp:attachment":[{"href":"https:\/\/www.area-press.eu\/comunicatistampa\/wp-json\/wp\/v2\/media?parent=40905"}],"wp:term":[{"taxonomy":"category","embeddable":true,"href":"https:\/\/www.area-press.eu\/comunicatistampa\/wp-json\/wp\/v2\/categories?post=40905"},{"taxonomy":"post_tag","embeddable":true,"href":"https:\/\/www.area-press.eu\/comunicatistampa\/wp-json\/wp\/v2\/tags?post=40905"}],"curies":[{"name":"wp","href":"https:\/\/api.w.org\/{rel}","templated":true}]}}