{"id":407,"date":"2015-07-21T03:10:17","date_gmt":"2015-07-21T01:10:17","guid":{"rendered":"http:\/\/www.area-press.eu\/comunicatistampa\/?p=407"},"modified":"2015-07-21T17:23:05","modified_gmt":"2015-07-21T15:23:05","slug":"italia-in-campagnacon-la-famiglia-in-umbria-una-vacanza-veramente-rilassante","status":"publish","type":"post","link":"https:\/\/www.area-press.eu\/comunicatistampa\/2015\/07\/21\/italia-in-campagnacon-la-famiglia-in-umbria-una-vacanza-veramente-rilassante\/","title":{"rendered":"Italia in Campagna:con la Famiglia in Umbria una Vacanza veramente rilassante"},"content":{"rendered":"<p>Dal <strong>1 Agosto al 31 Agosto 2015<\/strong> tutti in <em>Umbria<\/em> con il bellissimo slogan <strong><a href=\"http:\/\/www.italiaincampagna.com\/offerte-speciali\/offerte-agosto-bambini-gratis-animazione.aspx\">Offerte Agosto Bambini Gratis<\/a><\/strong>. <strong>Italia in Campagna<\/strong> premia la <em>Famiglia i Bambini<\/em> e le tasche di mamma e pap\u00e0 per questo mese di\u00a0<strong>Agosto<\/strong> imminente. Se ancora non vi siete decisi su dove trascorrere le imminenti <strong>vacanze di agosto<\/strong> non sottovalutate la proposta.\u00a0Un <strong>pacchetto<\/strong> con <strong>hotel 4 stelle<\/strong> immerso nel verde della bellissima e fresca regione Umbria, <strong>animazione per bambini<\/strong> in un vero <strong>villaggio family friends<\/strong> e tantissime opportunit\u00e0 per una v<em>acanza di agosto con bambini<\/em> estremamente rilassante e piena nello stesso tempo di arte e cultura. L&#8217;Umbria il <em>&#8220;cuore verde d&#8217;Italia&#8221;<\/em> da qualche anno amica della <strong>famiglia e dei bambini<\/strong> dal 1 agosto al 31 agosto vi aspetta con bellissime cittadine <strong>Assisi<\/strong> \u00e8 una di queste cuore di arte e religione, il centro spirituale e religioso per antonomasia, un giro all&#8217;interno delle viuzze della cittadina e della Basilica di San Francesco vi riuscir\u00e0 a farvi immedesimare in questa regione mistica, rilassante e tranquilla che \u00e8 l&#8217;Umbria. In Umbria nulla \u00e8 lasciata al caso, ogni piccolo particolare, paesino, cittadina, collina \u00e8 curata in tutti suoi particolari con amore e quel senso di cura e conservazione. Osservare le colline della verde umbria in questo periodo \u00e8 come osservare un quadro di un artista, lo stacco di colori che si creano tra il cielo azzurro e il verde dei boschi \u00e8 estremamente sensazionale. \u00a0Siete amanti del mangiare, di un buon bicchiere di vino allora per le vostre imminenti vacanze di agosto preventivate anche di fare una visitina ad una delle cittadine conosciute per i suoi vigneti chiamata per la sua posizione la <strong>&#8220;Ringhiera dell&#8217;Umbria&#8221;<\/strong>, <strong>Montefalco<\/strong>, rinomata per il<strong> Sagrantino di Montefalco<\/strong> vino rosso ricavato da un vitigno autoctono che prolifera solo in queste zone.<\/p>\n<p>La soluzione alle vacanze di <strong>Agosto<\/strong> sono allora <strong>Italia in Campagna<\/strong> e <strong>Offerte Agosto bambini Gratis<\/strong>.<\/p>\n","protected":false},"excerpt":{"rendered":"<p>Dal 1 Agosto al 31 Agosto 2015 tutti in Umbria con il bellissimo slogan Offerte Agosto Bambini Gratis. Italia in Campagna premia la Famiglia i Bambini e le tasche di mamma e pap\u00e0 per questo mese di\u00a0Agosto imminente. Se ancora non vi siete decisi su dove trascorrere le imminenti vacanze di agosto non sottovalutate la [&hellip;]<\/p>\n","protected":false},"author":43,"featured_media":0,"comment_status":"open","ping_status":"open","sticky":false,"template":"","format":"standard","meta":{"footnotes":""},"categories":[17],"tags":[573,571,572],"class_list":["post-407","post","type-post","status-publish","format-standard","hentry","category-turismo","tag-offerte-bambini-gratis","tag-vacanza-agosto","tag-vacanza-bambini-agosto"],"_links":{"self":[{"href":"https:\/\/www.area-press.eu\/comunicatistampa\/wp-json\/wp\/v2\/posts\/407","targetHints":{"allow":["GET"]}}],"collection":[{"href":"https:\/\/www.area-press.eu\/comunicatistampa\/wp-json\/wp\/v2\/posts"}],"about":[{"href":"https:\/\/www.area-press.eu\/comunicatistampa\/wp-json\/wp\/v2\/types\/post"}],"author":[{"embeddable":true,"href":"https:\/\/www.area-press.eu\/comunicatistampa\/wp-json\/wp\/v2\/users\/43"}],"replies":[{"embeddable":true,"href":"https:\/\/www.area-press.eu\/comunicatistampa\/wp-json\/wp\/v2\/comments?post=407"}],"version-history":[{"count":1,"href":"https:\/\/www.area-press.eu\/comunicatistampa\/wp-json\/wp\/v2\/posts\/407\/revisions"}],"predecessor-version":[{"id":408,"href":"https:\/\/www.area-press.eu\/comunicatistampa\/wp-json\/wp\/v2\/posts\/407\/revisions\/408"}],"wp:attachment":[{"href":"https:\/\/www.area-press.eu\/comunicatistampa\/wp-json\/wp\/v2\/media?parent=407"}],"wp:term":[{"taxonomy":"category","embeddable":true,"href":"https:\/\/www.area-press.eu\/comunicatistampa\/wp-json\/wp\/v2\/categories?post=407"},{"taxonomy":"post_tag","embeddable":true,"href":"https:\/\/www.area-press.eu\/comunicatistampa\/wp-json\/wp\/v2\/tags?post=407"}],"curies":[{"name":"wp","href":"https:\/\/api.w.org\/{rel}","templated":true}]}}