{"id":40695,"date":"2019-05-10T20:03:02","date_gmt":"2019-05-10T18:03:02","guid":{"rendered":"https:\/\/www.area-press.eu\/comunicatistampa\/?p=40695"},"modified":"2019-05-10T20:03:02","modified_gmt":"2019-05-10T18:03:02","slug":"terna-inaugura-a-torino-il-primo-innovation-hub-lintervento-dellad-luigi-ferraris","status":"publish","type":"post","link":"https:\/\/www.area-press.eu\/comunicatistampa\/2019\/05\/10\/terna-inaugura-a-torino-il-primo-innovation-hub-lintervento-dellad-luigi-ferraris\/","title":{"rendered":"Terna inaugura a Torino il primo Innovation Hub: l\u2019intervento dell\u2019AD Luigi Ferraris"},"content":{"rendered":"<p><em><strong>Terna inaugura a Torino il primo di otto Innovation Hub. L&#8217;AD e DG <a title=\"Luigi Ferraris: inaugurazione innovation hub Torino\" href=\"https:\/\/stream24.ilsole24ore.com\/video\/impresa-e-territori\/terna-luigi-ferraris-inaugura-primo-innovation-hub-\/ABwCD1mB\">Luigi Ferraris<\/a> presenta il progetto: &#8220;Una piattaforma comune, dove condividere idee di sviluppo, cambiamento e innovazione&#8221;.<\/strong><\/em><\/p>\n<p><a title=\"Terna: Luigi Ferraris inaugura a Torino innovation hub\" href=\"https:\/\/stream24.ilsole24ore.com\/video\/impresa-e-territori\/terna-luigi-ferraris-inaugura-primo-innovation-hub-\/ABwCD1mB\"><img loading=\"lazy\" decoding=\"async\" src=\"http:\/\/www.terna.it\/Portals\/0\/TernaImages\/img-2017\/LuigiFerraris_Terna.jpg\" alt=\"Luigi Ferraris, AD Terna\" width=\"179\" height=\"85\" \/><\/a><\/p>\n<h2>Il primo Terna Innovation Hub a Torino: la soddisfazione dell&#8217;AD Luigi Ferraris<\/h2>\n<p><em>&#8220;Sar\u00e0 il primo di otto Innovation Hub che abbiamo intenzione di fare su tutto il territorio italiano ed \u00e8 focalizzato sulla condivisione dell&#8217;innovazione applicata alla nostra attivit\u00e0 core, quindi alle nostre reti&#8221;<\/em>: cos\u00ec commenta l&#8217;Amministratore Delegato e Direttore Generale <strong>Luigi Ferraris<\/strong>, a Torino lo scorso 9 aprile per l&#8217;inaugurazione del primo polo nato su iniziativa di Terna per dare ulteriore impulso all&#8217;innovazione nel Paese. L&#8217;Innovation Hub di Torino sar\u00e0 focalizzato sull&#8217;Internet of things e sui processi di monitoraggio evoluto degli impianti di trasmissione dell&#8217;energia. <strong>Terna<\/strong>, infatti, punta soprattutto sulla digitalizzazione degli asset e sulla ricerca di soluzioni e tecnologie innovative per lo sviluppo e l&#8217;ammodernamento della rete di trasmissione nazionale, attraverso l&#8217;installazione sulla rete di sensori e infrastrutture di raccolta dati e lo sviluppo di piattaforme per processarli e analizzarli tramite strumenti di Advanced analytics. Tra gli obiettivi l&#8217;identificazione di nuovi trend e il lancio di nuovi progetti, anche con l&#8217;impiego di droni, robot e satelliti.<em> &#8220;Abbiamo celebrato l&#8217;avvio di una cooperazione stretta tra tecnici di Terna, startup innovative e Politecnico di Torino, con l&#8217;obiettivo di creare una piattaforma comune, dove condividere idee di sviluppo, cambiamento e innovazione&#8221;<\/em> ha ricordato <strong>Luigi Ferraris<\/strong> all&#8217;evento.<\/p>\n<h2>Luigi Ferraris: Terna investe sempre pi\u00f9 in innovazione e digitalizzazione<\/h2>\n<p>L&#8217;Innovation Hub di Torino \u00e8 frutto delle <em>&#8220;sinergie tra le persone e le professionalit\u00e0 di Terna e le eccellenze del territorio per sviluppare idee e percorsi innovativi a beneficio di una rete elettrica sempre pi\u00f9 moderna, efficiente, flessibile e sostenibile&#8221;<\/em>. L&#8217;AD e DG <strong><a title=\"Luigi Ferraris, AD Terna, inaugura hub innovation a Torino\" href=\"https:\/\/stream24.ilsole24ore.com\/video\/impresa-e-territori\/terna-luigi-ferraris-inaugura-primo-innovation-hub-\/ABwCD1mB\">Luigi Ferraris<\/a><\/strong> lo ha sottolineato in occasione della cerimonia di inaugurazione, che ha visto anche la partecipazione della Presidente Catia Bastioli e di Chiara Appendino, Sindaco della citt\u00e0. Quello dell&#8217;innovazione, come dimostra anche il lancio di questo progetto, \u00e8 un fronte su cui <strong>Terna<\/strong> punta fortemente nei prossimi anni. Dei 6,2 miliardi di euro complessivi che l&#8217;azienda intende investire in Italia entro il 2024, 700 milioni sono destinati all&#8217;innovazione e alla digitalizzazione: <em>&#8220;In particolare per soluzioni innovative a supporto dell&#8217;attivit\u00e0 di Terna come trasmission operator, system operator e la digitalizzazione dei processi di staff che dovranno essere migliorati e ottimizzati in un&#8217;ottica di un pieno utilizzo delle tecnologie esistenti di digitalizzazione&#8221;<\/em>. L&#8217;AD <strong>Luigi Ferraris<\/strong> ha aggiunto anche che, sempre nell&#8217;ambito di questi 700 milioni di euro, ne sono stati preventivati anche circa 50 milioni <em>&#8220;per testare nuove soluzioni un po&#8217; pi\u00f9 di confine, sempre coerenti col nostro core business, che se avranno successo potranno essere industrializzate e capitalizzate nelle nostre attivit\u00e0&#8221;<\/em>.<\/p>\n","protected":false},"excerpt":{"rendered":"<p>Terna inaugura a Torino il primo di otto Innovation Hub. L&#8217;AD e DG Luigi Ferraris presenta il progetto: &#8220;Una piattaforma comune, dove condividere idee di sviluppo, cambiamento e innovazione&#8221;. Il primo Terna Innovation Hub a Torino: la soddisfazione dell&#8217;AD Luigi Ferraris &#8220;Sar\u00e0 il primo di otto Innovation Hub che abbiamo intenzione di fare su tutto [&hellip;]<\/p>\n","protected":false},"author":3860,"featured_media":0,"comment_status":"open","ping_status":"open","sticky":false,"template":"","format":"standard","meta":{"footnotes":""},"categories":[5,29],"tags":[13847,17416],"class_list":["post-40695","post","type-post","status-publish","format-standard","hentry","category-aziendali","category-comunicati","tag-luigi-ferraris","tag-terna"],"_links":{"self":[{"href":"https:\/\/www.area-press.eu\/comunicatistampa\/wp-json\/wp\/v2\/posts\/40695","targetHints":{"allow":["GET"]}}],"collection":[{"href":"https:\/\/www.area-press.eu\/comunicatistampa\/wp-json\/wp\/v2\/posts"}],"about":[{"href":"https:\/\/www.area-press.eu\/comunicatistampa\/wp-json\/wp\/v2\/types\/post"}],"author":[{"embeddable":true,"href":"https:\/\/www.area-press.eu\/comunicatistampa\/wp-json\/wp\/v2\/users\/3860"}],"replies":[{"embeddable":true,"href":"https:\/\/www.area-press.eu\/comunicatistampa\/wp-json\/wp\/v2\/comments?post=40695"}],"version-history":[{"count":1,"href":"https:\/\/www.area-press.eu\/comunicatistampa\/wp-json\/wp\/v2\/posts\/40695\/revisions"}],"predecessor-version":[{"id":40696,"href":"https:\/\/www.area-press.eu\/comunicatistampa\/wp-json\/wp\/v2\/posts\/40695\/revisions\/40696"}],"wp:attachment":[{"href":"https:\/\/www.area-press.eu\/comunicatistampa\/wp-json\/wp\/v2\/media?parent=40695"}],"wp:term":[{"taxonomy":"category","embeddable":true,"href":"https:\/\/www.area-press.eu\/comunicatistampa\/wp-json\/wp\/v2\/categories?post=40695"},{"taxonomy":"post_tag","embeddable":true,"href":"https:\/\/www.area-press.eu\/comunicatistampa\/wp-json\/wp\/v2\/tags?post=40695"}],"curies":[{"name":"wp","href":"https:\/\/api.w.org\/{rel}","templated":true}]}}