{"id":40692,"date":"2019-05-10T20:03:02","date_gmt":"2019-05-10T18:03:02","guid":{"rendered":"https:\/\/www.area-press.eu\/comunicatistampa\/?p=40692"},"modified":"2019-05-10T20:03:02","modified_gmt":"2019-05-10T18:03:02","slug":"incendio-notre-dame-inaccortezza-e-degrado-del-legno-come-possibili-cause-del-disastro","status":"publish","type":"post","link":"https:\/\/www.area-press.eu\/comunicatistampa\/2019\/05\/10\/incendio-notre-dame-inaccortezza-e-degrado-del-legno-come-possibili-cause-del-disastro\/","title":{"rendered":"Incendio Notre-Dame: inaccortezza e degrado del legno come possibili cause del disastro?"},"content":{"rendered":"<p>L\u2019incendio della cattedrale di Notre-Dame scoppiato lo scorso 15 aprile, oltre ad essere un enorme danno a un patrimonio artistico universale, rappresenta simbolicamente un duro colpo per tutta la cristianit\u00e0 del mondo. Ricostruire e ridare lustro a questo monumento storico \u00e8 certamente il primo passo, ma altrettanto fondamentale sar\u00e0 individuare con esattezza cause ed eventuali responsabilit\u00e0. Il cedimento totale della copertura in legno, ad esempio, potrebbe far pensare a un\u2019azione dolosa o al mancato funzionamento dei sistemi antincendio, o ancora a un trattamento di <a href=\"http:\/\/www.trattamentoantitarlo.net\/aree\/disinfestazione-tarli\"><strong><u>disinfestazione tarli<\/u><\/strong><\/a> inadeguato o addirittura assente.<\/p>\n<p>Gli elementi certi al momento sono che la cattedrale era in restaurazione e che a salvarsi sono state la struttura muraria verticale, parte delle volte in pietra, i tre rosoni e le vetrate (le cui condizioni sono tutte da accertare). Ma tutto ci\u00f2 che concerne la parte in legno \u00e8 andata interamente distrutta, a cominciare dal pinnacolo, ricostruito nel XIX secolo da Eugene Viollette Le-Duc, e soprattutto le capriate risalenti a quando la cattedrale \u00e8 stata costruita, ossia 800 anni fa.<\/p>\n<p>Fatta la conta dei danni \u00e8 il momento di indagare. Se da un lato c\u2019\u00e8 da accertare la responsabilit\u00e0 umana dell\u2019incendio, ovvero se e perch\u00e9 non hanno funzionato i segnalatori di fumo (semmai fossero presenti), se a generarlo sia stato un mozzicone di sigaretta lasciato incautamente da un operaio sul cantiere ecc, dall\u2019altro una cosa appare certa: il legno danneggiato dai tarli \u00e8 terreno fertile per il fuoco.<\/p>\n<p>A sottolinearlo \u00e8 Sergio Fusetti &#8211; capo restauratore della Basilica di San Francesco ad Assisi \u2013monumento che appartiene all\u2019intera umanit\u00e0 e che ha subito il dramma del terremoto nel 1997. Partendo dal presupposto che in un cantiere di restauro i rischi incendio ci sono sempre, Fusetti, oltre a ribadire l\u2019importanza di vigilare costantemente sui lavori, ha anche cercato di fornire una spiegazione sul perch\u00e9 si sia propagato velocemente in poche ore. La causa potrebbe essere dipesa dalle capriate che, a differenza di oggi in metallo, in passato erano integralmente in legno. Le travi di Notre-Dame, vecchie 800 anni, saranno state completamente alleggerite dai tarli perdendo consistenza e pertanto sono pi\u00f9 facili da ardere.<\/p>\n<p>Quella appena citata potrebbe essere una delle possibili concause del disastro, ma \u00e8 sufficiente a dimostrare quanto importante sia un\u2019accurata manutenzione (come ad esempio un adeguato <a href=\"http:\/\/www.trattamentoantitarlo.net\/\"><strong><u>trattamento antitarlo ecologico<\/u><\/strong><\/a>) oltre al restauro. Il crollo a Roma della volta della Chiesa di San Giuseppe dei Falegnami lo scorso settembre \u00e8 la prova provata di come l\u2019incuria riservata spesso a tanti monumenti ed edifici storici sia un fattore determinante della loro rovina e, nei casi pi\u00f9 gravi, della loro completa cancellazione.<\/p>\n","protected":false},"excerpt":{"rendered":"<p>L\u2019incendio della cattedrale di Notre-Dame scoppiato lo scorso 15 aprile, oltre ad essere un enorme danno a un patrimonio artistico universale, rappresenta simbolicamente un duro colpo per tutta la cristianit\u00e0 del mondo. Ricostruire e ridare lustro a questo monumento storico \u00e8 certamente il primo passo, ma altrettanto fondamentale sar\u00e0 individuare con esattezza cause ed eventuali [&hellip;]<\/p>\n","protected":false},"author":5108,"featured_media":0,"comment_status":"open","ping_status":"open","sticky":false,"template":"","format":"standard","meta":{"footnotes":""},"categories":[3],"tags":[21091,21090,19178],"class_list":["post-40692","post","type-post","status-publish","format-standard","hentry","category-arte-e-cultura","tag-disinfestazione-tarli","tag-restauro-mobili-antichi","tag-trattamento-antitarlo-puglia"],"_links":{"self":[{"href":"https:\/\/www.area-press.eu\/comunicatistampa\/wp-json\/wp\/v2\/posts\/40692","targetHints":{"allow":["GET"]}}],"collection":[{"href":"https:\/\/www.area-press.eu\/comunicatistampa\/wp-json\/wp\/v2\/posts"}],"about":[{"href":"https:\/\/www.area-press.eu\/comunicatistampa\/wp-json\/wp\/v2\/types\/post"}],"author":[{"embeddable":true,"href":"https:\/\/www.area-press.eu\/comunicatistampa\/wp-json\/wp\/v2\/users\/5108"}],"replies":[{"embeddable":true,"href":"https:\/\/www.area-press.eu\/comunicatistampa\/wp-json\/wp\/v2\/comments?post=40692"}],"version-history":[{"count":1,"href":"https:\/\/www.area-press.eu\/comunicatistampa\/wp-json\/wp\/v2\/posts\/40692\/revisions"}],"predecessor-version":[{"id":40693,"href":"https:\/\/www.area-press.eu\/comunicatistampa\/wp-json\/wp\/v2\/posts\/40692\/revisions\/40693"}],"wp:attachment":[{"href":"https:\/\/www.area-press.eu\/comunicatistampa\/wp-json\/wp\/v2\/media?parent=40692"}],"wp:term":[{"taxonomy":"category","embeddable":true,"href":"https:\/\/www.area-press.eu\/comunicatistampa\/wp-json\/wp\/v2\/categories?post=40692"},{"taxonomy":"post_tag","embeddable":true,"href":"https:\/\/www.area-press.eu\/comunicatistampa\/wp-json\/wp\/v2\/tags?post=40692"}],"curies":[{"name":"wp","href":"https:\/\/api.w.org\/{rel}","templated":true}]}}