{"id":40658,"date":"2019-05-10T19:37:48","date_gmt":"2019-05-10T17:37:48","guid":{"rendered":"https:\/\/www.area-press.eu\/comunicatistampa\/?p=40658"},"modified":"2020-08-09T23:49:04","modified_gmt":"2020-08-09T21:49:04","slug":"sher-b-everywhere-is-war-e-il-nuovo-brano-del-poliedrico-musicista-dallattitudine-internazionale","status":"publish","type":"post","link":"https:\/\/www.area-press.eu\/comunicatistampa\/2019\/05\/10\/sher-b-everywhere-is-war-e-il-nuovo-brano-del-poliedrico-musicista-dallattitudine-internazionale\/","title":{"rendered":"SHER B: \u201cEVERYWHERE IS WAR\u201d \u00e8 il nuovo brano del poliedrico musicista dall\u2019attitudine internazionale"},"content":{"rendered":"<p><img loading=\"lazy\" decoding=\"async\" class=\"aligncenter size-full wp-image-298300\" src=\"https:\/\/www.joyfreepress.com\/wp-content\/uploads\/2019\/04\/sher_b_everywhere_is_war.jpg___th_320_0.jpg\" alt=\"\" width=\"320\" height=\"320\" \/><\/p>\n<p><i><span style=\"font-weight: 400\">Sonorit\u00e0 frizzanti che viaggiano dal reggae-pop al raggamuffin celano una denuncia sociale che conferma l\u2019impegno costante dell\u2019artista nelle tematiche calde di attualit\u00e0 contemporanea. <\/span><\/i><\/p>\n<p>&nbsp;<\/p>\n<p><b>\u201cEverywhere is war\u201d <\/b><span style=\"font-weight: 400\">\u00e8 il nuovo singolo del cantante, pianista, percussionista, marimbista, solista e compositore in Italia e all\u2019estero, Sher B. Il pezzo, pur trattando con lucidit\u00e0 e presa di posizione il tema della guerra, si veste di un <\/span><b>sound brioso e vivace che lo rende fruibile da ogni tipo di utenza.<\/b><\/p>\n<p><span style=\"font-weight: 400\"> \u00a0\u00a0\u00a0\u00a0\u00a0<\/span><\/p>\n<p><span style=\"font-weight: 400\">Sher B. <\/span><b>cura in prima persona l\u2019intero processo creativo e produttivo<\/b><span style=\"font-weight: 400\">, partendo dalla composizione e arrivando all\u2019editing. Questo \u00e8 sicuramente un parametro che ha contribuito a farlo diventare <\/span><b>un artista di caratura mondiale<\/b><span style=\"font-weight: 400\">.<\/span><\/p>\n<p><span style=\"font-weight: 400\">Oltre che occuparsi dell\u2019attivit\u00e0 puramente artistica \u00e8 inoltre insegnate presso importanti scuole musicali in Francia ed \u00e8 fondatore della Warrior Inc. Productions e delll Melchizedek Warrior Records.<\/span><\/p>\n<p>&nbsp;<\/p>\n<p><b>ETICHETTA: WARRIOR INC. PRODUCTIONS<\/b><\/p>\n<p><b>RADIO DATE: 5 marzo 2019<\/b><\/p>\n<p>&nbsp;<\/p>\n<p><b>BIO<\/b><\/p>\n<p>&nbsp;<\/p>\n<p><b>Sher B \u00e8 indicato come una delle maggiori promesse del panorama musicale internazionale<\/b><span style=\"font-weight: 400\">. Considerato \u201cenfant prodige\u201d, nasce come pianista ed organista eseguendo gi\u00e0 all\u2019et\u00e0 di 4 anni la \u201cToccata &amp; Fuga in Dm\u201d di Bach. Continua i suoi studi in completa autonomia suonando sempre la sua musica ed affrontando tutti i tipi di repertorio, da Bach a Chopin, da Rachmanioff a Scriabin.<\/span><\/p>\n<p><span style=\"font-weight: 400\">All\u2019et\u00e0 di 14 anni decide di studiare la batteria e le percussioni, componendo parallelamente tanta musica contemporanea, jazz fusion e molta altra.<\/span><\/p>\n<p><span style=\"font-weight: 400\">Dopo l\u2019incontro con L.H Stevens, si avvicina al mondo delle percussioni intonate, ottenendo gi\u00e0 da subito ottimi risultati, <\/span><b>vincendo numerosi concorsi nazionali ed internazionali<\/b><span style=\"font-weight: 400\"> tra i quali: \u201cTournoi Internazional De Music, Paris\u201d, \u201cL.H Stevens Special Prize, New York Foundation\u201d, \u201cAustria int. Awards\u201d e tanti altri.<\/span><\/p>\n<p><span style=\"font-weight: 400\">Suona e si perfeziona con artisti quali L.H Stevens, M.J. Burrit, M.Queen, J.Beck, R.Holly, T.Adams, N.J Zivkovic, K. Aleo, I. Bilic, M. Klimasara, R.Wiener, N.Groover, Keiko Abe, L. Morleo e molti altri.<\/span><\/p>\n<p><span style=\"font-weight: 400\">\u00c8 apprezzato, recensito e invitato a tenere i suoi recital e master class da eccellenti nomi della musica, tra i quali M\u00b0 Abbado e M\u00b0 L.Fait.<\/span><\/p>\n<p><span style=\"font-weight: 400\">Ha suonato in numerosi paesi tra cui: Italia, Spagna, Grecia, Austria, Rep. Ceca, Francia, Belgio, Germania, Svizzera.<\/span><\/p>\n<p><span style=\"font-weight: 400\">Il suo nome appare spesso fra le pagine di riviste e quotidiani. <\/span><\/p>\n<p><span style=\"font-weight: 400\">La vastit\u00e0 del suo repertorio gli ha permesso di guadagnarsi <\/span><b>l\u2019appellativo di Mr. Music<\/b><span style=\"font-weight: 400\">, dal quale nascer\u00e0, tra le varie produzioni discografiche, un omonimo CD.<\/span><\/p>\n<p><span style=\"font-weight: 400\">Per la sua qualit\u00e0 e prestigio artistico ha ricevuto una delle pi\u00f9 alte onorificenze: <\/span><b>La Medaglia al Valore Musicale, conferitagli dalla Camera dei Deputati italiana<\/b><span style=\"font-weight: 400\">.<\/span><\/p>\n<p><span style=\"font-weight: 400\">Numerose anche le sue composizioni, tra cui metodi didattici, marimba sola, percussioni, pianoforte, organo, jazz, orchestra, musica per film etc. Come batterista e percussionista sona e collabora con varie formazioni orchestrali, gruppi cameristici, quartetti e trio jazz. <\/span><\/p>\n<p><span style=\"font-weight: 400\">\u00c8 stato invitato a diventare <\/span><b>membro della giuria delle competizioni musicali pi\u00f9 importanti e prestigiose<\/b><span style=\"font-weight: 400\">, tra cui il \u201cTournoi International de Musique\u201d e il \u201cConcours International de Musique e Art Dramatique \u201cLeopold Bellan\u201d, concorso pi\u00f9 antico di Francia.<\/span><\/p>\n<p><span style=\"font-weight: 400\">\u00c8 artista per prestigiosi marchi di strumenti musicali, tra i quali <\/span><b>UFIP e YAMAHA.<\/b><\/p>\n<p><b>Parallelamente all\u2019insegnamento<\/b><span style=\"font-weight: 400\"> nelle prestigiose sedi di Parigi, Nizza e Montecarlo, \u00e8 <\/span><b>cantante, pianista, percussionista, marimbista, solista e compositore in Italia e all\u2019estero.<\/b><\/p>\n<p>&nbsp;<\/p>\n<p><b>Contatti e social<\/b><\/p>\n<p>&nbsp;<\/p>\n<p><b>Facebook:<\/b> <a href=\"http:\/\/www.facebook.com\/Sher-B-Muzik-420664647983175\/\"><span style=\"font-weight: 400\">www.facebook.com\/Sher-B-Muzik-420664647983175\/<\/span><\/a><\/p>\n<p><b>Spotify<\/b> <a href=\"https:\/\/open.spotify.com\/artist\/1RbRBm51gp9LKAocJBfF3w\"><span style=\"font-weight: 400\">https:\/\/open.spotify.com\/artist\/1RbRBm51gp9LKAocJBfF3w<\/span><\/a><\/p>\n<p><b>Instagram <\/b><a href=\"http:\/\/www.instagram.com\/sher_b_official\/\"><span style=\"font-weight: 400\">www.instagram.com\/sher_b_official\/<\/span><\/a><\/p>\n","protected":false},"excerpt":{"rendered":"<p>Sonorit\u00e0 frizzanti che viaggiano dal reggae-pop al raggamuffin celano una denuncia sociale che conferma l\u2019impegno costante dell\u2019artista nelle tematiche calde di attualit\u00e0 contemporanea. &nbsp; \u201cEverywhere is war\u201d \u00e8 il nuovo singolo del cantante, pianista, percussionista, marimbista, solista e compositore in Italia e all\u2019estero, Sher B. Il pezzo, pur trattando con lucidit\u00e0 e presa di posizione [&hellip;]<\/p>\n","protected":false},"author":4383,"featured_media":0,"comment_status":"open","ping_status":"open","sticky":false,"template":"","format":"standard","meta":{"footnotes":""},"categories":[12],"tags":[],"class_list":["post-40658","post","type-post","status-publish","format-standard","hentry","category-musica"],"_links":{"self":[{"href":"https:\/\/www.area-press.eu\/comunicatistampa\/wp-json\/wp\/v2\/posts\/40658","targetHints":{"allow":["GET"]}}],"collection":[{"href":"https:\/\/www.area-press.eu\/comunicatistampa\/wp-json\/wp\/v2\/posts"}],"about":[{"href":"https:\/\/www.area-press.eu\/comunicatistampa\/wp-json\/wp\/v2\/types\/post"}],"author":[{"embeddable":true,"href":"https:\/\/www.area-press.eu\/comunicatistampa\/wp-json\/wp\/v2\/users\/4383"}],"replies":[{"embeddable":true,"href":"https:\/\/www.area-press.eu\/comunicatistampa\/wp-json\/wp\/v2\/comments?post=40658"}],"version-history":[{"count":1,"href":"https:\/\/www.area-press.eu\/comunicatistampa\/wp-json\/wp\/v2\/posts\/40658\/revisions"}],"predecessor-version":[{"id":40659,"href":"https:\/\/www.area-press.eu\/comunicatistampa\/wp-json\/wp\/v2\/posts\/40658\/revisions\/40659"}],"wp:attachment":[{"href":"https:\/\/www.area-press.eu\/comunicatistampa\/wp-json\/wp\/v2\/media?parent=40658"}],"wp:term":[{"taxonomy":"category","embeddable":true,"href":"https:\/\/www.area-press.eu\/comunicatistampa\/wp-json\/wp\/v2\/categories?post=40658"},{"taxonomy":"post_tag","embeddable":true,"href":"https:\/\/www.area-press.eu\/comunicatistampa\/wp-json\/wp\/v2\/tags?post=40658"}],"curies":[{"name":"wp","href":"https:\/\/api.w.org\/{rel}","templated":true}]}}