{"id":40645,"date":"2019-05-10T19:37:47","date_gmt":"2019-05-10T17:37:47","guid":{"rendered":"https:\/\/www.area-press.eu\/comunicatistampa\/?p=40645"},"modified":"2020-08-09T23:36:34","modified_gmt":"2020-08-09T21:36:34","slug":"jack-frusciante-e-rientrato-nel-gruppo-stoccolma-quattro-ragazzi-con-la-vocazione-per-lindie-rock-un-singolo-che-profuma-di-viaggi-e-liberta","status":"publish","type":"post","link":"https:\/\/www.area-press.eu\/comunicatistampa\/2019\/05\/10\/jack-frusciante-e-rientrato-nel-gruppo-stoccolma-quattro-ragazzi-con-la-vocazione-per-lindie-rock-un-singolo-che-profuma-di-viaggi-e-liberta\/","title":{"rendered":"JACK FRUSCIANTE \u00c8 RIENTRATO NEL GRUPPO: \u201cSTOCCOLMA\u201d quattro ragazzi con la vocazione per l\u2019indie rock, un singolo che profuma di viaggi e libert\u00e0"},"content":{"rendered":"<p><img loading=\"lazy\" decoding=\"async\" class=\"alignnone size-full\" src=\"https:\/\/www.earone.it\/newsimages\/jack-fruscinate-rientrato-nel-gruppo-stoccolma.jpg___th_320_0.jpg\" width=\"320\" height=\"320\" \/><\/p>\n<p><i><span style=\"font-weight: 400\">Dall\u2019 8 marzo in radio il nuovo brano della giovane band nata fra i banchi universitari di Milano.<\/span><\/i><\/p>\n<p>&nbsp;<\/p>\n<p><span style=\"font-weight: 400\">La canzone \u201cStoccolma\u201d di \u201cJack Frusciante \u00e8 rientrato nel gruppo\u201d fotografa <\/span><b>l\u2019ultima tappa di un viaggio da backpacker nel magico inverno del Nord Europa.<\/b><span style=\"font-weight: 400\"> In tasca pochi soldi, mille pensieri e un libro. All&#8217;improvviso un incontro, uno dei tanti che avvengono negli ostelli, con una ragazza di un\u2019altra parte del mondo. Un intreccio di percorsi causale da vivere godendo della spensieratezza e della magia dei viaggi in solitaria zaino in spalla. Una magia espressa dalla musica evocativa delle frasi di chitarra e dai suoni di un organo elettrico quasi di un&#8217;altra epoca musicale, mentre la sezione ritmica richiama il flusso quasi ipnotico di una notte senza molto senso, ma anche senza un rimpianto.<\/span><\/p>\n<p><span style=\"font-weight: 400\"><br \/>\n<\/span><b>Etichetta: Studio B Recording<\/b><\/p>\n<p><b>Radio date: 8 marzo 2019<\/b><\/p>\n<p>&nbsp;<\/p>\n<p><b>BIO &#8211; JACK FRUSCIANTE \u00c8 RIENTRATO NEL GRUPPO<\/b><\/p>\n<p>&nbsp;<\/p>\n<p><span style=\"font-weight: 400\">Nati per caso da un annuncio su Mercatino Musicale messo da Marco Bonoldi (batterista) e dalle migrazioni studentesche verso il Politecnico che hanno portato a Milano il chitarrista Francesco Camposeo e il bassista Matteo Muffo, il gruppo si completa nel febbraio 2015 con l&#8217;ingresso di Gabriele Masi (voce). <\/span><\/p>\n<p><span style=\"font-weight: 400\">Dopo aver coverizzato il mondo del rock dai Led Zeppelin fino a Black Keys, nel 2017 iniziano a intraprendere l&#8217;avventura compositiva da cui \u00e8 nato il primo album <\/span><b>Amori di Cartapesta<\/b><span style=\"font-weight: 400\">, uscito a marzo 2018. <\/span><\/p>\n<p><span style=\"font-weight: 400\">L\u2019album \u00e8 una selezione delle canzoni pi\u00f9 rappresentative e riassunto di tre anni di concerti, pubblico scatenato, risate e varie storie pi\u00f9 o meno accadute, probabili o immaginate, che si caratterizza per la ricerca di un sound <\/span><b>indie rock<\/b><span style=\"font-weight: 400\"> spensierato e originale in grado di mescolare le differenti influenze musicali. A brani da ballare e cantare a squarciagola come <\/span><b>Amori di Cartapesta<\/b><span style=\"font-weight: 400\"> e <\/span><b>La<\/b> <b>Grande Bellezza<\/b><span style=\"font-weight: 400\">, si sono uniti i temi sociali di <\/span><b>Se domani piove<\/b><span style=\"font-weight: 400\"> e le storie d&#8217;amore rocambolesche di <\/span><b>In fuga da camera tua<\/b><span style=\"font-weight: 400\"> e di <\/span><b>Aahhh!<\/b><span style=\"font-weight: 400\"> seguendo sempre non la ragione, ma la <\/span><b>Meccanica dei sensi<\/b><span style=\"font-weight: 400\"> lontana dalle logiche razionali e dalle composizioni a tavolino. <\/span><\/p>\n<p><span style=\"font-weight: 400\">Nel corso dell\u2019anno il gruppo si cimenta in un\u2019intensa attivit\u00e0 live, suonando sia in diversi locali del nord Italia che in piazza in occasione di diversi festival. Parallelamente continua l\u2019attivit\u00e0 di scrittura e composizione, che porta alla nascita di nuovi brani. A dicembre 2018 viene pubblicato un nuovo singolo, <\/span><b>\u201c\u00c8 una bomba\u201d,<\/b><span style=\"font-weight: 400\"> espressione della musica come grande valvola di decompressione e via di fuga da tutti i problemi, mentre nel 2019 continua l\u2019attivit\u00e0 in studio di registrazione, dal quale presto usciranno tanti nuovi brani.<\/span><\/p>\n<p>&nbsp;<\/p>\n<p><b>I Jack Frusciante \u00e8 rientrato nel gruppo sono:<\/b><\/p>\n<p>&nbsp;<\/p>\n<p><b>Marco Bonoldi (Batterista)<\/b><\/p>\n<p><b>Matteo Muffo (Bassista)<\/b><\/p>\n<p><b>Francesco Camposeo (Chitarrista)<\/b><\/p>\n<p><b>Gabriele Masi (voce e tastiere)<\/b><\/p>\n<p>&nbsp;<\/p>\n<p><b>Contatti e social<\/b><\/p>\n<p>&nbsp;<\/p>\n<p><b>Facebook: <\/b><a href=\"http:\/\/www.facebook.com\/jackfruscianterientratonelgruppo\/\"><b>www.facebook.com\/jackfruscianterientratonelgruppo\/<\/b><b><br \/>\n<\/b><\/a><b>Instagram: <\/b><a href=\"http:\/\/www.instagram.com\/jackfrusciante_official\/\"><b>www.instagram.com\/jackfrusciante_official\/<\/b><\/a><\/p>\n<p><b>Youtube: <\/b><a href=\"https:\/\/www.youtube.com\/channel\/UCWV0BPN9twXpewa1W7qv2Kg\"><b>https:\/\/www.youtube.com\/channel\/UCWV0BPN9twXpewa1W7qv2Kg<\/b><\/a><\/p>\n","protected":false},"excerpt":{"rendered":"<p>Dall\u2019 8 marzo in radio il nuovo brano della giovane band nata fra i banchi universitari di Milano. &nbsp; La canzone \u201cStoccolma\u201d di \u201cJack Frusciante \u00e8 rientrato nel gruppo\u201d fotografa l\u2019ultima tappa di un viaggio da backpacker nel magico inverno del Nord Europa. In tasca pochi soldi, mille pensieri e un libro. All&#8217;improvviso un incontro, [&hellip;]<\/p>\n","protected":false},"author":4383,"featured_media":0,"comment_status":"open","ping_status":"open","sticky":false,"template":"","format":"standard","meta":{"footnotes":""},"categories":[12],"tags":[],"class_list":["post-40645","post","type-post","status-publish","format-standard","hentry","category-musica"],"_links":{"self":[{"href":"https:\/\/www.area-press.eu\/comunicatistampa\/wp-json\/wp\/v2\/posts\/40645","targetHints":{"allow":["GET"]}}],"collection":[{"href":"https:\/\/www.area-press.eu\/comunicatistampa\/wp-json\/wp\/v2\/posts"}],"about":[{"href":"https:\/\/www.area-press.eu\/comunicatistampa\/wp-json\/wp\/v2\/types\/post"}],"author":[{"embeddable":true,"href":"https:\/\/www.area-press.eu\/comunicatistampa\/wp-json\/wp\/v2\/users\/4383"}],"replies":[{"embeddable":true,"href":"https:\/\/www.area-press.eu\/comunicatistampa\/wp-json\/wp\/v2\/comments?post=40645"}],"version-history":[{"count":2,"href":"https:\/\/www.area-press.eu\/comunicatistampa\/wp-json\/wp\/v2\/posts\/40645\/revisions"}],"predecessor-version":[{"id":40647,"href":"https:\/\/www.area-press.eu\/comunicatistampa\/wp-json\/wp\/v2\/posts\/40645\/revisions\/40647"}],"wp:attachment":[{"href":"https:\/\/www.area-press.eu\/comunicatistampa\/wp-json\/wp\/v2\/media?parent=40645"}],"wp:term":[{"taxonomy":"category","embeddable":true,"href":"https:\/\/www.area-press.eu\/comunicatistampa\/wp-json\/wp\/v2\/categories?post=40645"},{"taxonomy":"post_tag","embeddable":true,"href":"https:\/\/www.area-press.eu\/comunicatistampa\/wp-json\/wp\/v2\/tags?post=40645"}],"curies":[{"name":"wp","href":"https:\/\/api.w.org\/{rel}","templated":true}]}}