{"id":40542,"date":"2019-05-03T11:59:09","date_gmt":"2019-05-03T09:59:09","guid":{"rendered":"https:\/\/www.area-press.eu\/comunicatistampa\/?p=40542"},"modified":"2019-05-03T11:59:09","modified_gmt":"2019-05-03T09:59:09","slug":"autismo-e-sessualita-vivianus-ne-parla-al-convegno-diversamente-sessu-abili","status":"publish","type":"post","link":"https:\/\/www.area-press.eu\/comunicatistampa\/2019\/05\/03\/autismo-e-sessualita-vivianus-ne-parla-al-convegno-diversamente-sessu-abili\/","title":{"rendered":"Autismo e sessualit\u00e0: Vivianus ne parla al convegno \u201cDiversamente Sessu-Abili\u201d"},"content":{"rendered":"<p>Imparare a relazionarsi sentimentalmente, a gestire e a scoprire il proprio istinto sessuale in presenza dell\u2019autismo. Saranno questi i temi principali di <em>\u201cDiversamente Sessu-Abili\u201d<\/em>, il convegno dedicato al benessere sessuale delle persone affette da disabilit\u00e0 dell\u2019autismo organizzato da <strong><a href=\"http:\/\/www.associazionevivianus.it\">VIVIANUS<\/a><\/strong>, l\u2019associazione Onlus a Corato vicina alle famiglie che affrontano quotidianamente il problema della disabilit\u00e0 cognitiva.<\/p>\n<p>La sessualit\u00e0 delle persone con autismo non \u00e8 solo una necessit\u00e0 fisiologica, ma soprattutto un diritto da difendere anche attraverso l\u2019educazione: un diritto che talvolta viene ingiustamente negato.<\/p>\n<p>A spiegare in che modo sia possibile tutelarlo sar\u00e0 il dott. Michele Massimo Laforgia \u2013 Psicologo e Psicosessuologo \u2013 che nel corso dell\u2019evento ci illustrer\u00e0 come vivere in serenit\u00e0 la sessualit\u00e0 in presenza dell\u2019autismo, sia in et\u00e0 adolescenziale che in quella adulta. Sapersi relazionare, comunicare, esprimere i propri sentimenti sono prerogative importanti per chi vive la sessualit\u00e0, ma un ostacolo difficile da superare per chi \u00e8 affetto da <a href=\"http:\/\/www.associazionevivianus.it\/chi-siamo\">autismo<\/a>.<\/p>\n<p>E queste difficolt\u00e0 possono rappresentare anche un pericolo per le persone autistiche, in virt\u00f9 di una maggiore vulnerabilit\u00e0 e una limitata capacit\u00e0 a riconoscere situazioni incresciose, come ad esempio gli abusi sessuali.<\/p>\n<p>Di questo e di altro ancora si parler\u00e0 nel corso del convegno, che vedr\u00e0 confrontarsi volontari e professionalit\u00e0 del settore. L\u2019appuntamento \u00e8 <strong>Venerd\u00ec 10 Maggio 2019<\/strong> alle ore 15: 30 presso la sede dell&#8217;Associazione Vivianus in via Santa Lucia 19 c\/o Madonna Pellegrina.<\/p>\n","protected":false},"excerpt":{"rendered":"<p>Imparare a relazionarsi sentimentalmente, a gestire e a scoprire il proprio istinto sessuale in presenza dell\u2019autismo. Saranno questi i temi principali di \u201cDiversamente Sessu-Abili\u201d, il convegno dedicato al benessere sessuale delle persone affette da disabilit\u00e0 dell\u2019autismo organizzato da VIVIANUS, l\u2019associazione Onlus a Corato vicina alle famiglie che affrontano quotidianamente il problema della disabilit\u00e0 cognitiva. La [&hellip;]<\/p>\n","protected":false},"author":5108,"featured_media":0,"comment_status":"open","ping_status":"open","sticky":false,"template":"","format":"standard","meta":{"footnotes":""},"categories":[19188],"tags":[23175,23174],"class_list":["post-40542","post","type-post","status-publish","format-standard","hentry","category-volontariato-e-societa","tag-onlus-autismo","tag-sessualita-autismo"],"_links":{"self":[{"href":"https:\/\/www.area-press.eu\/comunicatistampa\/wp-json\/wp\/v2\/posts\/40542","targetHints":{"allow":["GET"]}}],"collection":[{"href":"https:\/\/www.area-press.eu\/comunicatistampa\/wp-json\/wp\/v2\/posts"}],"about":[{"href":"https:\/\/www.area-press.eu\/comunicatistampa\/wp-json\/wp\/v2\/types\/post"}],"author":[{"embeddable":true,"href":"https:\/\/www.area-press.eu\/comunicatistampa\/wp-json\/wp\/v2\/users\/5108"}],"replies":[{"embeddable":true,"href":"https:\/\/www.area-press.eu\/comunicatistampa\/wp-json\/wp\/v2\/comments?post=40542"}],"version-history":[{"count":1,"href":"https:\/\/www.area-press.eu\/comunicatistampa\/wp-json\/wp\/v2\/posts\/40542\/revisions"}],"predecessor-version":[{"id":40543,"href":"https:\/\/www.area-press.eu\/comunicatistampa\/wp-json\/wp\/v2\/posts\/40542\/revisions\/40543"}],"wp:attachment":[{"href":"https:\/\/www.area-press.eu\/comunicatistampa\/wp-json\/wp\/v2\/media?parent=40542"}],"wp:term":[{"taxonomy":"category","embeddable":true,"href":"https:\/\/www.area-press.eu\/comunicatistampa\/wp-json\/wp\/v2\/categories?post=40542"},{"taxonomy":"post_tag","embeddable":true,"href":"https:\/\/www.area-press.eu\/comunicatistampa\/wp-json\/wp\/v2\/tags?post=40542"}],"curies":[{"name":"wp","href":"https:\/\/api.w.org\/{rel}","templated":true}]}}