{"id":40421,"date":"2019-05-03T11:49:09","date_gmt":"2019-05-03T09:49:09","guid":{"rendered":"https:\/\/www.area-press.eu\/comunicatistampa\/?p=40421"},"modified":"2019-05-03T11:49:09","modified_gmt":"2019-05-03T09:49:09","slug":"personale-di-clara-woods-al-circolo-artistico-per-raccogliere-fondi-per-i-bimbi-autistici","status":"publish","type":"post","link":"https:\/\/www.area-press.eu\/comunicatistampa\/2019\/05\/03\/personale-di-clara-woods-al-circolo-artistico-per-raccogliere-fondi-per-i-bimbi-autistici\/","title":{"rendered":"Personale di Clara Woods al Circolo Artistico per raccogliere fondi per i bimbi autistici"},"content":{"rendered":"<p style=\"text-align: justify\"><img loading=\"lazy\" decoding=\"async\" class=\"alignright\" src=\"https:\/\/www.puntoventi.it\/wp-content\/uploads\/2019\/04\/invito-cena-clara-woods.jpg\" alt=\"Invito cena di gala Clara Woods\" width=\"800\" height=\"1127\" \/>La giovane artista fiorentina <strong>Clara Woods<\/strong> torna con una Personale <strong>dal 4 al 14 maggio<\/strong> al <strong>Circolo Artistico di Arezzo<\/strong>.<br \/>\n<strong>Clara ha 13 anni<\/strong>, <strong>non pu\u00f2 parlare a causa di un ictus perinatale<\/strong>, ma conosce tre lingue (italiano, inglese e portoghese), <strong>usa le dita per comunicare con il mondo e pennello e colori per esprimere i suoi stati d\u2019animo<\/strong>.<\/p>\n<p style=\"text-align: justify\">In occasione di questa sua <strong>decima Personale<\/strong> l\u2019artista presenter\u00e0, oltre all\u2019anteprima della collezione (in lavorazione) dedicata alla famiglia dei Medici, alcuni dei suoi ultimi dipinti. Tra questi: <strong>Caparica<\/strong>, ispirato alla bellissima spiaggia portoghese di Costa di Caparica, <strong>Spray Sky<\/strong>, frutto della prima sperimentazione della tecnica con spray e acrilico e <strong>Cotton Candy<\/strong>, un omaggio all\u2019amore per i dolci che l\u2019artista ha fin da piccola.<\/p>\n<p style=\"text-align: justify\">\u201cOltre a viaggiare, pitturare e ammirare Frida Kahlo,\u00a0&#8211; racconta la <strong>mamma Betina Genovesi<\/strong> &#8211; Clara ha sempre avuto poche passioni nella vita.\u00a0Abbiamo sempre faticato molto nel trovare attivit\u00e0, giochi e giocattoli che potessero coinvolgerla per pi\u00f9 di mezza giornata. Poi un giorno ha iniziato a studiare a scuola la storia della famiglia Medici e se n\u2019\u00e8 innamorata\u201d. In poco tempo Clara ha coinvolto tutta la sua famiglia nell\u2019approfondimento dello studio della <strong>Firenze medicea<\/strong> e ha iniziato con la sua insegnante d\u2019arte, Astrid Hohenegger, un percorso di analisi e studio delle figure di maggior spicco dell\u2019antica famiglia toscana per poterli ritrarre secondo il proprio stile personale.<br \/>\n\u201cQuesta collezione &#8211; spiega ancora Betina &#8211; d\u00e0 a Clara l\u2019opportunit\u00e0 di imparare <strong>nuove tecniche artistiche<\/strong>, di far maturare le sue emozioni per poterle gestire anche quando le cose non vanno come vorrebbe e di cimentarsi, con disciplina, su un <strong>progetto a lungo termine<\/strong>\u201d.<\/p>\n<p style=\"text-align: justify\">Nonostante la sua giovane et\u00e0, Clara sta costruendo il suo futuro a colpi di pennello: nel corso dell\u2019ultimo anno ha esposto in <strong>Giappone<\/strong>, a <strong>Miami<\/strong>, a <strong>Milano<\/strong>, a <strong>Roma<\/strong> e in molte altre localit\u00e0 italiane e ad agosto di quest\u2019anno sar\u00e0 ospite di una mostra del pittore e critico d\u2019arte toscano <strong>Marco Biscardi<\/strong> e del pluripremiato maestro giapponese <strong>Katsu Ishida<\/strong>.<\/p>\n<p style=\"text-align: justify\">La personale di Clara \u00e8 stata <strong>promossa e<\/strong> <strong>organizzata dall\u2019Avv. Andrea Santini<\/strong>, titolare dello Studio Legale Santini &amp; Partners di Arezzo, e interamente finanziata col generoso intervento di Fabrizio Biagioni, noto imprenditore aretino, patron di Showgarden e di molteplici altre attivit\u00e0 nella provincia.<br \/>\nNel corso del <strong>vernissage<\/strong> della mostra, in programma per <strong>sabato 4 maggio alle 19.30<\/strong> si terr\u00e0 una <strong>cena di gala di beneficenza<\/strong>, i cui proventi saranno devoluti al finanziamento del <strong>progetto \u201cMIR (Motricit\u00e0 Inclusione Ricerca). Crescere diversamente uguali\u201d<\/strong> dell\u2019<strong>Associazione Culturale e di Volontariato Crescere<\/strong> di Subbiano (AR). L\u2019iniziativa, che coinvolge molti professionisti specializzati nei servizi per l\u2019et\u00e0 evolutiva del territorio, prevede la <strong>realizzazione di un centro multidisciplinare polifunzionale<\/strong> che possa essere messo <strong>a disposizione dei bambini in et\u00e0 prescolare e del ciclo di studi primario e delle loro famiglie<\/strong>, sia in condizioni di benessere che in presenza di difficolt\u00e0.<\/p>\n<p style=\"text-align: justify\">L\u2019obiettivo di <strong>Spazio MIR<\/strong> \u00e8 quello di creare un contesto sicuro e protetto, in cui possano nascere e svilupparsi percorsi educativi di qualit\u00e0, per garantire il benessere generale e la possibilit\u00e0 di <strong>sviluppare al meglio le potenzialit\u00e0 dei pi\u00f9 piccoli<\/strong>; in particolare di quelli affetti da <strong>autismo<\/strong> o altre <strong>disabilit\u00e0 cognitivo-comportamentali<\/strong>. Attraverso la <strong>promozione del gioco come attivit\u00e0 per il benessere, l\u2019integrazione e l\u2019inclusione<\/strong>, lo Spazio MIR punta a diventare un riferimento per l\u2019intera provincia di Arezzo, offrendo servizi a costi calmierati in modo da rispondere alle esigenze di famiglie spesso in difficolt\u00e0 per l\u2019assenza di un supporto continuativo da parte dei servizi pubblici.<\/p>\n<p style=\"text-align: justify\">Clara, che \u00e8 molto sensibile al tema dell\u2019<strong>inclusione<\/strong>, ha voluto donare uno dei suoi quadri all\u2019Associazione Crescere perch\u00e9 i proventi della vendita possano portare ulteriore linfa allo Spazio MIR. Lei, che sui social \u00e8 ormai una star &#8211; tanto che su <strong>Instagram<\/strong> conta oltre <strong>24mila follower<\/strong> &#8211; ama essere di <strong>esempio e ispirazione<\/strong> per chi la segue e apprezza la sua arte, a maggior ragione in un caso come questo in cui pu\u00f2 essere d\u2019aiuto a ragazzi come lei.<\/p>\n<p style=\"text-align: justify\">Nei giorni successivi al vernissage la <strong>mostra<\/strong> rester\u00e0 <strong>aperta al pubblico<\/strong>, con ingresso libero, <strong>fino a marted\u00ec 14 maggio<\/strong>, con i seguenti orari: dal luned\u00ec al venerd\u00ec 10.00-12.30 e 17.00-19.30, sabato e domenica 10.00-13.00 e 16.00-20.00.<\/p>\n<p style=\"text-align: justify\"><em>L\u2019evento gode del patrocinio di Ad Astera Wealth Management e del Lions Club Arezzo Mecenate.<\/em><\/p>\n<p style=\"text-align: justify\"><strong><u>\u00a0<\/u><\/strong><\/p>\n<p style=\"text-align: justify\"><strong><u>Per informazioni:<br \/>\n<\/u><\/strong>Ufficio stampa Puntoventi<br \/>\nTel. 049.2616545 \u2013 349.5445680<br \/>\nE-mail <a href=\"mailto:ufficiostampa@puntoventi.it\">ufficiostampa@puntoventi.it<\/a><\/p>\n<p>&nbsp;<\/p>\n<p style=\"text-align: justify\"><strong><u>Per approfondimenti:<br \/>\n<\/u><\/strong><a href=\"http:\/\/www.clarawoods.art\">www.clarawoods.art<\/a><br \/>\n<a href=\"http:\/\/www.instagram.com\/woods_clara_\">www.instagram.com\/woods_clara<\/a><\/p>\n<p>&nbsp;<\/p>\n<p style=\"text-align: justify\"><strong><u>Per acquisto biglietti cena di gala 4\/04\/19:<br \/>\n<\/u><\/strong>francesca@leimpronte.org<\/p>\n","protected":false},"excerpt":{"rendered":"<p>La giovane artista fiorentina Clara Woods torna con una Personale dal 4 al 14 maggio al Circolo Artistico di Arezzo. Clara ha 13 anni, non pu\u00f2 parlare a causa di un ictus perinatale, ma conosce tre lingue (italiano, inglese e portoghese), usa le dita per comunicare con il mondo e pennello e colori per esprimere [&hellip;]<\/p>\n","protected":false},"author":5547,"featured_media":0,"comment_status":"open","ping_status":"open","sticky":false,"template":"","format":"standard","meta":{"footnotes":""},"categories":[3],"tags":[],"class_list":["post-40421","post","type-post","status-publish","format-standard","hentry","category-arte-e-cultura"],"_links":{"self":[{"href":"https:\/\/www.area-press.eu\/comunicatistampa\/wp-json\/wp\/v2\/posts\/40421","targetHints":{"allow":["GET"]}}],"collection":[{"href":"https:\/\/www.area-press.eu\/comunicatistampa\/wp-json\/wp\/v2\/posts"}],"about":[{"href":"https:\/\/www.area-press.eu\/comunicatistampa\/wp-json\/wp\/v2\/types\/post"}],"author":[{"embeddable":true,"href":"https:\/\/www.area-press.eu\/comunicatistampa\/wp-json\/wp\/v2\/users\/5547"}],"replies":[{"embeddable":true,"href":"https:\/\/www.area-press.eu\/comunicatistampa\/wp-json\/wp\/v2\/comments?post=40421"}],"version-history":[{"count":2,"href":"https:\/\/www.area-press.eu\/comunicatistampa\/wp-json\/wp\/v2\/posts\/40421\/revisions"}],"predecessor-version":[{"id":40423,"href":"https:\/\/www.area-press.eu\/comunicatistampa\/wp-json\/wp\/v2\/posts\/40421\/revisions\/40423"}],"wp:attachment":[{"href":"https:\/\/www.area-press.eu\/comunicatistampa\/wp-json\/wp\/v2\/media?parent=40421"}],"wp:term":[{"taxonomy":"category","embeddable":true,"href":"https:\/\/www.area-press.eu\/comunicatistampa\/wp-json\/wp\/v2\/categories?post=40421"},{"taxonomy":"post_tag","embeddable":true,"href":"https:\/\/www.area-press.eu\/comunicatistampa\/wp-json\/wp\/v2\/tags?post=40421"}],"curies":[{"name":"wp","href":"https:\/\/api.w.org\/{rel}","templated":true}]}}