{"id":40365,"date":"2019-04-24T20:01:19","date_gmt":"2019-04-24T18:01:19","guid":{"rendered":"https:\/\/www.area-press.eu\/comunicatistampa\/?p=40365"},"modified":"2019-04-24T20:01:19","modified_gmt":"2019-04-24T18:01:19","slug":"e-mobility-lo-studio-2019-di-enel-e-symbola-il-commento-dellad-francesco-starace","status":"publish","type":"post","link":"https:\/\/www.area-press.eu\/comunicatistampa\/2019\/04\/24\/e-mobility-lo-studio-2019-di-enel-e-symbola-il-commento-dellad-francesco-starace\/","title":{"rendered":"E-mobility, lo studio 2019 di Enel e Symbola: il commento dell\u2019AD Francesco Starace"},"content":{"rendered":"<p><em><strong>La mobilit\u00e0 green in Italia nel racconto di 100 esperienze vincenti: il valore dello studio &#8220;100 Italian E-Mobility Stories 2019&#8221; nelle parole dell&#8217;AD di Enel <a title=\"Francesco Starace, twitter\" href=\"https:\/\/twitter.com\/starax\">Francesco Starace<\/a>.<\/strong><\/em><\/p>\n<p><a title=\"Francesco, profilo twitter ad Enel\" href=\"https:\/\/twitter.com\/starax\"><img decoding=\"async\" src=\"https:\/\/pbs.twimg.com\/profile_images\/878725789956616192\/yMpF6rNc_400x400.jpg\" alt=\"Francesco Starace, amministratore delegato Enel\" height=\"150\" \/><\/a><\/p>\n<h2>Francesco Starace: le 100 storie di mobilit\u00e0 green nello studio Enel-Symbola<\/h2>\n<p>Puntare sulla sostenibilit\u00e0 e sull&#8217;efficienza, nella mobilit\u00e0 come negli altri settori, \u00e8 la strada da percorrere per garantire la sopravvivenza del pianeta. In questa direzione guarda anche &#8220;100 Italian E-Mobility Stories 2019&#8221;, lo studio presentato lo scorso 8 aprile dall&#8217;Amministratore Delegato e Direttore Generale di Enel <strong>Francesco Starace<\/strong> e da Ermete Realacci, Presidente di Fondazione Symbola. Due anni fa le due realt\u00e0 cooperarono nella realizzazione di un primo report per fare il punto sulla diffusione della mobilit\u00e0 elettrica in Italia attraverso il racconto di 100 esperienze: importanti iniziative pubbliche e private promosse da aziende, universit\u00e0, enti di ricerca e realt\u00e0 del terzo settore. A distanza di due anni Enel e Symbola ne hanno realizzato uno nuovo, inserendo altre 100 storie: ne emerge il racconto collettivo di un settore in crescita, in Italia e nel mondo. Oggi infatti a livello globale i veicoli elettrici sono 5,3 milioni, nel 2016 erano 1,5 milioni. E negli ultimi due anni in Italia la diffusione di auto elettriche \u00e8 raddoppiata: le vendite di e-car sono passate dalle circa 5mila unit\u00e0 del 2017 alle circa 10mila del 2018. <em>&#8220;La ricerca 100 Italian E-Mobility Stories 2019, dando voce alle eccellenze nazionali, ha il pregio di farci comprendere che la mobilit\u00e0 elettrica pu\u00f2 rappresentare un&#8217;opportunit\u00e0 di sviluppo da cogliere per l&#8217;intero Paese&#8221;<\/em> ha sottolineato <strong>Francesco Starace<\/strong> nel suo intervento.<\/p>\n<h2>Francesco Starace, lo studio sulla e-mobility in Italia: nel 2018 raddoppiata la vendita di auto elettriche<\/h2>\n<p>Le nostre imprese e i nostri centri di ricerca sono pronti ad affrontare la sfida della nuova mobilit\u00e0. \u00c8 quanto rileva l&#8217;AD di Enel <strong><a title=\"Francesco Starace,profilo twitter\" href=\"https:\/\/twitter.com\/starax\">Francesco Starace<\/a><\/strong> commentando il &#8220;100 Italian E-Mobility Stories 2019&#8221;. Lo studio d\u00e0 voce a realt\u00e0 impegnate attivamente nell&#8217;incentivare la diffusione della e-mobility: studi di design interessati alla ridefinizione di forme e stile dei veicoli del futuro, produttori di componenti che studiano l&#8217;uso di nuovi materiali (leghe leggere, alluminio e titanio al posto dell&#8217;acciaio) per alleggerirne il peso. Inoltre la ricerca prende in considerazione anche nuove forme di mobilit\u00e0, come il car sharing. <em>&#8220;La mobilit\u00e0 elettrica avr\u00e0 un ruolo fondamentale per la progressiva decarbonizzazione della nostra economia. I benefici non sono solamente ambientali&#8221;<\/em> ha spiegato <strong>Francesco Starace<\/strong>. <em>&#8220;Stiamo vedendo molti imprenditori dedicarsi a questa nuova tecnologia, partiamo lievemente in ritardo ma la strada \u00e8 molto lunga e possiamo rifarci&#8221;<\/em> ha aggiunto l&#8217;AD di Enel, sicuro che la storia della mobilit\u00e0 elettrica <em>&#8220;ci riserva ancora una bella sorpresa: l&#8217;Italia ce la fa&#8221;<\/em>.<\/p>\n","protected":false},"excerpt":{"rendered":"<p>La mobilit\u00e0 green in Italia nel racconto di 100 esperienze vincenti: il valore dello studio &#8220;100 Italian E-Mobility Stories 2019&#8221; nelle parole dell&#8217;AD di Enel Francesco Starace. Francesco Starace: le 100 storie di mobilit\u00e0 green nello studio Enel-Symbola Puntare sulla sostenibilit\u00e0 e sull&#8217;efficienza, nella mobilit\u00e0 come negli altri settori, \u00e8 la strada da percorrere per [&hellip;]<\/p>\n","protected":false},"author":3920,"featured_media":0,"comment_status":"open","ping_status":"open","sticky":false,"template":"","format":"standard","meta":{"footnotes":""},"categories":[5],"tags":[12227,10926],"class_list":["post-40365","post","type-post","status-publish","format-standard","hentry","category-aziendali","tag-enel","tag-francesco-starace"],"_links":{"self":[{"href":"https:\/\/www.area-press.eu\/comunicatistampa\/wp-json\/wp\/v2\/posts\/40365","targetHints":{"allow":["GET"]}}],"collection":[{"href":"https:\/\/www.area-press.eu\/comunicatistampa\/wp-json\/wp\/v2\/posts"}],"about":[{"href":"https:\/\/www.area-press.eu\/comunicatistampa\/wp-json\/wp\/v2\/types\/post"}],"author":[{"embeddable":true,"href":"https:\/\/www.area-press.eu\/comunicatistampa\/wp-json\/wp\/v2\/users\/3920"}],"replies":[{"embeddable":true,"href":"https:\/\/www.area-press.eu\/comunicatistampa\/wp-json\/wp\/v2\/comments?post=40365"}],"version-history":[{"count":1,"href":"https:\/\/www.area-press.eu\/comunicatistampa\/wp-json\/wp\/v2\/posts\/40365\/revisions"}],"predecessor-version":[{"id":40367,"href":"https:\/\/www.area-press.eu\/comunicatistampa\/wp-json\/wp\/v2\/posts\/40365\/revisions\/40367"}],"wp:attachment":[{"href":"https:\/\/www.area-press.eu\/comunicatistampa\/wp-json\/wp\/v2\/media?parent=40365"}],"wp:term":[{"taxonomy":"category","embeddable":true,"href":"https:\/\/www.area-press.eu\/comunicatistampa\/wp-json\/wp\/v2\/categories?post=40365"},{"taxonomy":"post_tag","embeddable":true,"href":"https:\/\/www.area-press.eu\/comunicatistampa\/wp-json\/wp\/v2\/tags?post=40365"}],"curies":[{"name":"wp","href":"https:\/\/api.w.org\/{rel}","templated":true}]}}