{"id":40283,"date":"2019-04-19T15:29:20","date_gmt":"2019-04-19T13:29:20","guid":{"rendered":"https:\/\/www.area-press.eu\/comunicatistampa\/?p=40283"},"modified":"2019-04-19T15:29:20","modified_gmt":"2019-04-19T13:29:20","slug":"team-pedercini-racing-jordi-torres-svetta-tra-i-piloti-indipendenti-ad-assen","status":"publish","type":"post","link":"https:\/\/www.area-press.eu\/comunicatistampa\/2019\/04\/19\/team-pedercini-racing-jordi-torres-svetta-tra-i-piloti-indipendenti-ad-assen\/","title":{"rendered":"Team Pedercini Racing: Jordi Torres svetta tra i piloti indipendenti ad Assen"},"content":{"rendered":"<p><em>Una stupenda prima gara ha contraddistinto il weekend del Team Pedercini Racing by Global Service Solutions sul TT Circuit di Assen (NL) con\u00a0<strong>Jordi Torres che ha conquistato l\u2019ottavo posto assoluto e primo dei piloti indipententi<\/strong>. Il pilota spagnolo e la sua Kawasaki Ninja ZX-10RR #81 hanno poi rischiato di concedere il bis con un altrettanto positivo decimo posto in gara due al secondo posto tra gli indipendenti, per un soffio.<\/em><\/p>\n<p><img decoding=\"async\" class=\"aligncenter size-full wp-image-2630\" src=\"https:\/\/20taskforceitaly.files.wordpress.com\/2019\/04\/gss-torres-ad-assen.jpg?w=1000\" alt=\"\" data-attachment-id=\"2630\" data-permalink=\"https:\/\/20taskforceitaly.wordpress.com\/2019\/04\/17\/global-service-solutions-spa-worldssp-jordi-torres-svetta-tra-i-piloti-indipendenti-ad-assen\/gss-torres-ad-assen\/\" data-orig-file=\"https:\/\/20taskforceitaly.files.wordpress.com\/2019\/04\/gss-torres-ad-assen.jpg?w=1000\" data-orig-size=\"800,229\" data-comments-opened=\"0\" data-image-meta=\"{&quot;aperture&quot;:&quot;0&quot;,&quot;credit&quot;:&quot;&quot;,&quot;camera&quot;:&quot;&quot;,&quot;caption&quot;:&quot;&quot;,&quot;created_timestamp&quot;:&quot;0&quot;,&quot;copyright&quot;:&quot;&quot;,&quot;focal_length&quot;:&quot;0&quot;,&quot;iso&quot;:&quot;0&quot;,&quot;shutter_speed&quot;:&quot;0&quot;,&quot;title&quot;:&quot;&quot;,&quot;orientation&quot;:&quot;0&quot;}\" data-image-title=\"GSS-Torres-ad-Assen\" data-image-description=\"\" data-medium-file=\"https:\/\/20taskforceitaly.files.wordpress.com\/2019\/04\/gss-torres-ad-assen.jpg?w=1000?w=300\" data-large-file=\"https:\/\/20taskforceitaly.files.wordpress.com\/2019\/04\/gss-torres-ad-assen.jpg?w=1000?w=800\" \/><\/p>\n<p>Un weekend decisamente insolito in Olanda. Dopo che la prima gara di sabato \u00e8 stata posticipata a causa di una inaspettata nevicata, della pista bagnata e delle temperature basse della pista, la sfida \u00e8 stata recuperata domenica mattina, al posto della Tissot Superpole Race. Gara due si \u00e8 invece svolta regolarmente alle 14:00 come previsto e cos\u00ec il weekend \u00e8 vissuto in via del tutto eccezionale su due gare della durata completa di 21 giri.<\/p>\n<p>Torres e il Team Pedercini Racing by Global Service Solutions hanno dimostrato competitivit\u00e0 e passo gara in ogni sessione, ma il momento clou si \u00e8 vissuto in gara uno, dove la Kawasaki Ninja ZX-10RR #81 ha artigliato ancora una volta la top ten e la zona punti. Torres ha chiuso a soli tre secondi da una delle moto ufficiali Ducati e con un vantaggio di 0.049 secondi sull\u2019oramai diretto avversario in campionato, Toprak Razgatlioglu. La seconda gara \u00e8 stata influenzata da alcune vibrazioni della moto di Torres, ma nonostante questo il caparbio pilota si \u00e8 riconfermato al decimo posto a solo mezzo secondo da Razgatlioglu, come a dire che la battaglia tra i due \u00e8 ancora lungi dall\u2019essere conclusa.<\/p>\n<p>Con solo due gare disputate, ma con l\u2019ottavo e il decimo posto finali,\u00a0<strong>Jordi \u00e8 nel complesso decimo nella classifica del Campionato Mondiale Motul FIM Superbike<\/strong>, un solo posto dietro all\u2019ex campione del mondo e pilota ufficiale Tom Sykes e con un importante vantaggio di tre punti proprio sul gi\u00e0 citato Razgatlioglu.<\/p>\n<p><strong>Il prossimo appuntamento sar\u00e0 la gara di casa del Team Pedercini Racing by Global Service Solutions, a Imola, dal 10 al 12 maggio.<\/strong><\/p>\n<p><strong>Jordi Torres #81 \u2013 Pilota:<\/strong><br \/>\n<em>\u201cDue grandi gare nello stesso giorno, speravo in questa giornata da molto tempo. Entrambe le gare di domenica sono per me il weekend perfetto e devo dire che siamo stati molto veloci, specie nella prima gara, e mi sono molto divertito a combattere con Toprak e Sykes. L\u2019ottava posizione \u00e8 stata grandiosa, \u00e8 stato un bel risultato per tutto il team. In gara due abbiamo provato a fare lo stesso, ma la moto era pi\u00f9 nervosa sia all\u2019anteriore che al posteriore e non sono riuscito ad entrare nelle curve come avrei voluto. Ho dovuto frenare prima e cercare di essere pi\u00f9 pulito in ingresso curva, ma la cosa pi\u00f9 importante \u00e8 che abbiamo riportato la moto intera al box in decima posizione raccogliendo informazioni molto importanti. In ogni caso continuiamo ad imparare gara dopo gara\u201d.<\/em><\/p>\n<p><strong>Lucio Pedercini \u2013 Team Owner:<\/strong><br \/>\n<em>\u201cSono molto contento per la forte prestazione di Jordi, tutto il team ha avuto grande soddisfazione per il risultato di gara uno, che ripaga ovviamente del grande lavoro svolto per preparare questa moto e per consentire a Jordi di essere competitivo in pista. A met\u00e0 della seconda gara ha avuto un problema con le vibrazioni e non ha potuto spingere molto, ma era ancora vicino a Razgatlioglu. Ogni weekend di gara miglioriamo e siamo molto ottimisti per il futuro. Abbiamo avuto poche occasioni di test durante l\u2019inverno, ma ogni gara che affrontiamo i meccanici e Jordi migliorano il feeling con il pacchetto. Sapevo che sarebbe successo, ma \u00e8 bellissimo vederlo accadere per davvero in pista\u201d.<\/em><\/p>\n<p>\u2013<br \/>\n<strong>WORLDSSP<\/strong><br \/>\n<strong>Gara sfortunata in WorldSSP con Badovini e Smith che non hanno potuto raccogliere quanto meritato<\/strong><\/p>\n<p>La nuova line-up del Team Pedercini Racing by Global Service Solutions in WorldSSP ha visto protagonisti anche ad Assen Ayrton Badovini (ITA) e Kyle Smith (GB) in quello che senza dubbio si \u00e8 rivelato uno degli appuntamenti pi\u00f9 tosti fino ad ora disputati in questa stagione.<\/p>\n<p>Dopo l\u2019intenso lavoro delle prove libere, sabato si \u00e8 rivelata una sfida per tutti con la tempesta di neve, le temperature dell\u2019aria e dell\u2019asfalto molto rigide e alcuni incidenti che hanno fatto sventolare la bandiera rossa durante la Superpole. Una situazione che ha visto quindi Badovini 11\u00b0 e Smith 16\u00b0 sulla griglia di partenza.<\/p>\n<p>La gara \u00e8 stata particolarmente difficile per Ayrton che ha preso l\u2019influenza e ha perso sangue dal naso in mattinata, una condizione che ha reso la sua performance di gara difficile ed estenuante. Nonostante questa situazione, il pilota italiano ha dimostrato il suo grande valore chiudendo all\u201911\u00b0 posto in sella alla Kawasaki Ninja ZX-6R #86 e conquistando punti importanti.<\/p>\n<p>Il nuovo pilota ufficiale del team, Kyle Smith, ha faticato con i cambi di assetto della moto nelle prove libere e nelle qualifiche, ma con un set-up della gara migliore era riuscito ad entrare nella lotta per la top ten. Sfortunatamente un altro pilota ha colpito il suo manubrio mentre tentava di risuperarlo e Kyle \u00e8 caduto, dovendosi ritirare dalla gara.<\/p>\n<p>Nella classifica del campionato WorldSSP Kyle \u00e8 ora 15\u00b0 con sette punti mentre Ayrton \u00e8 17\u00b0 con sei punti.<\/p>\n<p>Il prossimo appuntamento sar\u00e0 la gara di casa del Team Pedercini Racing by Global Service Solutions, a Imola, dal 10 al 12 maggio.<\/p>\n<p><strong>Ayrton Badovini #86 \u2013 Pilota:<\/strong><br \/>\n<em>\u201cSiamo stati sfortunati in Superpole perch\u00e9 le bandiere rosse sono state esposte prima che potessimo spingere per un tempo migliore con la gomma pi\u00f9 performante, ma passo dopo passo stiamo migliorando e sono stato decisamente contento di finire la gara perch\u00e9 l\u2019influenza ha reso tutto pi\u00f9 difficile. Questa mattina, durante il riscaldamento, ho iniziato a perdere sangue dal naso, quindi \u00e8 stata una giornata complicata per me. Negli ultimi quattro giri ero completamente sfinito, ma allo stesso tempo anche contento perch\u00e9 sto iniziando a sentire che la moto funziona molto bene. In gara abbiamo provato soluzioni nuove per arrivare ad Imola pronti e penso che stiamo andando nella direzione giusta\u201d.<\/em><\/p>\n<p><strong>Kyle Smith # 11 \u2013 Pilota:<\/strong><br \/>\n<em>\u201cAbbiamo lavorato molto sul set-up della moto, ripartendo praticamente da zero, ma abbiamo iniziato il weekend lavorando nella direzione sbagliata. La moto sembrava troppo alta all\u2019anteriore, quindi ho chiuso al 19\u00b0 posto il warm-up che non era esattamente dove volevo essere. Per questo per la gra abbiamo fatto delle variazioni importanti e le cose sono subito andate meglio. Ho avuto una discreta partenza e stavo costruendo la mia gara con un buon passo nel mezzo del gruppo e sono arrivato al sorpasso di un\u2019altro pilota. L\u2019ho superato alla prima curva, ma alla seconda mi \u00e8 entrato all\u2019interno e mi ha buttato gi\u00f9\u201d.<\/em><\/p>\n<p><strong>Lucio Pedercini \u2013 Team Owner:<\/strong><br \/>\n<em>\u201cSpiace per Ayrton, ma nelle condizioni in cui era ha fatto un ottimo lavoro. Con Kyle abbiamo lavorato molto nel weeend per trovare un set-up bilanciato della moto perch\u00e9 non si sentiva a suo agio in sella. In gara ha avuto questo contatto, ma sono sicuro che arriveremo ad Imola pronti per dare il nostro meglio. Avremo occasione di fare un test a Misano alla fine di maggio, quindi sono sicuro che da Jerez potremo quasi iniziare una nuova stagione\u201d.<\/em><\/p>\n<p><strong>Global Service Solutions Spa<\/strong><\/p>\n<p>Un unico interlocutore per tutti i servizi.\u200b<strong>\u00a0Global Service Solutions Spa \u00e8 lo specialista del Facility Management sostenibile in Italia<\/strong>. Presente anche sul mercato internazionale, offre una vasta gamma di soluzioni integrate per la gestione dei progetti, la manutenzione, la bioedilizia, l\u2019ingegneria meccanica, la pulizia e la sanificazione.<\/p>\n<p>\u200bLa ricerca continua unita al rispetto per l\u2019ambiente sono alla base della mission aziendale. \u200bL\u2019azienda ha un approccio strategico sostenibile ed eco-compatibile. Questo significa beneficiare di molti vantaggi operativi: design integrato sempre coordinato, efficienza operativa e garanzie di mantenimento degli standard.<\/p>\n<p>Global Service Solutions Spa offre un servizio eco-innovativo in linea con tutte le normative ambientali europee.<\/p>\n<p><strong>Fonte<\/strong>:\u00a0<a href=\"https:\/\/pr24.news\/jordi-torres-svetta-tra-i-piloti-indipendenti-ad-assen-difficile-weekend-in-worldssp-per-il-team-pedercini-racing-by-global-service-solutions-spa\/\" target=\"_blank\" rel=\"noopener noreferrer\">pr24.news<\/a><\/p>\n<p><strong>Ufficio Stampa \u2013 Pr24.news<\/strong><br \/>\nSalvatore Ponticelli<br \/>\nponticelli@pr24.news<br \/>\n+393928394600<\/p>\n","protected":false},"excerpt":{"rendered":"<p>Una stupenda prima gara ha contraddistinto il weekend del Team Pedercini Racing by Global Service Solutions sul TT Circuit di Assen (NL) con\u00a0Jordi Torres che ha conquistato l\u2019ottavo posto assoluto e primo dei piloti indipententi. Il pilota spagnolo e la sua Kawasaki Ninja ZX-10RR #81 hanno poi rischiato di concedere il bis con un altrettanto [&hellip;]<\/p>\n","protected":false},"author":5451,"featured_media":0,"comment_status":"open","ping_status":"open","sticky":false,"template":"","format":"standard","meta":{"footnotes":""},"categories":[15],"tags":[23071,23069,23072,23070],"class_list":["post-40283","post","type-post","status-publish","format-standard","hentry","category-sport","tag-globalservicesolutions","tag-global-service-solutions-spa","tag-gss-assen","tag-team-pedercini-racing"],"_links":{"self":[{"href":"https:\/\/www.area-press.eu\/comunicatistampa\/wp-json\/wp\/v2\/posts\/40283","targetHints":{"allow":["GET"]}}],"collection":[{"href":"https:\/\/www.area-press.eu\/comunicatistampa\/wp-json\/wp\/v2\/posts"}],"about":[{"href":"https:\/\/www.area-press.eu\/comunicatistampa\/wp-json\/wp\/v2\/types\/post"}],"author":[{"embeddable":true,"href":"https:\/\/www.area-press.eu\/comunicatistampa\/wp-json\/wp\/v2\/users\/5451"}],"replies":[{"embeddable":true,"href":"https:\/\/www.area-press.eu\/comunicatistampa\/wp-json\/wp\/v2\/comments?post=40283"}],"version-history":[{"count":1,"href":"https:\/\/www.area-press.eu\/comunicatistampa\/wp-json\/wp\/v2\/posts\/40283\/revisions"}],"predecessor-version":[{"id":40284,"href":"https:\/\/www.area-press.eu\/comunicatistampa\/wp-json\/wp\/v2\/posts\/40283\/revisions\/40284"}],"wp:attachment":[{"href":"https:\/\/www.area-press.eu\/comunicatistampa\/wp-json\/wp\/v2\/media?parent=40283"}],"wp:term":[{"taxonomy":"category","embeddable":true,"href":"https:\/\/www.area-press.eu\/comunicatistampa\/wp-json\/wp\/v2\/categories?post=40283"},{"taxonomy":"post_tag","embeddable":true,"href":"https:\/\/www.area-press.eu\/comunicatistampa\/wp-json\/wp\/v2\/tags?post=40283"}],"curies":[{"name":"wp","href":"https:\/\/api.w.org\/{rel}","templated":true}]}}