{"id":40281,"date":"2019-04-19T15:29:20","date_gmt":"2019-04-19T13:29:20","guid":{"rendered":"https:\/\/www.area-press.eu\/comunicatistampa\/?p=40281"},"modified":"2019-04-19T15:29:20","modified_gmt":"2019-04-19T13:29:20","slug":"centro-politerapico-polidiagnostico-monza-quante-volte-bisogna-lavarsi-i-denti-ecco-la-risposta","status":"publish","type":"post","link":"https:\/\/www.area-press.eu\/comunicatistampa\/2019\/04\/19\/centro-politerapico-polidiagnostico-monza-quante-volte-bisogna-lavarsi-i-denti-ecco-la-risposta\/","title":{"rendered":"Centro Politerapico Polidiagnostico Monza: quante volte bisogna lavarsi i denti? Ecco la risposta"},"content":{"rendered":"<p><i><span style=\"font-weight: 400\">Gli esperti di Politerapico, centro polispecialistico di Monza, illustrano le best practices da adottare per una corretta igiene orale<\/span><\/i><\/p>\n<p><span style=\"font-weight: 400\">Milano, Aprile 2019 \u2013 \u201cTi sei lavato i denti\u201d? La domanda echeggia \u2013 da sempre \u2013 in tutte le case italiane dove vivono bambini e ragazzi, allo scopo di educarli a una corretta igiene orale. Prendersi cura nel modo pi\u00f9 appropriato dei propri denti, infatti, permette di mantenerli sani e puliti, senza che i frammenti di cibo si depositino tra gli interstizi e che bevande come the o caff\u00e8 macchino lo smalto.<\/span><\/p>\n<p><span style=\"font-weight: 400\">Ma <\/span><b>quante volte bisogna lavarsi i denti ogni giorno?<\/b><strong><a href=\"https:\/\/www.politerapico.it\/odontoiatria\/\"> Gli esperti di Politerapico<\/a><\/strong><span style=\"font-weight: 400\">, centro polifunzionale di Monza, consigliano di prestare attenzione oltre al <\/span><i><span style=\"font-weight: 400\">quando<\/span><\/i><span style=\"font-weight: 400\"> anche al <\/span><i><span style=\"font-weight: 400\">come<\/span><\/i><span style=\"font-weight: 400\">. \u00a0Il che significa che <\/span><b>non \u00e8 importante solo quante volte ci si lava i denti quotidianamente, ma anche il modo in cui lo si fa. <\/b><\/p>\n<p><span style=\"font-weight: 400\">In teoria, i denti dovrebbero essere lavati <\/span><b>tre volte al giorno<\/b><span style=\"font-weight: 400\">, dopo i pasti principali, ossia colazione, pranzo e cena; tuttavia, molte persone preferiscono dividere i pasti in pi\u00f9 di tre, aggiungendo anche uno spuntino a met\u00e0 mattina e una merenda a met\u00e0 pomeriggio. In questi casi, gli esperti raccomandano di lavarsi comunque i denti dopo aver mangiato, anche se si arriva a un conteggio finale di 5 o 6 volte al giorno. <\/span><\/p>\n<p><span style=\"font-weight: 400\">In ogni caso, contrariamente a quanto si crede, <\/span><b>il fatto di mettersi a tavola non \u00e8 un fattore direttamente collegato alla pulizia dei denti, che infatti deve essere eseguita anche in caso di digiuno.<\/b><span style=\"font-weight: 400\"> Il motivo \u00e8 semplice: trascorso un tempo di 8 ore, la placca \u2013 cio\u00e8 lo strato batterico che si accumula attorno ai denti \u2013 subisce un graduale processo di calcificazione, fino a diventare tartaro, che non \u00e8 pi\u00f9 possibile rimuovere con il comune spazzolino da denti. <\/span><\/p>\n<p><span style=\"font-weight: 400\">Proprio per questo \u00e8 necessario, soprattutto per i pazienti che soffrono di carie o sanguinamento gengivale, non far trascorrere pi\u00f9 di 8 ore tra una pulizia e l\u2019altra, indipendentemente dal fatto di aver pranzato. <\/span><\/p>\n<p><span style=\"font-weight: 400\">Da non dimenticare anche le modalit\u00e0 in cui ci si lava i denti, determinanti per una corretta igiene orale: se si passa lo spazzolino orizzontalmente e con troppa forza, l\u2019unico risultato che si ottiene \u00e8 un rapido consumo dello smalto. <\/span><\/p>\n<p><span style=\"font-weight: 400\">L\u2019ideale \u00e8 spazzolare i denti in direzione verticale, cercando di pulire al meglio anche attorno e sul lato interno, spesso \u201cdimenticato\u201d a favore della parte esterna. <\/span><\/p>\n<p>&nbsp;<\/p>\n","protected":false},"excerpt":{"rendered":"<p>Gli esperti di Politerapico, centro polispecialistico di Monza, illustrano le best practices da adottare per una corretta igiene orale Milano, Aprile 2019 \u2013 \u201cTi sei lavato i denti\u201d? La domanda echeggia \u2013 da sempre \u2013 in tutte le case italiane dove vivono bambini e ragazzi, allo scopo di educarli a una corretta igiene orale. Prendersi [&hellip;]<\/p>\n","protected":false},"author":4517,"featured_media":0,"comment_status":"open","ping_status":"open","sticky":false,"template":"","format":"standard","meta":{"footnotes":""},"categories":[29],"tags":[],"class_list":["post-40281","post","type-post","status-publish","format-standard","hentry","category-comunicati"],"_links":{"self":[{"href":"https:\/\/www.area-press.eu\/comunicatistampa\/wp-json\/wp\/v2\/posts\/40281","targetHints":{"allow":["GET"]}}],"collection":[{"href":"https:\/\/www.area-press.eu\/comunicatistampa\/wp-json\/wp\/v2\/posts"}],"about":[{"href":"https:\/\/www.area-press.eu\/comunicatistampa\/wp-json\/wp\/v2\/types\/post"}],"author":[{"embeddable":true,"href":"https:\/\/www.area-press.eu\/comunicatistampa\/wp-json\/wp\/v2\/users\/4517"}],"replies":[{"embeddable":true,"href":"https:\/\/www.area-press.eu\/comunicatistampa\/wp-json\/wp\/v2\/comments?post=40281"}],"version-history":[{"count":1,"href":"https:\/\/www.area-press.eu\/comunicatistampa\/wp-json\/wp\/v2\/posts\/40281\/revisions"}],"predecessor-version":[{"id":40282,"href":"https:\/\/www.area-press.eu\/comunicatistampa\/wp-json\/wp\/v2\/posts\/40281\/revisions\/40282"}],"wp:attachment":[{"href":"https:\/\/www.area-press.eu\/comunicatistampa\/wp-json\/wp\/v2\/media?parent=40281"}],"wp:term":[{"taxonomy":"category","embeddable":true,"href":"https:\/\/www.area-press.eu\/comunicatistampa\/wp-json\/wp\/v2\/categories?post=40281"},{"taxonomy":"post_tag","embeddable":true,"href":"https:\/\/www.area-press.eu\/comunicatistampa\/wp-json\/wp\/v2\/tags?post=40281"}],"curies":[{"name":"wp","href":"https:\/\/api.w.org\/{rel}","templated":true}]}}