{"id":40140,"date":"2019-04-15T18:08:55","date_gmt":"2019-04-15T16:08:55","guid":{"rendered":"https:\/\/www.area-press.eu\/comunicatistampa\/?p=40140"},"modified":"2019-04-15T18:08:55","modified_gmt":"2019-04-15T16:08:55","slug":"pop-revolution-ii-la-finanza-incontra-larte-a-palazzo-petrucci","status":"publish","type":"post","link":"https:\/\/www.area-press.eu\/comunicatistampa\/2019\/04\/15\/pop-revolution-ii-la-finanza-incontra-larte-a-palazzo-petrucci\/","title":{"rendered":"POP REVOLUTION II: LA FINANZA INCONTRA L\u2019ARTE A PALAZZO PETRUCCI"},"content":{"rendered":"<p>Napoli, 6 dicembre 2018, presso la prestigiosa location Palazzo Petrucci (Via Posillipo 19\/c) \u00e8 stata inaugurata la mostra Pop Revolution II, nata dalla collaborazione tra Fineco Private Banking ed International Broker Art. La piacevole serata, riservata a 100 selezionatissimi ospiti, \u00e8 stata arricchita dalla visita guidata del direttore IBA Pasquale Crispino. Come per incanto Palazzo Petrucci \u2012 tra champagne, ostriche e suchi \u2012 si \u00e8 trasformato in un vero museo.<\/p>\n<p>Danilo Gigante \u00e8 l\u2019ideatore di International Broker Art: un progetto innovativo d\u2019arte contemporanea nato grande e presto trasformatosi in una delle pi\u00f9 attive ed attrattive societ\u00e0 italiane organizzatrici di mostre. Per questo motivo Gigante \u00e8 stato il principale promotore dell\u2019iniziativa; fortemente sostenuta anche da Strato Fevola, consulente specializzato in gestione dei patrimoni personali.<\/p>\n<p>In questo senso le opere d\u2019arte contemporanee diventano una ghiotta occasione per diversificare gli investimenti finanziari. In merito a ci\u00f2, Danilo Gigante evidenzia: \u201cL\u2019arte non \u00e8 solo una modalit\u00e0 per far fruttare i propri risparmi\u2026 non dimenticate mai che l\u2019arte \u00e8 vita, l\u2019arte \u00e8 gioia, l\u2019arte \u00e8 felicit\u00e0, l\u2019arte \u00e8 uno strumento di pace e riconciliazione tra popoli\u201d.<\/p>\n<p>In definitiva i capolavori esposti a Palazzo Petrucci sono il simbolo di una rivoluzione artistica senza tempo; la celebre \u201cMarilyn\u201d di Andy Wharol e la stupefacente \u201cSofia\u201d di Mimmo Rotella sono l\u2019emblema della bellezza, che partendo da Napoli si diffonde in tutto il mondo.<\/p>\n","protected":false},"excerpt":{"rendered":"<p>Napoli, 6 dicembre 2018, presso la prestigiosa location Palazzo Petrucci (Via Posillipo 19\/c) \u00e8 stata inaugurata la mostra Pop Revolution II, nata dalla collaborazione tra Fineco Private Banking ed International Broker Art. La piacevole serata, riservata a 100 selezionatissimi ospiti, \u00e8 stata arricchita dalla visita guidata del direttore IBA Pasquale Crispino. Come per incanto Palazzo [&hellip;]<\/p>\n","protected":false},"author":4753,"featured_media":0,"comment_status":"open","ping_status":"open","sticky":false,"template":"","format":"standard","meta":{"footnotes":""},"categories":[3],"tags":[],"class_list":["post-40140","post","type-post","status-publish","format-standard","hentry","category-arte-e-cultura"],"_links":{"self":[{"href":"https:\/\/www.area-press.eu\/comunicatistampa\/wp-json\/wp\/v2\/posts\/40140","targetHints":{"allow":["GET"]}}],"collection":[{"href":"https:\/\/www.area-press.eu\/comunicatistampa\/wp-json\/wp\/v2\/posts"}],"about":[{"href":"https:\/\/www.area-press.eu\/comunicatistampa\/wp-json\/wp\/v2\/types\/post"}],"author":[{"embeddable":true,"href":"https:\/\/www.area-press.eu\/comunicatistampa\/wp-json\/wp\/v2\/users\/4753"}],"replies":[{"embeddable":true,"href":"https:\/\/www.area-press.eu\/comunicatistampa\/wp-json\/wp\/v2\/comments?post=40140"}],"version-history":[{"count":1,"href":"https:\/\/www.area-press.eu\/comunicatistampa\/wp-json\/wp\/v2\/posts\/40140\/revisions"}],"predecessor-version":[{"id":40141,"href":"https:\/\/www.area-press.eu\/comunicatistampa\/wp-json\/wp\/v2\/posts\/40140\/revisions\/40141"}],"wp:attachment":[{"href":"https:\/\/www.area-press.eu\/comunicatistampa\/wp-json\/wp\/v2\/media?parent=40140"}],"wp:term":[{"taxonomy":"category","embeddable":true,"href":"https:\/\/www.area-press.eu\/comunicatistampa\/wp-json\/wp\/v2\/categories?post=40140"},{"taxonomy":"post_tag","embeddable":true,"href":"https:\/\/www.area-press.eu\/comunicatistampa\/wp-json\/wp\/v2\/tags?post=40140"}],"curies":[{"name":"wp","href":"https:\/\/api.w.org\/{rel}","templated":true}]}}