{"id":40114,"date":"2019-04-12T17:23:59","date_gmt":"2019-04-12T15:23:59","guid":{"rendered":"https:\/\/www.area-press.eu\/comunicatistampa\/?p=40114"},"modified":"2019-04-12T17:23:59","modified_gmt":"2019-04-12T15:23:59","slug":"il-ritratto-professionale-del-giudice-nicolo-zanon","status":"publish","type":"post","link":"https:\/\/www.area-press.eu\/comunicatistampa\/2019\/04\/12\/il-ritratto-professionale-del-giudice-nicolo-zanon\/","title":{"rendered":"Il ritratto professionale del giudice Nicol\u00f2 Zanon"},"content":{"rendered":"<p><em><strong>Dopo la laurea in Giurisprudenza, <a title=\"Nicol\u00f2 Zanon, Treccani\" href=\"http:\/\/www.treccani.it\/enciclopedia\/nicolo-zanon\/\">Nicol\u00f2 Zanon<\/a> ha conseguito il Dottorato di ricerca presso l&#8217;Universit\u00e0 di Firenze. Attualmente giudice della Corte Costituzionale, \u00e8 Professore Ordinario fuori ruolo (in ragione della sua carica) di Diritto costituzionale presso l&#8217;Universit\u00e0 degli Studi di Milano.<\/strong><\/em><\/p>\n<p><a title=\"Nicol\u00f2 Zanon, voce enciclopedia Treccani\" href=\"http:\/\/www.treccani.it\/enciclopedia\/nicolo-zanon\/\"><img loading=\"lazy\" decoding=\"async\" src=\"https:\/\/0.academia-photos.com\/92697291\/20526019\/20159032\/s200_nicol_.zanon.jpg\" alt=\"Nicol\u00f2 Zanon\" width=\"108\" height=\"108\" \/><\/a><\/p>\n<h2>Nicol\u00f2 Zanon: l&#8217;esperienza accademica<\/h2>\n<p>Giurista e docente, <strong>Nicol\u00f2 Zanon<\/strong> nasce a Torino il 27 marzo 1961 e si laurea in Giurisprudenza presso l&#8217;Universit\u00e0 degli Studi della citt\u00e0 con una tesi in Diritto Pubblico Comparato. In seguito, completa la sua formazione presso l&#8217;Universit\u00e0 di Firenze conseguendo il Dottorato di ricerca in Diritto Comparato. Durante l&#8217;arco temporale compreso tra il 1991 e il 1996, <strong>Nicol\u00f2 Zanon<\/strong> \u00e8 Ricercatore in Diritto costituzionale comparato presso la Facolt\u00e0 di Giurisprudenza dell&#8217;Universit\u00e0 degli Studi di Torino. Nel medesimo periodo approfondisce le sue conoscenze attraverso soggiorni di studio all&#8217;estero: in Francia, presso il Groupe de recherches et \u00e9tudes sur la justice constitutionnelle di Aix-en-Provence, e in Germania, presso l&#8217;Universit\u00e0 di Bayreut. Dopo aver maturato diverse esperienze in qualit\u00e0 di docente all&#8217;interno di alcuni tra i pi\u00f9 prestigiosi atenei italiani, diventa Professore Ordinario fuori ruolo (in ragione della sua carica) di Diritto Costituzionale presso l&#8217;Universit\u00e0 degli Studi di Milano.<\/p>\n<h2>Nicol\u00f2 Zanon: la carriera in ambito istituzionale<\/h2>\n<p><strong><a title=\"Nicol\u00f2 Zanon: enciclopedia treccani\" href=\"http:\/\/www.treccani.it\/enciclopedia\/nicolo-zanon\/\">Nicol\u00f2 Zanon<\/a><\/strong> affianca alla carriera accademica un ricco percorso in ambito giuridico e istituzionale, segnato da incarichi prestigiosi e importanti onorificenze. In particolare, tra il 1996 e 1997, \u00e8 Assistente di Studio del giudice Costituzionale Prof. Valerio a Roma. Degno di nota \u00e8, inoltre, il suo operato nel Comitato Legislativo della Regione Lombardia per dieci anni e la sua attivit\u00e0 di consulenza alla Commissione parlamentare per le questioni regionali, in qualit\u00e0 di membro del board &#8220;Riforme e Garanzie&#8221; della Fondazione Magna Carta. Gi\u00e0 Presidente della seconda Commissione permanente del Consiglio di presidenza della giustizia amministrativa, nel 2010 \u00e8 eletto componente laico del Consiglio superiore della magistratura. <strong>Nicol\u00f2 Zanon<\/strong> viene incluso, nel 2013, tra i cosiddetti &#8220;saggi&#8221;, nonch\u00e9 gli esperti della Commissione impegnati nella revisione della parte seconda della Costituzione. Nel 2017 gli viene conferito il prestigioso titolo di Cavaliere di Gran Croce dell&#8217;Ordine al merito della Repubblica italiana.<\/p>\n","protected":false},"excerpt":{"rendered":"<p>Dopo la laurea in Giurisprudenza, Nicol\u00f2 Zanon ha conseguito il Dottorato di ricerca presso l&#8217;Universit\u00e0 di Firenze. Attualmente giudice della Corte Costituzionale, \u00e8 Professore Ordinario fuori ruolo (in ragione della sua carica) di Diritto costituzionale presso l&#8217;Universit\u00e0 degli Studi di Milano. Nicol\u00f2 Zanon: l&#8217;esperienza accademica Giurista e docente, Nicol\u00f2 Zanon nasce a Torino il 27 [&hellip;]<\/p>\n","protected":false},"author":5434,"featured_media":0,"comment_status":"open","ping_status":"open","sticky":false,"template":"","format":"standard","meta":{"footnotes":""},"categories":[29],"tags":[21607],"class_list":["post-40114","post","type-post","status-publish","format-standard","hentry","category-comunicati","tag-nicolo-zanon"],"_links":{"self":[{"href":"https:\/\/www.area-press.eu\/comunicatistampa\/wp-json\/wp\/v2\/posts\/40114","targetHints":{"allow":["GET"]}}],"collection":[{"href":"https:\/\/www.area-press.eu\/comunicatistampa\/wp-json\/wp\/v2\/posts"}],"about":[{"href":"https:\/\/www.area-press.eu\/comunicatistampa\/wp-json\/wp\/v2\/types\/post"}],"author":[{"embeddable":true,"href":"https:\/\/www.area-press.eu\/comunicatistampa\/wp-json\/wp\/v2\/users\/5434"}],"replies":[{"embeddable":true,"href":"https:\/\/www.area-press.eu\/comunicatistampa\/wp-json\/wp\/v2\/comments?post=40114"}],"version-history":[{"count":1,"href":"https:\/\/www.area-press.eu\/comunicatistampa\/wp-json\/wp\/v2\/posts\/40114\/revisions"}],"predecessor-version":[{"id":40115,"href":"https:\/\/www.area-press.eu\/comunicatistampa\/wp-json\/wp\/v2\/posts\/40114\/revisions\/40115"}],"wp:attachment":[{"href":"https:\/\/www.area-press.eu\/comunicatistampa\/wp-json\/wp\/v2\/media?parent=40114"}],"wp:term":[{"taxonomy":"category","embeddable":true,"href":"https:\/\/www.area-press.eu\/comunicatistampa\/wp-json\/wp\/v2\/categories?post=40114"},{"taxonomy":"post_tag","embeddable":true,"href":"https:\/\/www.area-press.eu\/comunicatistampa\/wp-json\/wp\/v2\/tags?post=40114"}],"curies":[{"name":"wp","href":"https:\/\/api.w.org\/{rel}","templated":true}]}}