{"id":39970,"date":"2019-04-08T19:08:05","date_gmt":"2019-04-08T17:08:05","guid":{"rendered":"https:\/\/www.area-press.eu\/comunicatistampa\/?p=39970"},"modified":"2019-04-08T19:08:05","modified_gmt":"2019-04-08T17:08:05","slug":"firenze-successo-treviso-creativity-week-folla-di-studenti-e-giovani-startupper","status":"publish","type":"post","link":"https:\/\/www.area-press.eu\/comunicatistampa\/2019\/04\/08\/firenze-successo-treviso-creativity-week-folla-di-studenti-e-giovani-startupper\/","title":{"rendered":"FIRENZE, SUCCESSO \u201cTREVISO CREATIVITY WEEK\u201d, FOLLA DI STUDENTI E GIOVANI STARTUPPER"},"content":{"rendered":"<p><em>Venerd\u00ec scorso pienone in centro a Firenze per il lancio del concorso nazionale PensoFUTURO 2019 dedicato agli studenti di tutte le scuole superiori d&#8217;Italia. Electrolux e Cisco a caccia di nuovi talenti<\/em><\/p>\n<p>&nbsp;<\/p>\n<p>Studenti, startupper e tanti curiosi hanno riempito la sala del nuovissimo spazio di coworking Collab, in riva all&#8217;Arno, a Firenze per la presentazione in anteprima nazionale della seconda edizione di PensoFuturo2019, concorso di idee dedicato ai ragazzi delle scuole superiori d&#8217;Italia e inserito nel programma di attivit\u00e0 della Treviso Creativity Week 2019. Visto l&#8217;interesse suscitato quest&#8217;anno, anche Electrolux e Cisco hanno voluto entrare come partner per conoscere i nuovi talenti: basta rispondere alla quattro domande che si trovano su\u00a0<u><a href=\"http:\/\/pensofuturo.it\/\">pensofuturo.it<\/a><\/u>\u00a0per essere selezionati alla finalissima che si terr\u00e0 presso l&#8217;Innovation Factory di Electrolux a Pordenone.\u00a0 Tanti i premi in palio: tablet, viaggi premio, gadget tecnologici, ma soprattutto un&#8217;opportunit\u00e0 per mettersi in mostra e farsi scoprire dalle imprese.<\/p>\n<p>\u201cLa tappa di Firenze, grazie al supporto di Centered \u00a0di Mauro Fontanari, \u00e8 stata soprattutto l&#8217;occasione per confrontarsi con i tanti giovani creativi ed innovatori locali \u2013 dice Gianpaolo Pezzato presidente di Innovation Future School \u2013 e condividere storie ed esperienze. Anche a Firenze sta crescendo una rete di supporto e sostegno alla creativit\u00e0 ed ai giovani di cui c&#8217;\u00e8 tanto bisogno\u201d. Tra le belle scoperte dell&#8217;incontro Filippo ed Emiliano, i due studenti fondatori di Fakebuster, un&#8217;app per scovare le fakenews; Omar Imperlato, parlantina toscana e idee chiare in mente, ha proposto Mahister, un&#8217;app per far incontrare lavoratori e locali nel settore della ristorazione. Non si pu\u00f2 non citare il super team di Gmove, sei ragazzi uniti che stanno sviluppando una rete di sensori per \u00a0monitorare la qualit\u00e0 dell&#8217;aria nelle imprese.<\/p>\n<p>\u201cIl tour della creativit\u00e0 tra tappe nazionali ed internazionali, tanto impegnativo quanto entusiasmante \u2013 conclude Pezzato &#8211; sta contribuendo a raccontare la parte pi\u00f9 viva e attiva del nostro paese: idee, passioni e sogni sono la benzina per il nostro futuro e la TCW2019 vuole \u00a0la miccia\u201d<\/p>\n<p>Dopo il debutto al Ces di Las Vegas e a Londra presso il TechItalia Lab, ecco le prossime tappe: il 7 aprile al Vinitaly di Verona, il 9 aprile a Napoli alla Cisco Networking Academy, e poi, Milano, Ferrara, Rovigo, Berlino e Vicenza. A breve altri dettagli.<\/p>\n<p>&nbsp;<\/p>\n<p><em>Ufficio Stampa PK COMMUNICATION: <a href=\"mailto:press@pkcommunication.it\">press@pkcommunication.it<\/a><\/em><\/p>\n<p><strong>TREVISO CREATIVITY WEEK<\/strong> La settimana della creativit\u00e0 si svolger\u00e0 dal 20 al 27 ottobre, grazie anche al sostegno di tante realt\u00e0 del territorio, tra cui Marketing &amp; Co e\u00a0 Ascotrade, e sar\u00e0 ancora una volta finalizzata ad avvicinare giovani, imprese e istituzioni con workshop e seminari per ragionare insieme sul futuro e su come agire per fare la differenza. Oltre al Premio Creativity Startup e il premio Donna dell\u2019anno, ecco due novit\u00e0: PensoFUTURO, il concorso di idee dedicato ai ragazzi delle scuole superiori di tutta Italia e la scelta di proporre in apertura della settimana, il 20 ottobre, la giornata nazionale della Creativit\u00e0 e della Fantasia, con \u201cIl Palio di Leonardo\u201d, che vedr\u00e0 la collaborazione di Gruppo Alcuni, una delle eccellenze italiane nel campo delle creativit\u00e0.<\/p>\n","protected":false},"excerpt":{"rendered":"<p>Venerd\u00ec scorso pienone in centro a Firenze per il lancio del concorso nazionale PensoFUTURO 2019 dedicato agli studenti di tutte le scuole superiori d&#8217;Italia. Electrolux e Cisco a caccia di nuovi talenti &nbsp; Studenti, startupper e tanti curiosi hanno riempito la sala del nuovissimo spazio di coworking Collab, in riva all&#8217;Arno, a Firenze per la [&hellip;]<\/p>\n","protected":false},"author":5200,"featured_media":0,"comment_status":"open","ping_status":"open","sticky":false,"template":"","format":"standard","meta":{"footnotes":""},"categories":[4,5,29,8,10,11],"tags":[],"class_list":["post-39970","post","type-post","status-publish","format-standard","hentry","category-attualita-e-societa","category-aziendali","category-comunicati","category-eventi","category-informatica","category-lavoro"],"_links":{"self":[{"href":"https:\/\/www.area-press.eu\/comunicatistampa\/wp-json\/wp\/v2\/posts\/39970","targetHints":{"allow":["GET"]}}],"collection":[{"href":"https:\/\/www.area-press.eu\/comunicatistampa\/wp-json\/wp\/v2\/posts"}],"about":[{"href":"https:\/\/www.area-press.eu\/comunicatistampa\/wp-json\/wp\/v2\/types\/post"}],"author":[{"embeddable":true,"href":"https:\/\/www.area-press.eu\/comunicatistampa\/wp-json\/wp\/v2\/users\/5200"}],"replies":[{"embeddable":true,"href":"https:\/\/www.area-press.eu\/comunicatistampa\/wp-json\/wp\/v2\/comments?post=39970"}],"version-history":[{"count":1,"href":"https:\/\/www.area-press.eu\/comunicatistampa\/wp-json\/wp\/v2\/posts\/39970\/revisions"}],"predecessor-version":[{"id":39971,"href":"https:\/\/www.area-press.eu\/comunicatistampa\/wp-json\/wp\/v2\/posts\/39970\/revisions\/39971"}],"wp:attachment":[{"href":"https:\/\/www.area-press.eu\/comunicatistampa\/wp-json\/wp\/v2\/media?parent=39970"}],"wp:term":[{"taxonomy":"category","embeddable":true,"href":"https:\/\/www.area-press.eu\/comunicatistampa\/wp-json\/wp\/v2\/categories?post=39970"},{"taxonomy":"post_tag","embeddable":true,"href":"https:\/\/www.area-press.eu\/comunicatistampa\/wp-json\/wp\/v2\/tags?post=39970"}],"curies":[{"name":"wp","href":"https:\/\/api.w.org\/{rel}","templated":true}]}}