{"id":39897,"date":"2019-04-08T19:06:37","date_gmt":"2019-04-08T17:06:37","guid":{"rendered":"https:\/\/www.area-press.eu\/comunicatistampa\/?p=39897"},"modified":"2019-04-08T19:06:37","modified_gmt":"2019-04-08T17:06:37","slug":"dal-5-al-7-aprile-si-avra-la-possibilita-di-vivere-il-lazio-con-spettacoli-della-cultura","status":"publish","type":"post","link":"https:\/\/www.area-press.eu\/comunicatistampa\/2019\/04\/08\/dal-5-al-7-aprile-si-avra-la-possibilita-di-vivere-il-lazio-con-spettacoli-della-cultura\/","title":{"rendered":"Dal 5 al 7 aprile si avr\u00e0 la possibilit\u00e0 di vivere il Lazio con spettacoli della cultura"},"content":{"rendered":"<p>La Regione ha programmato molti eventi per paesi che hanno preso parte al progetto \u201cCitt\u00e0 della cultura del Lazio 2019\u201d, dedicato per le citt\u00e0 di provincia.<\/p>\n<p>Il piano \u00e8 stato approvato nel 2018 dalla Regione e punta a far diventare pi\u00f9 apprezzati alcuni paesi del Lazio, con spettacoli culturali e gastonomici che si organizzeranno dal 5 aprile al 7 aprile. Stando alle ultime notizie dalla Regione, dovrebbe essere un tema tra le eccellenze e tra citt\u00e0 che dovrebbero avere tanto da offrire ai turisti dal tema culturale.<\/p>\n<p>Moltissimi incontri si terranno nella provincia di Roma, dove si hanno molti comuni particolari sia dal tema culturale, sia da quello gastronomico. Tra gli altri Albano Laziale, che dal 5 al 7 aprile dovrebbe avere l&#8217;incontro \u201cIl gusto della Storia\u201d alle ore 18.30, per venire a conoscenza la storia della citt\u00e0. Secondo le <a href=\"https:\/\/www.notizieoggi24.it\">notizie di oggi<\/a> ad Anzio si organizzeranno eventimanifestazioni con tematica l&#8217;operativit\u00e0 marittima della citt\u00e0, con \u201cDiportAnzio\u201d, che ha al centro lo sviluppo turistico e sar\u00e0 visitabile dal molo del Porto Innocenziano.<\/p>\n<p>Degli incontri pi\u00f9 belli si organizzeranno a Castelnuovo di Porto, in provincia di Roma, dove sabato 6 aprile organizzer\u00e0 \u201cArcheotrekking\u201d, alle Cave di Grotta Colonna.<\/p>\n","protected":false},"excerpt":{"rendered":"<p>La Regione ha programmato molti eventi per paesi che hanno preso parte al progetto \u201cCitt\u00e0 della cultura del Lazio 2019\u201d, dedicato per le citt\u00e0 di provincia. Il piano \u00e8 stato approvato nel 2018 dalla Regione e punta a far diventare pi\u00f9 apprezzati alcuni paesi del Lazio, con spettacoli culturali e gastonomici che si organizzeranno dal [&hellip;]<\/p>\n","protected":false},"author":5127,"featured_media":0,"comment_status":"open","ping_status":"open","sticky":false,"template":"","format":"standard","meta":{"footnotes":""},"categories":[8],"tags":[4904,22933],"class_list":["post-39897","post","type-post","status-publish","format-standard","hentry","category-eventi","tag-notizie","tag-notizie-lazio"],"_links":{"self":[{"href":"https:\/\/www.area-press.eu\/comunicatistampa\/wp-json\/wp\/v2\/posts\/39897","targetHints":{"allow":["GET"]}}],"collection":[{"href":"https:\/\/www.area-press.eu\/comunicatistampa\/wp-json\/wp\/v2\/posts"}],"about":[{"href":"https:\/\/www.area-press.eu\/comunicatistampa\/wp-json\/wp\/v2\/types\/post"}],"author":[{"embeddable":true,"href":"https:\/\/www.area-press.eu\/comunicatistampa\/wp-json\/wp\/v2\/users\/5127"}],"replies":[{"embeddable":true,"href":"https:\/\/www.area-press.eu\/comunicatistampa\/wp-json\/wp\/v2\/comments?post=39897"}],"version-history":[{"count":1,"href":"https:\/\/www.area-press.eu\/comunicatistampa\/wp-json\/wp\/v2\/posts\/39897\/revisions"}],"predecessor-version":[{"id":39898,"href":"https:\/\/www.area-press.eu\/comunicatistampa\/wp-json\/wp\/v2\/posts\/39897\/revisions\/39898"}],"wp:attachment":[{"href":"https:\/\/www.area-press.eu\/comunicatistampa\/wp-json\/wp\/v2\/media?parent=39897"}],"wp:term":[{"taxonomy":"category","embeddable":true,"href":"https:\/\/www.area-press.eu\/comunicatistampa\/wp-json\/wp\/v2\/categories?post=39897"},{"taxonomy":"post_tag","embeddable":true,"href":"https:\/\/www.area-press.eu\/comunicatistampa\/wp-json\/wp\/v2\/tags?post=39897"}],"curies":[{"name":"wp","href":"https:\/\/api.w.org\/{rel}","templated":true}]}}