{"id":39774,"date":"2019-04-03T12:58:02","date_gmt":"2019-04-03T10:58:02","guid":{"rendered":"https:\/\/www.area-press.eu\/comunicatistampa\/?p=39774"},"modified":"2019-04-03T12:58:02","modified_gmt":"2019-04-03T10:58:02","slug":"cauloniarc-enel-cuore-sostiene-goel-nelle-realizzazione-dello-stabilimento-di-confezionamento-degli-agrumi-bio","status":"publish","type":"post","link":"https:\/\/www.area-press.eu\/comunicatistampa\/2019\/04\/03\/cauloniarc-enel-cuore-sostiene-goel-nelle-realizzazione-dello-stabilimento-di-confezionamento-degli-agrumi-bio\/","title":{"rendered":"CAULONIA(RC) -ENEL CUORE SOSTIENE GOEL NELLE REALIZZAZIONE DELLO STABILIMENTO DI CONFEZIONAMENTO  DEGLI AGRUMI BIO"},"content":{"rendered":"<p>&nbsp;<\/p>\n<p>&nbsp;<\/p>\n<p>Venerd\u00ec 29 marzo, GOEL (Gruppo Cooperativo) ha fatto un altro passo in avanti nel percorso di sviluppo economico dell\u2019agricoltura biologica del territorio inaugurando il nuovo\u00a0 stabilimento per il confezionamento degli agrumi biologici.<\/p>\n<p>Lo stabilimento, che si trova a Caulonia Superiore, \u00e8 l\u2019unico attivo nella confezione di agrumi bio nella costa jonica meridionale della Calabria,<\/p>\n<p>Il fabbricato che ospita l\u2019impianto, ha una superficie\u00a0\u00a0 667 metri quadrati con annessi altri\u00a0 3292 metri quadrati di area\u00a0 logistica, \u00e8 : \u00e8 stato acquistato dal Gruppo ad un\u2019asta giudiziaria per essere destinato centro di confezionamento degli agrumi a marchio \u201cGOEL Bio\u201d, il ramo di GOEL che aggrega diverse aziende agricole calabresi che si oppongono alla \u2018ndrangheta.<\/p>\n<p>Un investimento importante sul quale\u00a0 GOEL ha puntato, con\u00a0 la collaborazione Enel Cuore ONlus, di Chiesa Valdese ed Ubi Banca, per mettere in campo azioni concrete di sviluppo sostenibile per riorganizzare la filiera produttiva degli agrumi, consentendo ai produttori di ottenere un prezzo di conferimento notevolmente superiore alle medie di mercato.<\/p>\n<p>La gestione dello stabilimento sar\u00e0 affidato\u00a0 ad uno dei soci di GOEL,\u00a0 cio\u00e8 alla cooperativa sociale \u201cArca della Salvezza\u201d, presieduta da GERHARD BANTEL,\u00a0 che curer\u00e0 anche la fornitura di servizi a terzi con l\u2019intento di aiutare\u00a0 l\u2019incremento dell\u2019agrumicoltura biologica del territorio<\/p>\n<p>All\u2019inaugurazione dell\u2019impianto era presente il sindaco di Caulonia, CATERINA BELCASTRO,che si \u00e8 detta orgogliosa di ospitare nel territorio del suo comune, una delle attivit\u00e0 di GOEL , per tutto ci\u00f2 che questo rappresenta. Dopo il\u00a0\u00a0 taglio del nastro inaugurale, il sindaco e i numerosi ospiti presenti, sono stati guidati in una visita all\u2019impianto da VINCENZO LINARELLO, presidente di GOEL \u2013 Gruppo Cooperativo-, e da GERHARD BANTEL.<\/p>\n<p><strong><u>GOEL Bio <\/u>\u00e8 <\/strong>\u00a0nata\u00a0 nel 2009 all\u2019interno di GOEL per\u00a0 aggregare aziende agricole che si oppongono alla \u2018ndrangheta, e rappresenta \u00a0la sintesi complessa ed articolata di una nuova visione di economia sociale comunitaria, eliminando il lavoro illegale e il caporalato dai propri campi e \u00a0praticando, nel contempo, l\u2019inclusione sociale, garantendo \u00a0una rigorosa e alta qualit\u00e0 biologica, attraverso lo di una filiera di economia circolare intelligente, conveniente e virtuosa, a vantaggio dell\u2019ambiente e delle comunit\u00e0 locali.<\/p>\n<p><strong><u>Enel Cuore Onlus<\/u><\/strong> nasce il 3 ottobre 2003 da Enel Spa e dalle Societ\u00e0 che il Gruppo controlla, nella forma di Associazione senza scopo di lucro, per esprimere l\u2019impegno di Enel nella filantropia istituzionale.<\/p>\n<p>Enel Cuore sostiene iniziative promosse dalle organizzazioni non profit che hanno l\u2019obiettivo di cautelare il benessere della persona e della famiglia in particolare nella comunit\u00e0 in cui Enel \u00e8 presente.<\/p>\n<p>Enel Cuore focalizza la propria azione verso ambiti specifici, quali l\u2019infanzia e la terza et\u00e0.<\/p>\n<p>Dal 2003 ad oggi sono nati pi\u00f9 di seicento progetti in Italia e nei Paesi in cui Enel opera.<\/p>\n<p>&nbsp;<\/p>\n","protected":false},"excerpt":{"rendered":"<p>&nbsp; &nbsp; Venerd\u00ec 29 marzo, GOEL (Gruppo Cooperativo) ha fatto un altro passo in avanti nel percorso di sviluppo economico dell\u2019agricoltura biologica del territorio inaugurando il nuovo\u00a0 stabilimento per il confezionamento degli agrumi biologici. Lo stabilimento, che si trova a Caulonia Superiore, \u00e8 l\u2019unico attivo nella confezione di agrumi bio nella costa jonica meridionale della [&hellip;]<\/p>\n","protected":false},"author":585,"featured_media":0,"comment_status":"open","ping_status":"open","sticky":false,"template":"","format":"standard","meta":{"footnotes":""},"categories":[29],"tags":[],"class_list":["post-39774","post","type-post","status-publish","format-standard","hentry","category-comunicati"],"_links":{"self":[{"href":"https:\/\/www.area-press.eu\/comunicatistampa\/wp-json\/wp\/v2\/posts\/39774","targetHints":{"allow":["GET"]}}],"collection":[{"href":"https:\/\/www.area-press.eu\/comunicatistampa\/wp-json\/wp\/v2\/posts"}],"about":[{"href":"https:\/\/www.area-press.eu\/comunicatistampa\/wp-json\/wp\/v2\/types\/post"}],"author":[{"embeddable":true,"href":"https:\/\/www.area-press.eu\/comunicatistampa\/wp-json\/wp\/v2\/users\/585"}],"replies":[{"embeddable":true,"href":"https:\/\/www.area-press.eu\/comunicatistampa\/wp-json\/wp\/v2\/comments?post=39774"}],"version-history":[{"count":2,"href":"https:\/\/www.area-press.eu\/comunicatistampa\/wp-json\/wp\/v2\/posts\/39774\/revisions"}],"predecessor-version":[{"id":39776,"href":"https:\/\/www.area-press.eu\/comunicatistampa\/wp-json\/wp\/v2\/posts\/39774\/revisions\/39776"}],"wp:attachment":[{"href":"https:\/\/www.area-press.eu\/comunicatistampa\/wp-json\/wp\/v2\/media?parent=39774"}],"wp:term":[{"taxonomy":"category","embeddable":true,"href":"https:\/\/www.area-press.eu\/comunicatistampa\/wp-json\/wp\/v2\/categories?post=39774"},{"taxonomy":"post_tag","embeddable":true,"href":"https:\/\/www.area-press.eu\/comunicatistampa\/wp-json\/wp\/v2\/tags?post=39774"}],"curies":[{"name":"wp","href":"https:\/\/api.w.org\/{rel}","templated":true}]}}