{"id":38568,"date":"2019-02-15T17:30:32","date_gmt":"2019-02-15T16:30:32","guid":{"rendered":"https:\/\/www.area-press.eu\/comunicatistampa\/?p=38568"},"modified":"2019-02-15T17:30:32","modified_gmt":"2019-02-15T16:30:32","slug":"marilisa-damico-presente-allinaugurazione-della-mostra-ma-poi-cose-un-nome","status":"publish","type":"post","link":"https:\/\/www.area-press.eu\/comunicatistampa\/2019\/02\/15\/marilisa-damico-presente-allinaugurazione-della-mostra-ma-poi-cose-un-nome\/","title":{"rendered":"Marilisa D\u2019Amico presente all\u2019inaugurazione della mostra: \u201c\u2026ma poi, cos\u2019\u00e8 un nome?\u201d"},"content":{"rendered":"<p><em><strong>Marilisa D&#8217;Amico, Prorettore dell&#8217;Universit\u00e0 degli Studi di Milano con Delega alla Legalit\u00e0, Trasparenza e Parit\u00e0 di Diritti, da sempre impegnata nelle questioni irrisolte relative ai diritti sociali, civili e alle pari opportunit\u00e0, era presente alla serata inaugurale della mostra <a title=\"Marilisa D'Amico alla mostra mai poi cos'\u00e8 un nome\" href=\"https:\/\/www.cultura360.eu\/2018\/marilisa-damico-allinaugurazione-della-mostra-ma-poi-cose-un-nome\/\">&#8220;&#8230;ma poi, cos&#8217;\u00e8 un nome?&#8221;<\/a>, dedicata al censimento degli ebrei.<\/strong><\/em><\/p>\n<p><a title=\"Marilisa D'Amico alla mostra Palazzo della Triennale\" href=\"https:\/\/www.cultura360.eu\/2018\/marilisa-damico-allinaugurazione-della-mostra-ma-poi-cose-un-nome\/\"><img decoding=\"async\" src=\"https:\/\/www.cultura360.eu\/wp-content\/uploads\/2018\/10\/Marilisa-D%E2%80%99Amico.png\" alt=\"Marilisa D'Amico\" width=\"500\" \/><\/a><\/p>\n<h2>Marilisa D&#8217;Amico alla mostra &#8220;&#8230;ma poi che cos&#8217;\u00e8 un nome?&#8221;<\/h2>\n<p>Dal 23 ottobre al 18 novembre si \u00e8 tenuta al Palazzo Della Triennale la mostra dedicata al censimento degli ebrei del 1938 dal titolo: &#8220;&#8230;ma poi, cos&#8217;\u00e8 un nome?&#8221;. <strong>Marilisa D&#8217;Amico<\/strong>, Prorettore con Delega alla Legalit\u00e0, Trasparenza e Parit\u00e0 di Diritti presso l&#8217;Universit\u00e0 degli Studi di Milano, ha partecipato alla serata d&#8217;inaugurazione. La mostra si inserisce tra le altre iniziative legate al progetto &#8220;Milano \u00e8 Memoria&#8221;. Si tratta di un&#8217;installazione monumentale realizzata dallo Studio Accurat di Milano, che ha creato una vera e propria rappresentazione fisica dei dati del censimento. Tale mostra \u00e8 la prova di come la tecnologia e i progressi possano aiutare a interpretare gli eventi del passato. Infatti, la ricerca storica presentata si \u00e8 basata sulla documentazione rinvenuta nel 2007 nei depositi del Comune di Milano ed \u00e8 attualmente conservata nella Cittadella degli Archivi. Oltre a <strong>Marilisa D&#8217;Amico<\/strong>, da sempre attiva nell&#8217;ambito del rispetto e affermazione dei diritti civili e sociali, hanno presenziato alla serata anche Liliana Segre, senatrice a vita, il Presidente della Triennale Stefano Boeri e il Presidente della Fondazione CDEC Giorgio Sacerdoti.<\/p>\n<h2>Marilisa D&#8217;Amico: il profilo professionale<\/h2>\n<p><strong><a title=\"Marilisa D'Amico: mostra censimento ebrei\" href=\"https:\/\/www.cultura360.eu\/2018\/marilisa-damico-allinaugurazione-della-mostra-ma-poi-cose-un-nome\/\">Marilisa D&#8217;Amico<\/a><\/strong> consegue la Laurea in Giurisprudenza nel 1987, per poi intraprendere la carriera accademica in un contesto fortemente caratterizzato dalla presenza maschile. Essendo diventata Professoressa Ordinaria di Diritto Costituzionale subito dopo la maternit\u00e0, comprende l&#8217;importanza della parit\u00e0 di genere e della coesistenza tra famiglia e lavoro, per una donna. A tal proposito, si dedica ad un&#8217;intensa attivit\u00e0 di ricerca e di approfondimento di temi quali diritti civili e sociali. Inoltre, \u00e8 da sempre impegnata per l&#8217;affermazione dei diritti delle donne e ha creato il Corso di perfezionamento in le cui lezioni si svolgono all&#8217;Universit\u00e0 degli Studi di Milano. <strong>Marilisa D&#8217;Amico<\/strong> \u00e8 stata spesso invitata ad intervenire come relatrice a margine di convegni ed eventi pubblici. Attualmente \u00e8 Prorettore dell&#8217;Universit\u00e0 degli Studi di Milano con Delega alla Legalit\u00e0, Trasparenza e Parit\u00e0 di Diritti.<\/p>\n","protected":false},"excerpt":{"rendered":"<p>Marilisa D&#8217;Amico, Prorettore dell&#8217;Universit\u00e0 degli Studi di Milano con Delega alla Legalit\u00e0, Trasparenza e Parit\u00e0 di Diritti, da sempre impegnata nelle questioni irrisolte relative ai diritti sociali, civili e alle pari opportunit\u00e0, era presente alla serata inaugurale della mostra &#8220;&#8230;ma poi, cos&#8217;\u00e8 un nome?&#8221;, dedicata al censimento degli ebrei. Marilisa D&#8217;Amico alla mostra &#8220;&#8230;ma poi [&hellip;]<\/p>\n","protected":false},"author":5420,"featured_media":0,"comment_status":"open","ping_status":"open","sticky":false,"template":"","format":"standard","meta":{"footnotes":""},"categories":[4],"tags":[21510],"class_list":["post-38568","post","type-post","status-publish","format-standard","hentry","category-attualita-e-societa","tag-marilisa-damico"],"_links":{"self":[{"href":"https:\/\/www.area-press.eu\/comunicatistampa\/wp-json\/wp\/v2\/posts\/38568","targetHints":{"allow":["GET"]}}],"collection":[{"href":"https:\/\/www.area-press.eu\/comunicatistampa\/wp-json\/wp\/v2\/posts"}],"about":[{"href":"https:\/\/www.area-press.eu\/comunicatistampa\/wp-json\/wp\/v2\/types\/post"}],"author":[{"embeddable":true,"href":"https:\/\/www.area-press.eu\/comunicatistampa\/wp-json\/wp\/v2\/users\/5420"}],"replies":[{"embeddable":true,"href":"https:\/\/www.area-press.eu\/comunicatistampa\/wp-json\/wp\/v2\/comments?post=38568"}],"version-history":[{"count":1,"href":"https:\/\/www.area-press.eu\/comunicatistampa\/wp-json\/wp\/v2\/posts\/38568\/revisions"}],"predecessor-version":[{"id":38570,"href":"https:\/\/www.area-press.eu\/comunicatistampa\/wp-json\/wp\/v2\/posts\/38568\/revisions\/38570"}],"wp:attachment":[{"href":"https:\/\/www.area-press.eu\/comunicatistampa\/wp-json\/wp\/v2\/media?parent=38568"}],"wp:term":[{"taxonomy":"category","embeddable":true,"href":"https:\/\/www.area-press.eu\/comunicatistampa\/wp-json\/wp\/v2\/categories?post=38568"},{"taxonomy":"post_tag","embeddable":true,"href":"https:\/\/www.area-press.eu\/comunicatistampa\/wp-json\/wp\/v2\/tags?post=38568"}],"curies":[{"name":"wp","href":"https:\/\/api.w.org\/{rel}","templated":true}]}}