{"id":38269,"date":"2019-02-06T10:45:54","date_gmt":"2019-02-06T09:45:54","guid":{"rendered":"https:\/\/www.area-press.eu\/comunicatistampa\/?p=38269"},"modified":"2019-02-06T10:45:54","modified_gmt":"2019-02-06T09:45:54","slug":"perche-diffondere-la-via-della-felicita","status":"publish","type":"post","link":"https:\/\/www.area-press.eu\/comunicatistampa\/2019\/02\/06\/perche-diffondere-la-via-della-felicita\/","title":{"rendered":"Perch\u00e8 diffondere \u201c La Via della Felicit\u00e0\u201d"},"content":{"rendered":"<p>Lo scopo \u00e8 quello di vivere in un mondo pi\u00f9 felice, nello stesso mondo in cui molte persone sembra invece ne abbiano perso, oltre il senso, anche il sentiero per ritrovarla<\/p>\n<p>La felicit\u00e0 consiste nell&#8217;impegnarsi in attivit\u00e0 di valore, ed esiste solo una persona che pu\u00f2 dire con certezza cosa ti far\u00e0 felice: te stesso!<\/p>\n<p>I 21 precetti contenuti nel piccolo libro della via della felicit\u00e0, sono, in realt\u00e0, i margini della carreggiata, violandoli \u00e8 come essere un automobilista che esce di strada: il risultato pu\u00f2 essere la rovina di un attimo, di una relazione, di una vita.<\/p>\n<p>Solo tu puoi dire dove porta la strada, giacch\u00e8 spetta ad ognuno stabilire i propri obiettivi per ogni momento, ogni relazione, ogni fase della propria vita.<\/p>\n<p>A volte ci si pu\u00f2 sentire come foglie trascinate dal vento lungo una strada sporca, ci si pu\u00f2 sentire come un granello di sabbia in trappola. Ma nessuno ha mai detto che la vita sia una cosa calma e ordinata: non lo \u00e8. Una persona non \u00e8 una foglia morta, n\u00e9 un granello di sabbia: una persona pu\u00f2, in maggior o minor misura, tracciare il proprio percorso e seguirlo. Si pu\u00f2 avere la sensazione che le cose siano arrivate ad un punto in cui sia troppo tardi per fare qualcosa, che la strada gi\u00e0 percorsa sia cos\u00ec malridotta che non ci sia pi\u00f9 alcuna possibilit\u00e0 di tracciarne una futura un po&#8217; diversa; tuttavia c&#8217;\u00e8 sempre un punto sulla strada in cui si pu\u00f2 tracciare un nuovo itinerario. E cercare di seguirlo. Non esiste persona viva che non possa dar vita ad un nuovo inizio. La Via della Felicit\u00e0, questo codice morale basato sul buon senso, fa capire come ci\u00f2 sia possibile, se riesci a convincere gli altri a seguire il cammino tracciato con questi insegnamenti, sarai tu stesso abbastanza libero da scopripre che cos&#8217;\u00e8 la felicit\u00e0 e capirai inevitabilmente come la condotta e le azioni degli altri possano influire sulla tua stessa sopravvivenza.<\/p>\n<p>\u201c Il potere di indicare la via verso una vita meno pericolosa e pi\u00f9 felice \u00e8 nelle tue mani\u201d<\/p>\n<p>L. Ron Hubbard<\/p>\n<p>&nbsp;<\/p>\n<p><img loading=\"lazy\" decoding=\"async\" class=\"aligncenter\" src=\"https:\/\/encrypted-tbn0.gstatic.com\/images?q=tbn:ANd9GcQ3AxmI2q3wUhlcuGJg4boc7ZelKs9vut3p8qN9hlkBEPOMRDXjGw\" alt=\"\" width=\"300\" height=\"168\" \/><\/p>\n","protected":false},"excerpt":{"rendered":"<p>Lo scopo \u00e8 quello di vivere in un mondo pi\u00f9 felice, nello stesso mondo in cui molte persone sembra invece ne abbiano perso, oltre il senso, anche il sentiero per ritrovarla La felicit\u00e0 consiste nell&#8217;impegnarsi in attivit\u00e0 di valore, ed esiste solo una persona che pu\u00f2 dire con certezza cosa ti far\u00e0 felice: te stesso! [&hellip;]<\/p>\n","protected":false},"author":5426,"featured_media":0,"comment_status":"open","ping_status":"open","sticky":false,"template":"","format":"standard","meta":{"footnotes":""},"categories":[3],"tags":[22343,22344],"class_list":["post-38269","post","type-post","status-publish","format-standard","hentry","category-arte-e-cultura","tag-codice-morale","tag-valori-etici"],"_links":{"self":[{"href":"https:\/\/www.area-press.eu\/comunicatistampa\/wp-json\/wp\/v2\/posts\/38269","targetHints":{"allow":["GET"]}}],"collection":[{"href":"https:\/\/www.area-press.eu\/comunicatistampa\/wp-json\/wp\/v2\/posts"}],"about":[{"href":"https:\/\/www.area-press.eu\/comunicatistampa\/wp-json\/wp\/v2\/types\/post"}],"author":[{"embeddable":true,"href":"https:\/\/www.area-press.eu\/comunicatistampa\/wp-json\/wp\/v2\/users\/5426"}],"replies":[{"embeddable":true,"href":"https:\/\/www.area-press.eu\/comunicatistampa\/wp-json\/wp\/v2\/comments?post=38269"}],"version-history":[{"count":1,"href":"https:\/\/www.area-press.eu\/comunicatistampa\/wp-json\/wp\/v2\/posts\/38269\/revisions"}],"predecessor-version":[{"id":38270,"href":"https:\/\/www.area-press.eu\/comunicatistampa\/wp-json\/wp\/v2\/posts\/38269\/revisions\/38270"}],"wp:attachment":[{"href":"https:\/\/www.area-press.eu\/comunicatistampa\/wp-json\/wp\/v2\/media?parent=38269"}],"wp:term":[{"taxonomy":"category","embeddable":true,"href":"https:\/\/www.area-press.eu\/comunicatistampa\/wp-json\/wp\/v2\/categories?post=38269"},{"taxonomy":"post_tag","embeddable":true,"href":"https:\/\/www.area-press.eu\/comunicatistampa\/wp-json\/wp\/v2\/tags?post=38269"}],"curies":[{"name":"wp","href":"https:\/\/api.w.org\/{rel}","templated":true}]}}