{"id":38228,"date":"2019-02-06T10:45:52","date_gmt":"2019-02-06T09:45:52","guid":{"rendered":"https:\/\/www.area-press.eu\/comunicatistampa\/?p=38228"},"modified":"2019-02-06T10:45:52","modified_gmt":"2019-02-06T09:45:52","slug":"enel-la-d-francesco-starace-a-irena-verso-un-futuro-energetico-sostenibile","status":"publish","type":"post","link":"https:\/\/www.area-press.eu\/comunicatistampa\/2019\/02\/06\/enel-la-d-francesco-starace-a-irena-verso-un-futuro-energetico-sostenibile\/","title":{"rendered":"Enel, l\u2019A.D. Francesco Starace a IRENA: verso un futuro energetico sostenibile"},"content":{"rendered":"<p><em><strong><a title=\"Francesco Starace, assemblea irena\" href=\"https:\/\/www.blitzquotidiano.it\/energia\/enel-francesco-starace-2981921\/\">L&#8217;Assemblea dell&#8217;Agenzia Internazionale per le Energie Rinnovabili<\/a> \u00e8 giunta alla nona sessione. Tra i partecipanti alla tavola rotonda anche l&#8217;Amministratore Delegato di Enel Francesco Starace, che ha espresso l&#8217;importanza della sostenibilit\u00e0 nel futuro del settore energetico. <\/strong><\/em><\/p>\n<p><a title=\"Francesco Starace, nona assemblea irena\" href=\"https:\/\/www.blitzquotidiano.it\/energia\/enel-francesco-starace-2981921\/\"><img loading=\"lazy\" decoding=\"async\" src=\"https:\/\/static.blitzquotidiano.it\/wp\/wp-content\/uploads\/2019\/01\/enel-min-300x200.jpg\" alt=\"Francesco Starace\" width=\"221\" height=\"147\" \/><\/a><\/p>\n<h2>Enel, Francesco Starace speaker della nona assemblea di IRENA<\/h2>\n<p>Ad Abu Dhabi si \u00e8 riunita per la nona volta l&#8217;assemblea di IRENA, l&#8217;Agenzia Internazionale per le Energie Rinnovabili nata nel gennaio del 2009 con lo scopo di incoraggiare l&#8217;utilizzo delle fonti di energia rinnovabili nell&#8217;ottica di uno sviluppo sostenibile. Tra gli speakers c&#8217;era anche <strong>Francesco Starace<\/strong>, Amministratore Delegato e Direttore Generale di Enel. Il dibattito si \u00e8 focalizzato sulle modalit\u00e0 di accelerazione dello sviluppo delle rinnovabili a livello regionale, nazionale e internazionale. Insieme agli altri esponenti, anche <strong>Francesco Starace<\/strong> ha avuto l&#8217;occasione di condividere la propria opinione sul ruolo della tecnologia nel settore energetico. In conclusione della tavola rotonda, l&#8217;Innovation Landscape Report ha analizzato come l&#8217;impegno dei vari operatori sia cambiato, grazie ai progressi e ai continui miglioramenti, ma anche quali siano i punti da perfezionare.<\/p>\n<h2>Francesco Starace: &#8220;L&#8217;importanza del legame tra innovazione e sostenibilit\u00e0.<\/h2>\n<p>Il fulcro dell&#8217;intervento di <strong><a title=\"Francesco Starace, ad Enel, all'assemblea sulle rinnovabili\" href=\"https:\/\/www.blitzquotidiano.it\/energia\/enel-francesco-starace-2981921\/\">Francesco Starace<\/a><\/strong> \u00e8 stato il nesso indissolubile tra il miglioramento delle tecnologie e la sostenibilit\u00e0. A tal proposito ha dichiarato: <em>&#8220;L&#8217;accelerazione dell&#8217;evoluzione tecnologica \u00e8 un elemento trainante della trasformazione dei sistemi energetici mondiali. La crescita delle energie rinnovabili si sta dimostrando chiaramente una tendenza importante in questa evoluzione, insieme alla profonda digitalizzazione delle reti di distribuzione. Tuttavia, la tecnologia non \u00e8 l&#8217;unico fattore da considerare. Le aziende che desiderano affrontare con successo questa transizione si trovano a dover integrare sostenibilit\u00e0 e inclusivit\u00e0 nei loro processi aziendali e farlo in un mondo sempre pi\u00f9 frammentato e in rapida trasformazione&#8221;<\/em>. In conclusione, <strong>Francesco Starace<\/strong> ha sottolineato l&#8217;importanza del lavoro svolto dall&#8217;Agenzia Internazionale per le Energie Rinnovabili per mostrare tale nesso.<\/p>\n","protected":false},"excerpt":{"rendered":"<p>L&#8217;Assemblea dell&#8217;Agenzia Internazionale per le Energie Rinnovabili \u00e8 giunta alla nona sessione. Tra i partecipanti alla tavola rotonda anche l&#8217;Amministratore Delegato di Enel Francesco Starace, che ha espresso l&#8217;importanza della sostenibilit\u00e0 nel futuro del settore energetico. Enel, Francesco Starace speaker della nona assemblea di IRENA Ad Abu Dhabi si \u00e8 riunita per la nona volta [&hellip;]<\/p>\n","protected":false},"author":3920,"featured_media":0,"comment_status":"open","ping_status":"open","sticky":false,"template":"","format":"standard","meta":{"footnotes":""},"categories":[5],"tags":[12227,10926],"class_list":["post-38228","post","type-post","status-publish","format-standard","hentry","category-aziendali","tag-enel","tag-francesco-starace"],"_links":{"self":[{"href":"https:\/\/www.area-press.eu\/comunicatistampa\/wp-json\/wp\/v2\/posts\/38228","targetHints":{"allow":["GET"]}}],"collection":[{"href":"https:\/\/www.area-press.eu\/comunicatistampa\/wp-json\/wp\/v2\/posts"}],"about":[{"href":"https:\/\/www.area-press.eu\/comunicatistampa\/wp-json\/wp\/v2\/types\/post"}],"author":[{"embeddable":true,"href":"https:\/\/www.area-press.eu\/comunicatistampa\/wp-json\/wp\/v2\/users\/3920"}],"replies":[{"embeddable":true,"href":"https:\/\/www.area-press.eu\/comunicatistampa\/wp-json\/wp\/v2\/comments?post=38228"}],"version-history":[{"count":1,"href":"https:\/\/www.area-press.eu\/comunicatistampa\/wp-json\/wp\/v2\/posts\/38228\/revisions"}],"predecessor-version":[{"id":38229,"href":"https:\/\/www.area-press.eu\/comunicatistampa\/wp-json\/wp\/v2\/posts\/38228\/revisions\/38229"}],"wp:attachment":[{"href":"https:\/\/www.area-press.eu\/comunicatistampa\/wp-json\/wp\/v2\/media?parent=38228"}],"wp:term":[{"taxonomy":"category","embeddable":true,"href":"https:\/\/www.area-press.eu\/comunicatistampa\/wp-json\/wp\/v2\/categories?post=38228"},{"taxonomy":"post_tag","embeddable":true,"href":"https:\/\/www.area-press.eu\/comunicatistampa\/wp-json\/wp\/v2\/tags?post=38228"}],"curies":[{"name":"wp","href":"https:\/\/api.w.org\/{rel}","templated":true}]}}