{"id":37968,"date":"2019-01-23T11:38:19","date_gmt":"2019-01-23T10:38:19","guid":{"rendered":"http:\/\/www.area-press.eu\/comunicatistampa\/?p=37968"},"modified":"2020-08-09T23:36:42","modified_gmt":"2020-08-09T21:36:42","slug":"david-m-love-pop-e-il-nuovo-singolo-del-cantautore-pop-dance","status":"publish","type":"post","link":"https:\/\/www.area-press.eu\/comunicatistampa\/2019\/01\/23\/david-m-love-pop-e-il-nuovo-singolo-del-cantautore-pop-dance\/","title":{"rendered":"DAVID M: \u201cLOVE POP\u201d \u00e8 il nuovo singolo del cantautore pop-dance"},"content":{"rendered":"<p dir=\"ltr\"><img loading=\"lazy\" decoding=\"async\" src=\"https:\/\/lh5.googleusercontent.com\/aIIbW67xAlne1ETg8Io9om_oPSo9Uqi90koaVOPwOzjqzmZzrk2ugU2mxmMUkjtnSdn8NXnD5zoLpsqZ4g10dVXkvWyLmBl-IOQpCsklB1NC8u0zmzYUga-hjGO4r44qtOJ7AI_gIDRzxHaksQ\" alt=\"\" width=\"228\" height=\"228\" \/><\/p>\n<p dir=\"ltr\">Anticipando l\u2019album di prossima uscita, il brano vuol essere un omaggio al Pop, inteso come massima espressione della positivit\u00e0, ed alle sue maggiori icone rappresentative.<\/p>\n<p dir=\"ltr\">\u201cLove Pop\u201d racconta dell\u2019amore per il Pop, della possibilit\u00e0 di reinventare sempre l\u2019arte in quanto elemento in continua evoluzione che ha basi storicamente classiche; una nuova primavera dell\u2019uomo, della vita, dell\u2019arte, appunto. La canzone, ironicamente, personifica il genere pop che si auto-reinventa sotto molte forme: appiccicoso come un lecca-lecca, caldo come un\u2019emozione improvvisa, sorridente come un ricordo di star ispiratrici (Madonna, Gaga, Cher, etc\u2026). Un festoso inno che invita il pubblico a sentire questa categoria musicale e esistenziale scorrere dentro di s\u00e9.<\/p>\n<p dir=\"ltr\">Il brano \u00e8 nato spontaneamente dalla fantasia dell\u2019artista durante un assolato pomeriggio estivo passato in casa a fare zapping col televisore sui canali musicali internazionali, cercando ispirazione. Si tratta dell\u2019ultima canzone scritta per il nuovo album: il disco contiene nove tracce di brani pop dance e non, in lingua inglese. Un inglese neutralizzato dalle influenze anglofone per avere quanta pi\u00f9 maggiore fruizione sul mercato da parte del pubblico internazionale.<\/p>\n<p dir=\"ltr\">Il\u00a0<strong>videoclip ufficiale<\/strong>\u00a0\u00e8 stato realizzato\u00a0<strong>l\u2019attenzione artistica<\/strong>\u00a0della nota\u00a0<strong>Madame SiS\u00ec<\/strong>\u00a0e della manager\u00a0<strong>Sara Nolli.<\/strong><\/p>\n<p><a href=\"https:\/\/youtu.be\/TXA7G6tD0pU\">https:\/\/youtu.be\/TXA7G6tD0pU<\/a><\/p>\n<p dir=\"ltr\">Radio date: 16 ottobre 2018<\/p>\n<p dir=\"ltr\">Autoproduzione<\/p>\n<p dir=\"ltr\">Autori e compositori: DAVIDE FUSCO \u2013 SARA NOLLI \u2013 FRANCESCO MOSCONI<\/p>\n<p dir=\"ltr\">BIO<\/p>\n<p dir=\"ltr\">David M, nato a Napoli il primo ottobre 1992 da madre (insegnante di lingue) siculo-napoletana e padre (maresciallo dell\u2019aeronautica) napoletano, \u00e8 fin da subito salodiano d\u2019adozione. Per un assurdo gioco di migrazioni familiari passate, si ritrova ad avere una famiglia di composizione cosmopolita: Israele, America, Australia, Cuba, Santo Domingo, Spagna, Belgio. Sono state queste parentele a sviluppare in lui un senso camaleontico di attitudine e comprensione dei pregi delle diverse culture mondiali.<\/p>\n<p dir=\"ltr\">\u00c8 nel 2002 che David M rimarr\u00e0 folgorato dall\u2019unione di teatro e musica, partecipando da spettatore alla visione del musical \u201cNotre Dame de Paris\u201d. Circa dieci anni dopo, David M percepisce chiaramente ci\u00f2 che desidera dalla vita: fare Arte. Inizier\u00e0 quindi un personale percorso che lo porter\u00e0 a seguire corsi di dizione e canto a scoprire le sue potenzialit\u00e0 reali e trarre le prime ispirazioni musicali studiando il percorso dei giganti mondiali del pop, con un amore speciale per Madonna.<\/p>\n<p dir=\"ltr\">Dal punto di vista canoro sar\u00e0 determinante la frequentazione dell\u2019accademia di canto moderno, supervisionata dai maestri Anna Gotti e Stefano Gelmini. In questo periodo intraprender\u00e0 un viaggio che sar\u00e0 il suo cambiamento spirituale, infatti decide di far visita ai parenti in Israele un viaggio che susciter\u00e0 in lui profonde riflessioni, umane, intimiste e filosofiche. Al suo ritorno, finalmente arriva la produzione del suo primo album musicale. Terminato il disco, arrivano per\u00f2 anche alcuni mesi difficili, come per tutti gli esordienti: David M comprende che non basta autoprodursi e \u201ccrederci\u201d da soli. Il caso ha per\u00f2 voluto che proprio in questo momento abbia ritrovato sul suo percorso Sara Nolli, vecchia amica e sua futura manager. \u00c8 attualmente terminata la produzione dell\u2019album \u201cDavid M\u201d.<\/p>\n<p>&nbsp;<\/p>\n<p>&nbsp;<\/p>\n<p dir=\"ltr\">Contatti e social<\/p>\n<p dir=\"ltr\">Youtube <a href=\"https:\/\/www.youtube.com\/channel\/UCeQy1_vh6YJRQJa_xBssuow\">https:\/\/www.youtube.com\/channel\/UCeQy1_vh6YJRQJa_xBssuow<\/a><\/p>\n<p dir=\"ltr\">Facebook <a href=\"https:\/\/www.facebook.com\/David-M-864180036939537\/\">https:\/\/www.facebook.com\/David-M-864180036939537\/<\/a><\/p>\n<p dir=\"ltr\">Instagram <a href=\"https:\/\/instagram.com\/davidm_lovepop?utm_source=ig_profile_share&amp;igshid=rczw9q1h3h15\">https:\/\/instagram.com\/davidm_lovepop?utm_source=ig_profile_share&amp;igshid=rczw9q1h3h15<\/a><\/p>\n","protected":false},"excerpt":{"rendered":"<p>Anticipando l\u2019album di prossima uscita, il brano vuol essere un omaggio al Pop, inteso come massima espressione della positivit\u00e0, ed alle sue maggiori icone rappresentative. \u201cLove Pop\u201d racconta dell\u2019amore per il Pop, della possibilit\u00e0 di reinventare sempre l\u2019arte in quanto elemento in continua evoluzione che ha basi storicamente classiche; una nuova primavera dell\u2019uomo, della vita, [&hellip;]<\/p>\n","protected":false},"author":4383,"featured_media":0,"comment_status":"open","ping_status":"open","sticky":false,"template":"","format":"standard","meta":{"footnotes":""},"categories":[12],"tags":[],"class_list":["post-37968","post","type-post","status-publish","format-standard","hentry","category-musica"],"_links":{"self":[{"href":"https:\/\/www.area-press.eu\/comunicatistampa\/wp-json\/wp\/v2\/posts\/37968","targetHints":{"allow":["GET"]}}],"collection":[{"href":"https:\/\/www.area-press.eu\/comunicatistampa\/wp-json\/wp\/v2\/posts"}],"about":[{"href":"https:\/\/www.area-press.eu\/comunicatistampa\/wp-json\/wp\/v2\/types\/post"}],"author":[{"embeddable":true,"href":"https:\/\/www.area-press.eu\/comunicatistampa\/wp-json\/wp\/v2\/users\/4383"}],"replies":[{"embeddable":true,"href":"https:\/\/www.area-press.eu\/comunicatistampa\/wp-json\/wp\/v2\/comments?post=37968"}],"version-history":[{"count":1,"href":"https:\/\/www.area-press.eu\/comunicatistampa\/wp-json\/wp\/v2\/posts\/37968\/revisions"}],"predecessor-version":[{"id":37975,"href":"https:\/\/www.area-press.eu\/comunicatistampa\/wp-json\/wp\/v2\/posts\/37968\/revisions\/37975"}],"wp:attachment":[{"href":"https:\/\/www.area-press.eu\/comunicatistampa\/wp-json\/wp\/v2\/media?parent=37968"}],"wp:term":[{"taxonomy":"category","embeddable":true,"href":"https:\/\/www.area-press.eu\/comunicatistampa\/wp-json\/wp\/v2\/categories?post=37968"},{"taxonomy":"post_tag","embeddable":true,"href":"https:\/\/www.area-press.eu\/comunicatistampa\/wp-json\/wp\/v2\/tags?post=37968"}],"curies":[{"name":"wp","href":"https:\/\/api.w.org\/{rel}","templated":true}]}}