{"id":377,"date":"2015-07-20T17:40:57","date_gmt":"2015-07-20T15:40:57","guid":{"rendered":"http:\/\/www.area-press.eu\/comunicatistampa\/?p=377"},"modified":"2015-07-21T17:23:05","modified_gmt":"2015-07-21T15:23:05","slug":"giir-di-mont-da-tutto-esaurito-telecamere-rai-puntate-su-premana-lc","status":"publish","type":"post","link":"https:\/\/www.area-press.eu\/comunicatistampa\/2015\/07\/20\/giir-di-mont-da-tutto-esaurito-telecamere-rai-puntate-su-premana-lc\/","title":{"rendered":"GIIR DI MONT DA TUTTO ESAURITO, TELECAMERE RAI PUNTATE SU PREMANA (LC)"},"content":{"rendered":"<p>Quasi mille skyrunners per l\u2019evento di domenica 26 luglio<\/p>\n<p>Iscrizioni chiuse e confermata la diretta RAI Sport 2<\/p>\n<p>La Sportiva Mountain Running Cup sui sentieri di Premana<\/p>\n<p>Da gioved\u00ec via anche agli eventi di contorno<\/p>\n<p>&nbsp;<\/p>\n<p>&nbsp;<\/p>\n<p>Sar\u00e0 uno sbarco di quasi mille corridori del cielo quello di domenica 26 luglio a Premana, sulle montagne lecchesi, per la 23.a edizione del Giir di Mont. La prova lombarda di skyrunning \u00e8 tra le pi\u00f9 antiche e quotate del nostro paese e nel mondo, e per la gara in avvicinamento \u00e8 stato raggiunto il limite iscritti con alcuni giorni di anticipo rispetto alla deadline fissata per regolamento, tant\u2019\u00e8 che sul portale www.giirdimont.it, cos\u00ec come sui social network dell\u2019evento, \u00e8 apparsa la scritta \u2018Closed\u2019. Chiuse le registrazioni nel fine settimana e Giir di Mont 2015 da tutto esaurito quindi, con l\u2019evidente soddisfazione da parte degli organizzatori e di tutti gli addetti ai lavori che da settimane preparano il grande evento di corsa in montagna. \u201cCi siamo sentiti in dovere di chiudere le iscrizioni in anticipo e un po\u2019 dispiace per le tante richieste di partecipazione che abbiamo dovuto declinare. Tuttavia, vogliamo garantire un evento di prima qualit\u00e0 in tutto e per tutto e non possiamo avere numeri pi\u00f9 alti.\u201d Queste le giuste e oneste motivazioni fornite dal CO di Premana, ora in fase di\u2026rifinitura tecnico-organizzativa e logistica per la gara di domenica, che da programma legge la Skymarathon di 32 km e 2400 metri di dislivello globale e la Mini SkyRace di 20 km. In totale ci saranno 950 concorrenti di tutta Italia e numerose presenze straniere, inclusi campioni come Zinca, Rullan Estarelles, Szabolcs, Dragomir, Razga, De Lorenzi e Berner solo per citarne alcuni.<\/p>\n<p>Il Giir di Mont 2015 sar\u00e0 valido come penultima prova del circuito La Sportiva Mountain Running Cup e sar\u00e0 trasmesso in diretta sul canale RAI Sport 2 a partire dalle 12.45 per quasi due ore, con telecronaca affidata a Gianfranco Benincasa.<\/p>\n<p>Il comitato organizzatore, in collaborazione con istituzioni e associazioni locali, ha curato anche una serie di eventi di contorno e intrattenimento prima e durante il Giir di Mont. Si comincia gioved\u00ec 23 luglio con la presentazione del libro \u2018Sempre in Piedi\u2019 di Nicola Codega alle 21.00 nell\u2019anfiteatro del Museo Etnografico di Premana per poi continuare venerd\u00ec con l\u2019alpinista Simone Moro e sabato sera con la presentazione dei top runners.<\/p>\n<p>Tornando alla gara, domenica si assegneranno anche il XV Trofeo della Banca della Valsassina con la Skymarathon, mentre la Mini SkyRace sar\u00e0 valida per l\u2019ottava edizione del Trofeo Pro Loco di Premana.<\/p>\n<p>Info: <a href=\"http:\/\/www.giirdimont.it\/\">www.giirdimont.it<\/a> &#8211; <a href=\"http:\/\/www.tds-live.com\/\">www.tds-live.com<\/a> e pagina Facebook.<\/p>\n","protected":false},"excerpt":{"rendered":"<p>Quasi mille skyrunners per l\u2019evento di domenica 26 luglio Iscrizioni chiuse e confermata la diretta RAI Sport 2 La Sportiva Mountain Running Cup sui sentieri di Premana Da gioved\u00ec via anche agli eventi di contorno &nbsp; &nbsp; Sar\u00e0 uno sbarco di quasi mille corridori del cielo quello di domenica 26 luglio a Premana, sulle montagne [&hellip;]<\/p>\n","protected":false},"author":15,"featured_media":0,"comment_status":"open","ping_status":"open","sticky":false,"template":"","format":"standard","meta":{"footnotes":""},"categories":[15],"tags":[],"class_list":["post-377","post","type-post","status-publish","format-standard","hentry","category-sport"],"_links":{"self":[{"href":"https:\/\/www.area-press.eu\/comunicatistampa\/wp-json\/wp\/v2\/posts\/377","targetHints":{"allow":["GET"]}}],"collection":[{"href":"https:\/\/www.area-press.eu\/comunicatistampa\/wp-json\/wp\/v2\/posts"}],"about":[{"href":"https:\/\/www.area-press.eu\/comunicatistampa\/wp-json\/wp\/v2\/types\/post"}],"author":[{"embeddable":true,"href":"https:\/\/www.area-press.eu\/comunicatistampa\/wp-json\/wp\/v2\/users\/15"}],"replies":[{"embeddable":true,"href":"https:\/\/www.area-press.eu\/comunicatistampa\/wp-json\/wp\/v2\/comments?post=377"}],"version-history":[{"count":1,"href":"https:\/\/www.area-press.eu\/comunicatistampa\/wp-json\/wp\/v2\/posts\/377\/revisions"}],"predecessor-version":[{"id":378,"href":"https:\/\/www.area-press.eu\/comunicatistampa\/wp-json\/wp\/v2\/posts\/377\/revisions\/378"}],"wp:attachment":[{"href":"https:\/\/www.area-press.eu\/comunicatistampa\/wp-json\/wp\/v2\/media?parent=377"}],"wp:term":[{"taxonomy":"category","embeddable":true,"href":"https:\/\/www.area-press.eu\/comunicatistampa\/wp-json\/wp\/v2\/categories?post=377"},{"taxonomy":"post_tag","embeddable":true,"href":"https:\/\/www.area-press.eu\/comunicatistampa\/wp-json\/wp\/v2\/tags?post=377"}],"curies":[{"name":"wp","href":"https:\/\/api.w.org\/{rel}","templated":true}]}}