{"id":37628,"date":"2019-01-09T11:35:29","date_gmt":"2019-01-09T10:35:29","guid":{"rendered":"http:\/\/www.area-press.eu\/comunicatistampa\/?p=37628"},"modified":"2019-01-09T11:35:29","modified_gmt":"2019-01-09T10:35:29","slug":"meccanica-agricola-il-futuro-di-deutz-fahr-e-sempre-piu-eco-friendly","status":"publish","type":"post","link":"https:\/\/www.area-press.eu\/comunicatistampa\/2019\/01\/09\/meccanica-agricola-il-futuro-di-deutz-fahr-e-sempre-piu-eco-friendly\/","title":{"rendered":"Meccanica agricola: il futuro di Deutz-Fahr \u00e8 sempre pi\u00f9 Eco-friendly"},"content":{"rendered":"<p>Rispetto dell\u2019ambiente ma anche della salute di operatori e animali: in altre parole, Eco-friendly. \u00c8 questa la politica aziendale che nei prossimi anni caratterizzer\u00e0 gran parte della produzione di Deutz-Fahr, il colosso mondiale delle <a href=\"http:\/\/www.cordinisrl.com\/\"><strong><u>macchine per agricoltura<\/u><\/strong><\/a> di cui Cordini Srl \u00e8 fiero di essere rivenditore in tutta Italia, anche online.<\/p>\n<p>L\u2019occasione per svelare le strategie future della casa di produzione tedesca \u00e8 stata l\u2019ultima edizione di Eima International 2018 di Bologna, dove ad essere presentate sono state le ultimissime soluzioni di meccanica agricola all\u2019insegna dell\u2019innovazione e dell\u2019ecosostenibilit\u00e0.<\/p>\n<p>Cominciamo dai motori E-Deutz, ovvero i sistemi di propulsione ibridi e interamente elettrici in grado di garantire un aumento dell\u2019efficienza ma con costi di gestione ottimizzati, in virt\u00f9 di consumi ed emissioni contenuti. Vantaggi che diventano ancora pi\u00f9 evidenti se si opta per l\u2019utilizzo della versione elettrica, perch\u00e9 al minor impatto ambientale dovuto all\u2019abbattimento della soglia dei gas di scarico, si aggiunge l\u2019assenza di inquinamento acustico.<\/p>\n<p>Ma Eima 2018 \u00e8 stata anche l\u2019occasione per Deutz Italy di presentare i motori diesel omologati Stage V, riuscendo ad adottare i motori ai nuovi standard di emissione senza apportare alcuna modifica strutturale del mezzo. Ad occupare la scena tra i propulsori diesel \u00e8 stato il modello Deutz TCD 9.0, che si \u00e8 aggiudicato il prestigioso premio <em>\u201cDiesel of the Year 2018\u201d.<\/em> Ma a far parlare bene di s\u00e9 in questo 2019 saranno anche i modelli a 6 cilindri TCD 12.0, 13.5 e 18.0 con potenza massima erogata fino a 620 Kw.<\/p>\n<p>In attesa di conoscere tutte le altre novit\u00e0 2019 del gruppo tedesco, Cordini Srl vi invita a scoprire la vasta gamma di <a href=\"http:\/\/www.cordinisrl.com\/trattori-campo-aperto\"><strong><u>trattori agricoli<\/u><\/strong><\/a> e cingolati targati Deutz-Fahr presenti all\u2019interno della sua area espositiva e visibili anche sul suo e-commerce, adatti ad ogni tipo di esigenza dei produttori del settore primario.<\/p>\n","protected":false},"excerpt":{"rendered":"<p>Rispetto dell\u2019ambiente ma anche della salute di operatori e animali: in altre parole, Eco-friendly. \u00c8 questa la politica aziendale che nei prossimi anni caratterizzer\u00e0 gran parte della produzione di Deutz-Fahr, il colosso mondiale delle macchine per agricoltura di cui Cordini Srl \u00e8 fiero di essere rivenditore in tutta Italia, anche online. L\u2019occasione per svelare le [&hellip;]<\/p>\n","protected":false},"author":5108,"featured_media":0,"comment_status":"open","ping_status":"open","sticky":false,"template":"","format":"standard","meta":{"footnotes":""},"categories":[5],"tags":[20388,20387,22150],"class_list":["post-37628","post","type-post","status-publish","format-standard","hentry","category-aziendali","tag-macchine-agricole-usate","tag-noleggio-macchine-agricole","tag-trattori-campo-aperto"],"_links":{"self":[{"href":"https:\/\/www.area-press.eu\/comunicatistampa\/wp-json\/wp\/v2\/posts\/37628","targetHints":{"allow":["GET"]}}],"collection":[{"href":"https:\/\/www.area-press.eu\/comunicatistampa\/wp-json\/wp\/v2\/posts"}],"about":[{"href":"https:\/\/www.area-press.eu\/comunicatistampa\/wp-json\/wp\/v2\/types\/post"}],"author":[{"embeddable":true,"href":"https:\/\/www.area-press.eu\/comunicatistampa\/wp-json\/wp\/v2\/users\/5108"}],"replies":[{"embeddable":true,"href":"https:\/\/www.area-press.eu\/comunicatistampa\/wp-json\/wp\/v2\/comments?post=37628"}],"version-history":[{"count":1,"href":"https:\/\/www.area-press.eu\/comunicatistampa\/wp-json\/wp\/v2\/posts\/37628\/revisions"}],"predecessor-version":[{"id":37630,"href":"https:\/\/www.area-press.eu\/comunicatistampa\/wp-json\/wp\/v2\/posts\/37628\/revisions\/37630"}],"wp:attachment":[{"href":"https:\/\/www.area-press.eu\/comunicatistampa\/wp-json\/wp\/v2\/media?parent=37628"}],"wp:term":[{"taxonomy":"category","embeddable":true,"href":"https:\/\/www.area-press.eu\/comunicatistampa\/wp-json\/wp\/v2\/categories?post=37628"},{"taxonomy":"post_tag","embeddable":true,"href":"https:\/\/www.area-press.eu\/comunicatistampa\/wp-json\/wp\/v2\/tags?post=37628"}],"curies":[{"name":"wp","href":"https:\/\/api.w.org\/{rel}","templated":true}]}}