{"id":37623,"date":"2019-01-09T11:35:29","date_gmt":"2019-01-09T10:35:29","guid":{"rendered":"http:\/\/www.area-press.eu\/comunicatistampa\/?p=37623"},"modified":"2019-01-09T11:35:29","modified_gmt":"2019-01-09T10:35:29","slug":"sabato-9-febbraio-2019-alla-scoperta-dellincantevole-pinacoteca-vaticana","status":"publish","type":"post","link":"https:\/\/www.area-press.eu\/comunicatistampa\/2019\/01\/09\/sabato-9-febbraio-2019-alla-scoperta-dellincantevole-pinacoteca-vaticana\/","title":{"rendered":"Sabato 9 febbraio 2019: Alla scoperta dell&#8217;incantevole Pinacoteca Vaticana"},"content":{"rendered":"<p style=\"text-align: center\"><strong>Sabato 9 febbraio 2019: Alla scoperta dell&#8217;incantevole Pinacoteca Vaticana<\/strong><\/p>\n<p><img loading=\"lazy\" decoding=\"async\" src=\"http:\/\/www.adm-arte.it\/media\/k2\/items\/cache\/48ed12281ae1f6453d2d5ec95b17e082_XL.jpg\" alt=\"\" width=\"1003\" height=\"679\" \/><\/p>\n<p>Questo museo \u00e8 talmente pieno di opere straordinarie, di grandi maestri, che ho rischiato di rimanere nella Pinacoteca per ore e non vedere nient\u2019altro. Le opere sono esposte in ordine cronologico, ed \u00e8 un viaggio nel tempo attraverso i grandi nomi della storia dell\u2019arte. Da non perdere il Trittico Stefaneschi di <strong>Giotto<\/strong>, la Trasfigurazione di <strong>Raffaello<\/strong>, il San Girolamo di <strong>Leonardo da Vinci<\/strong> e la Deposizione di <strong>Caravaggio<\/strong>. Quattro opere che da sole basterebbero a soddisfare il bisogno di bellezza del pi\u00f9 esigente degli osservatori per una vita intera. E invece ci sono mille altre opere uniche che si possono ammirare nelle sale della Pinacoteca Vaticana, che chiedono uno sguardo pi\u00f9 attento del semplice passaggio.<\/p>\n<p>In particolare mi hanno colpita tanto gli <strong>Angeli Musicanti di Melozzo da Forl\u00ec<\/strong>, frammenti di affreschi perduti dalla prospettiva ardita e con volti bellissimi. E poi gli <strong>arazzi di Raffaello<\/strong> per la Cappella Sistina, due volte preziosi: la prima perch\u00e9 realizzati su disegno del maestro di Urbino, e la seconda perch\u00e9 eseguiti da una delle botteghe pi\u00f9 raffinate di Bruxelles. Questi arazzi riassumono l\u2019eccellenza del Rinascimento nell\u2019arte del disegno e in quella tessile.<\/p>\n<p><strong>Visita guidata<\/strong>: sabato 9 febbraio alle ore 14:30<br \/>\n<strong>Appuntamento<\/strong>: ore 14:00 &#8211; Viale Vaticano &#8211; di fronte all&#8217;ingresso dei Musei Vaticani<br \/>\n<strong>Quota di partecipazione<\/strong>: \u20ac40,00 &#8211; pagamento anticipato tramiti bonifico bancario all&#8217;IbanIT43J0569603219000004793X28. Comprende (auricolari, salta fila, biglietti d&#8217;ingresso e visita guidata con guida storica dell&#8217;arte)<br \/>\n<strong>Prenotazione<\/strong>: per prenotarsi \u00e8 necessario inviare una mail all&#8217;indirizzo <span id=\"cloak5eb157342101758732c3247f2619de77\"><a>segreteria@adm-arte.it<\/a><\/span>, contenente (nomi dei partecipanti, allegato con copia del bonifico bancario e un numero telefonico di riferimento per poter essere contattati in caso di variazione di programma)<\/p>\n<p><strong>Per conoscere i nostri eventi futuri, potete visitare il sito:<br \/>\n<a href=\"http:\/\/www.adm-arte.it\/visite-guidate.html\" target=\"_blank\" rel=\"noopener\">www.Adm-arte.it<\/a><\/strong><\/p>\n<p><strong>ADM &#8211; ARTE<br \/>\nASSOCIAZIONE CULTURALE<br \/>\nVia Radicofani, 25 &#8211; 00138 Roma<br \/>\nTel. 06\/8800763 &#8211; Fax. 06\/8803143<br \/>\nMobile. 3208424686<br \/>\nCodice Fiscale 97690980582<br \/>\nBanca Popolare di Sondrio Ag.19 c\/c n. 4793X28<br \/>\nIBAN IT43J0569603219000004793X28<br \/>\nsegreteria@adm-arte.it<a href=\"http:\/\/www.adm-arte.it\/\" target=\"_blank\" rel=\"noopener noreferrer\"> www.adm-arte.it<\/a><\/strong><\/p>\n","protected":false},"excerpt":{"rendered":"<p>Sabato 9 febbraio 2019: Alla scoperta dell&#8217;incantevole Pinacoteca Vaticana Questo museo \u00e8 talmente pieno di opere straordinarie, di grandi maestri, che ho rischiato di rimanere nella Pinacoteca per ore e non vedere nient\u2019altro. Le opere sono esposte in ordine cronologico, ed \u00e8 un viaggio nel tempo attraverso i grandi nomi della storia dell\u2019arte. Da non [&hellip;]<\/p>\n","protected":false},"author":5530,"featured_media":0,"comment_status":"open","ping_status":"open","sticky":false,"template":"","format":"standard","meta":{"footnotes":""},"categories":[3,29,8],"tags":[],"class_list":["post-37623","post","type-post","status-publish","format-standard","hentry","category-arte-e-cultura","category-comunicati","category-eventi"],"_links":{"self":[{"href":"https:\/\/www.area-press.eu\/comunicatistampa\/wp-json\/wp\/v2\/posts\/37623","targetHints":{"allow":["GET"]}}],"collection":[{"href":"https:\/\/www.area-press.eu\/comunicatistampa\/wp-json\/wp\/v2\/posts"}],"about":[{"href":"https:\/\/www.area-press.eu\/comunicatistampa\/wp-json\/wp\/v2\/types\/post"}],"author":[{"embeddable":true,"href":"https:\/\/www.area-press.eu\/comunicatistampa\/wp-json\/wp\/v2\/users\/5530"}],"replies":[{"embeddable":true,"href":"https:\/\/www.area-press.eu\/comunicatistampa\/wp-json\/wp\/v2\/comments?post=37623"}],"version-history":[{"count":1,"href":"https:\/\/www.area-press.eu\/comunicatistampa\/wp-json\/wp\/v2\/posts\/37623\/revisions"}],"predecessor-version":[{"id":37624,"href":"https:\/\/www.area-press.eu\/comunicatistampa\/wp-json\/wp\/v2\/posts\/37623\/revisions\/37624"}],"wp:attachment":[{"href":"https:\/\/www.area-press.eu\/comunicatistampa\/wp-json\/wp\/v2\/media?parent=37623"}],"wp:term":[{"taxonomy":"category","embeddable":true,"href":"https:\/\/www.area-press.eu\/comunicatistampa\/wp-json\/wp\/v2\/categories?post=37623"},{"taxonomy":"post_tag","embeddable":true,"href":"https:\/\/www.area-press.eu\/comunicatistampa\/wp-json\/wp\/v2\/tags?post=37623"}],"curies":[{"name":"wp","href":"https:\/\/api.w.org\/{rel}","templated":true}]}}