{"id":37618,"date":"2019-01-09T11:35:28","date_gmt":"2019-01-09T10:35:28","guid":{"rendered":"http:\/\/www.area-press.eu\/comunicatistampa\/?p=37618"},"modified":"2019-01-09T11:35:28","modified_gmt":"2019-01-09T10:35:28","slug":"sabato-2-febbraio-2019-i-capolavori-di-caravaggio-tiziano-raffaello-e-bernini-nella-galleria-doria-pamhilj","status":"publish","type":"post","link":"https:\/\/www.area-press.eu\/comunicatistampa\/2019\/01\/09\/sabato-2-febbraio-2019-i-capolavori-di-caravaggio-tiziano-raffaello-e-bernini-nella-galleria-doria-pamhilj\/","title":{"rendered":"Sabato 2 febbraio 2019 &#8211; i capolavori di Caravaggio, Tiziano, Raffaello e Bernini nella Galleria Doria Pamhilj"},"content":{"rendered":"<p style=\"text-align: center\"><span style=\"font-size: 18pt\">Sabato 2 febbraio 2019 &#8211; i capolavori di Caravaggio, Tiziano, Raffaello e Bernini nella Galleria Doria Pamhilj<\/span><\/p>\n<p><img loading=\"lazy\" decoding=\"async\" src=\"http:\/\/www.adm-arte.it\/media\/k2\/items\/cache\/24d767ce6c156eb07b1fc26c266211f5_XL.jpg\" alt=\"\" width=\"966\" height=\"560\" \/><\/p>\n<p>La <strong>galleria<\/strong> <strong>Doria Pamhilij<\/strong> ospita una straordinaria collezione privata unica al mondo.<br \/>\nLa galleria \u00e8 anche la parte di <strong>Palazzo Doria Pamphilj<\/strong> che nasconde la storia pi\u00f9 antica e interessante, una storia fatta di nobilt\u00e0, politica e unioni tra alcune delle pi\u00f9 grandi famiglie nobiliari italiane: dai <strong>Della Rovere<\/strong> agli <strong>Aldobrandini<\/strong>, dai <strong>Landi<\/strong> ai <strong>Doria Pamphilj<\/strong>.<br \/>\nLa nostra visita guidata prender\u00e0 in considerazione i pi\u00f9 grandi capolavori di <strong>Caravaggio<\/strong>, <strong>Raffaello Sanzio<\/strong>, <strong>Tiziano<\/strong>, <strong>Bernini<\/strong>,<strong> Carracci<\/strong>, <strong>Guido Reni<\/strong> e opere realizzate da importantissimi <strong>maestri fiamminghi<\/strong>.<\/p>\n<p><strong>Visita guidata<\/strong>: sabato 2 febbraio 2019 ore 10:30<br \/>\n<strong>Appuntamento:<\/strong>\u00a0 ore 10:10\u00a0Via del Corso, 305 (massima puntualit\u00e0)<br \/>\n<strong>Quota di partecipazione<\/strong>: \u20ac20,00- pagamento in loco<br \/>\n<strong>Prenotazione<\/strong>: per prenotarsi occorre inviare una<strong> mail di conferma<\/strong> all&#8217;indirizzo <strong><span id=\"cloak025ab96cfbdf85729b2cdc32bda13499\"><a>segreteria@adm-arte.it<\/a><\/span>,<\/strong> oppure un messaggio (sms o whatsapp) al <strong>3208424686<\/strong>.<\/p>\n<p><b>Vi chiediamo cortesemente di specificare nella prenotazione il proprio nominativo, il numero dei partecipanti e un riferimento telefonico per essere contattati in caso di variazione di programma.<\/b><\/p>\n<p><strong>Per conoscere i nostri eventi futuri, potete visitare il sito:<br \/>\n<a href=\"http:\/\/www.adm-arte.it\/visite-guidate.html\" target=\"_blank\" rel=\"noopener\">www.Adm-arte.it<\/a><\/strong><\/p>\n<p><strong>ADM &#8211; ARTE<br \/>\nASSOCIAZIONE CULTURALE<br \/>\nVia Radicofani, 25 &#8211; 00138 Roma<br \/>\nTel. 06\/8800763 &#8211; Fax. 06\/8803143<br \/>\nMobile. 3208424686<br \/>\nCodice Fiscale 97690980582<br \/>\nBanca Popolare di Sondrio Ag.19 c\/c n. 4793X28<br \/>\nIBAN IT43J0569603219000004793X28<br \/>\nsegreteria@adm-arte.it<a href=\"http:\/\/www.adm-arte.it\/\" target=\"_blank\" rel=\"noopener noreferrer\"> www.adm-arte.it<\/a><\/strong><\/p>\n","protected":false},"excerpt":{"rendered":"<p>Sabato 2 febbraio 2019 &#8211; i capolavori di Caravaggio, Tiziano, Raffaello e Bernini nella Galleria Doria Pamhilj La galleria Doria Pamhilij ospita una straordinaria collezione privata unica al mondo. La galleria \u00e8 anche la parte di Palazzo Doria Pamphilj che nasconde la storia pi\u00f9 antica e interessante, una storia fatta di nobilt\u00e0, politica e unioni [&hellip;]<\/p>\n","protected":false},"author":5530,"featured_media":0,"comment_status":"open","ping_status":"open","sticky":false,"template":"","format":"standard","meta":{"footnotes":""},"categories":[3,8],"tags":[],"class_list":["post-37618","post","type-post","status-publish","format-standard","hentry","category-arte-e-cultura","category-eventi"],"_links":{"self":[{"href":"https:\/\/www.area-press.eu\/comunicatistampa\/wp-json\/wp\/v2\/posts\/37618","targetHints":{"allow":["GET"]}}],"collection":[{"href":"https:\/\/www.area-press.eu\/comunicatistampa\/wp-json\/wp\/v2\/posts"}],"about":[{"href":"https:\/\/www.area-press.eu\/comunicatistampa\/wp-json\/wp\/v2\/types\/post"}],"author":[{"embeddable":true,"href":"https:\/\/www.area-press.eu\/comunicatistampa\/wp-json\/wp\/v2\/users\/5530"}],"replies":[{"embeddable":true,"href":"https:\/\/www.area-press.eu\/comunicatistampa\/wp-json\/wp\/v2\/comments?post=37618"}],"version-history":[{"count":1,"href":"https:\/\/www.area-press.eu\/comunicatistampa\/wp-json\/wp\/v2\/posts\/37618\/revisions"}],"predecessor-version":[{"id":37619,"href":"https:\/\/www.area-press.eu\/comunicatistampa\/wp-json\/wp\/v2\/posts\/37618\/revisions\/37619"}],"wp:attachment":[{"href":"https:\/\/www.area-press.eu\/comunicatistampa\/wp-json\/wp\/v2\/media?parent=37618"}],"wp:term":[{"taxonomy":"category","embeddable":true,"href":"https:\/\/www.area-press.eu\/comunicatistampa\/wp-json\/wp\/v2\/categories?post=37618"},{"taxonomy":"post_tag","embeddable":true,"href":"https:\/\/www.area-press.eu\/comunicatistampa\/wp-json\/wp\/v2\/tags?post=37618"}],"curies":[{"name":"wp","href":"https:\/\/api.w.org\/{rel}","templated":true}]}}