{"id":37605,"date":"2019-01-09T11:34:34","date_gmt":"2019-01-09T10:34:34","guid":{"rendered":"http:\/\/www.area-press.eu\/comunicatistampa\/?p=37605"},"modified":"2019-01-09T11:34:34","modified_gmt":"2019-01-09T10:34:34","slug":"le-meraviglie-di-raffaello-sanzio-nella-villa-farnesina-sabato-12-gennaio-alle-ore-1015","status":"publish","type":"post","link":"https:\/\/www.area-press.eu\/comunicatistampa\/2019\/01\/09\/le-meraviglie-di-raffaello-sanzio-nella-villa-farnesina-sabato-12-gennaio-alle-ore-1015\/","title":{"rendered":"Le meraviglie di Raffaello Sanzio nella Villa Farnesina Sabato 12 gennaio alle ore 10:15"},"content":{"rendered":"<p style=\"text-align: center\"><span style=\"font-size: 18pt\"><strong>Alla scoperta dei pi\u00f9 grandi capolavori romani del grande genio del Rinascimento italiano Raffaello Sanzio<\/strong><\/span><\/p>\n<p><img loading=\"lazy\" decoding=\"async\" src=\"http:\/\/www.adm-arte.it\/media\/k2\/items\/cache\/1f9467ed0ebd32e9dc822d63c55d5401_XL.jpg\" alt=\"\" width=\"967\" height=\"574\" \/><\/p>\n<p><strong>Villa Farnesina<\/strong> \u00e8 una delle pi\u00f9 belle <strong>ville rinascimentali a Roma<\/strong>, progettata e realizzato dall&#8217;architetto <strong>Baldassare Peruzzi<\/strong> su commissione del ricco banchiere <strong>Agostino Chigi<\/strong>, grande mecenate e personaggio di spicco nella Roma di inizio Cinquecento.<br \/>\nL&#8217;interno della Villa conserva dei veri e propri <strong>capolavori della pittura rinascimentale italiana<\/strong>, a partire dalla celeberrima<strong> Loggia delle Psiche<\/strong> nella quale si pu\u00f2 ammirare <strong>il meglio di Raffaello e della sua scuola<\/strong>,\u00a0con le celebri <strong>Storie di Amore e Psiche,<\/strong> e la<strong> Sala di Galatea<\/strong>, cos\u00ec detta dall\u2019affresco di<strong> Galatea<\/strong>, opera di <strong>Raffaello<\/strong> per il quale fece da modella la famosa cortigiana <strong>Imperia<\/strong> amata da Agostino Chigi e che, ad oggi, risulta <strong>uno dei maggiori capolavori dell\u2019artista urbinate<\/strong>.<br \/>\nTra i vari capolavori presenti nella Villa possiamo manezionare le opere di\u00a0<strong>Sebastiano del Piombo<\/strong> e il<strong> Sodoma<\/strong> lasciarono la loro firma su affreschi che fecero scuola fra gli artisti del Cinquecento.<br \/>\nNella Villa oggi ha sede l<strong>&#8216;Accademia nazionale dei Lincei<\/strong>\u00a0una delle istituzioni scientifiche pi\u00f9 importanti e antiche d&#8217;Europa.<br \/>\nVenne fondata a Roma nel 1603 da <strong>Federico Cesi<\/strong>,<strong> Francesco Stelluti<\/strong>, <strong>Anastasio De Filiis<\/strong> e <strong>Johannes van Heeck<\/strong>, con lo scopo di costituire una sede di incontri rivolti allo sviluppo delle scienze.<\/p>\n<p><strong>Visita guidata<\/strong>: sabato 12 gennaio alle ore 10:15<br \/>\n<strong>Appuntamento<\/strong>: ore 10:00 &#8211; via della Lungara 230<br \/>\n<strong>Quota di partecipazione<\/strong>: \u20ac20,00 &#8211; comprende<strong> (biglietti d&#8217;ingresso, visita guidata con storico dell&#8217;arte, auricolari se il gruppo raggiunge le 17 unit\u00e0)<\/strong><br \/>\n<strong>Prenotazione<\/strong>: per prenotarsi \u00e8 necessario inviare una mail a <strong>segreteria@adm-arte.it<\/strong>, oppure un messaggio sms o whatsapp al <strong>3208424686<\/strong><\/p>\n<p><strong><em>Vi preghiamo nella prenotazione di comunicarci il vostro nominativo, il numero dei partecipanti, e un contatto telefonico di riferimento per potervi comunicare eventuali cambi di programma.<br \/>\n<\/em><\/strong><\/p>\n<p>Per conoscere il nostro calendario potete visitare il nostro sito: <a href=\"http:\/\/www.adm-arte.it\/visite-guidate.html\" target=\"_blank\" rel=\"noopener noreferrer\">Adm-arte<\/a><\/p>\n<p>ADM &#8211; ARTE<br \/>\nASSOCIAZIONE CULTURALE<br \/>\nVia Radicofani, 25 &#8211; 00138 Roma<br \/>\nTel. 06\/8800763 &#8211; Fax. 06\/8803143<br \/>\nMobile. 3208424686<br \/>\nCodice Fiscale 97690980582<br \/>\nBanca Popolare di Sondrio Ag.19 c\/c n. 4793X28<br \/>\nIBAN IT43J0569603219000004793X28<br \/>\nsegreteria@adm-arte.it <a href=\"http:\/\/www.adm-arte.it\/\" target=\"_blank\" rel=\"noopener noreferrer\">www.adm-arte.it<\/a><\/p>\n","protected":false},"excerpt":{"rendered":"<p>Alla scoperta dei pi\u00f9 grandi capolavori romani del grande genio del Rinascimento italiano Raffaello Sanzio Villa Farnesina \u00e8 una delle pi\u00f9 belle ville rinascimentali a Roma, progettata e realizzato dall&#8217;architetto Baldassare Peruzzi su commissione del ricco banchiere Agostino Chigi, grande mecenate e personaggio di spicco nella Roma di inizio Cinquecento. L&#8217;interno della Villa conserva dei [&hellip;]<\/p>\n","protected":false},"author":5530,"featured_media":0,"comment_status":"open","ping_status":"open","sticky":false,"template":"","format":"standard","meta":{"footnotes":""},"categories":[3,8],"tags":[],"class_list":["post-37605","post","type-post","status-publish","format-standard","hentry","category-arte-e-cultura","category-eventi"],"_links":{"self":[{"href":"https:\/\/www.area-press.eu\/comunicatistampa\/wp-json\/wp\/v2\/posts\/37605","targetHints":{"allow":["GET"]}}],"collection":[{"href":"https:\/\/www.area-press.eu\/comunicatistampa\/wp-json\/wp\/v2\/posts"}],"about":[{"href":"https:\/\/www.area-press.eu\/comunicatistampa\/wp-json\/wp\/v2\/types\/post"}],"author":[{"embeddable":true,"href":"https:\/\/www.area-press.eu\/comunicatistampa\/wp-json\/wp\/v2\/users\/5530"}],"replies":[{"embeddable":true,"href":"https:\/\/www.area-press.eu\/comunicatistampa\/wp-json\/wp\/v2\/comments?post=37605"}],"version-history":[{"count":1,"href":"https:\/\/www.area-press.eu\/comunicatistampa\/wp-json\/wp\/v2\/posts\/37605\/revisions"}],"predecessor-version":[{"id":37606,"href":"https:\/\/www.area-press.eu\/comunicatistampa\/wp-json\/wp\/v2\/posts\/37605\/revisions\/37606"}],"wp:attachment":[{"href":"https:\/\/www.area-press.eu\/comunicatistampa\/wp-json\/wp\/v2\/media?parent=37605"}],"wp:term":[{"taxonomy":"category","embeddable":true,"href":"https:\/\/www.area-press.eu\/comunicatistampa\/wp-json\/wp\/v2\/categories?post=37605"},{"taxonomy":"post_tag","embeddable":true,"href":"https:\/\/www.area-press.eu\/comunicatistampa\/wp-json\/wp\/v2\/tags?post=37605"}],"curies":[{"name":"wp","href":"https:\/\/api.w.org\/{rel}","templated":true}]}}