{"id":375,"date":"2015-07-20T17:40:57","date_gmt":"2015-07-20T15:40:57","guid":{"rendered":"http:\/\/www.area-press.eu\/comunicatistampa\/?p=375"},"modified":"2015-07-21T17:23:05","modified_gmt":"2015-07-21T15:23:05","slug":"trentino-mtb-si-prepara-per-agosto-vecia-ferovia-e-val-di-sole-marathon-in-vista","status":"publish","type":"post","link":"https:\/\/www.area-press.eu\/comunicatistampa\/2015\/07\/20\/trentino-mtb-si-prepara-per-agosto-vecia-ferovia-e-val-di-sole-marathon-in-vista\/","title":{"rendered":"TRENTINO MTB SI PREPARA PER AGOSTO, \u201cVECIA FEROVIA\u201d E VAL DI SOLE MARATHON IN VISTA"},"content":{"rendered":"<p>Doppio appuntamento ad agosto per \u201cTrentino MTB presented by crankbrothers\u201d<\/p>\n<p>Domenica 2 tocca a \u201cLa Vecia Ferovia dela Val de Fiemme\u201d<\/p>\n<p>A fine mese si replica con la Val di Sole Marathon<\/p>\n<p>Scott pedala con il challenge trentino<\/p>\n<p>&nbsp;<\/p>\n<p>&nbsp;<\/p>\n<p>In questo mese di luglio \u201cTrentino MTB presented by crankbrothers\u201d sta riposando, ma i bikers sono impegnati con i \u201ccompiti per le vacanze\u201d visto che ad agosto l\u2019apprezzata serie off road propone due appuntamenti da non perdere sugli sterrati trentini. Domenica 2 agosto a Molina di Fiemme sar\u00e0 di scena una classicissima del pianeta bike marathon, \u201cLa Vecia Ferovia dela Val de Fiemme\u201d con la 19.a edizione caratterizzata da grandi novit\u00e0 nei chilometri finali, resi pi\u00f9 movimentati da strappi ripidi e divertenti tornantini piazzati a ridosso della finish-line. A fine mese, domenica 30, ci si sposter\u00e0 a Mal\u00e9 per la Val di Sole Marathon, gara tecnica e spettacolare fra sentieri e strade forestali del Parco Naturale Adamello Brenta e penultima frazione del challenge prima dell\u2019epilogo di ottobre con la 3T Bike in Valsugana.<\/p>\n<p>Lungo il percorso dell\u2019antico trenino della Val di Fiemme rivedremo all\u2019opera tanti protagonisti del circuito: i leader di categoria Lorena Zocca (Donne), Gabriele Depaul (Elite Sport), Ivan Degasperi (M1), Luca Zampedri (M2), Claudio Segata (M3), Michele Bazzanella (M4), Giuseppe Baricchi (M5) e Silvano Janes (M6) hanno gi\u00e0 confermato la propria presenza il 2 agosto, con l\u2019intento di spartirsi il ricco bottino di punti che la \u201cVecia Ferovia\u201d mette in palio: si tratta, infatti, di una gara Jolly e tutti i punteggi ottenuti verranno aumentati del 20%.<\/p>\n<p>Assieme a loro nei prossimi giorni si aggiungeranno anche i tanti \u00e9lite che ogni anno la gara richiama a s\u00e9, cos\u00ec come la Val di Sole Marathon di fine mese. La granfondo di Mal\u00e9, alla 3.a edizione nel 2015, ha gi\u00e0 conquistato i cuori degli appassionati grazie al percorso tecnico ed emozionante sugli sterrati della Val di Sole. La prova di domenica 30 agosto offre ai bikers una doppia variante di tracciato: il morbido \u201cclassic\u201d da 35 km e 1500 metri di dislivello ed il tosto \u201cmarathon\u201d di 61 km e 2700 metri di dislivello, caratterizzato dalla lunga ascesa al Rifugio Orso Bruno a 2147 metri di quota. In entrambi i fine settimana non mancheranno poi le gare riservate ai bambini e le iniziative di contorno destinate a bikers e accompagnatori che completano la ricca offerta di Trentino MTB.<\/p>\n<p>Il circuito, oltre che attirare sugli sterrati trentini migliaia di bikers di tutta la penisola, \u00e8 apprezzato anche dalle aziende leader del settore come Scott, un marchio che ha scritto la storia delle ruote artigliate in tutto il mondo: \u201cCircuiti come Trentino MTB sono l\u2019ideale per quanto concerne la visibilit\u00e0 nei diversi territori \u2013 spiegano i responsabili del marketing della nota casa ciclistica &#8211; e bisogna fare i complimenti agli organizzatori di Trentino MTB. Ogni anno organizzano un challenge di livello che siamo felici di poter supportare\u201d.<\/p>\n<p>Per tutte le informazioni e le immagini pi\u00f9 spettacolari delle prove di \u201cTrentino MTB presented by crankbrothers\u201d basta accedere al sito <a href=\"http:\/\/www.trentinomtb.com\/\">www.trentinomtb.com<\/a> e alla pagina Facebook di Trentino MTB.<\/p>\n","protected":false},"excerpt":{"rendered":"<p>Doppio appuntamento ad agosto per \u201cTrentino MTB presented by crankbrothers\u201d Domenica 2 tocca a \u201cLa Vecia Ferovia dela Val de Fiemme\u201d A fine mese si replica con la Val di Sole Marathon Scott pedala con il challenge trentino &nbsp; &nbsp; In questo mese di luglio \u201cTrentino MTB presented by crankbrothers\u201d sta riposando, ma i bikers [&hellip;]<\/p>\n","protected":false},"author":15,"featured_media":0,"comment_status":"open","ping_status":"open","sticky":false,"template":"","format":"standard","meta":{"footnotes":""},"categories":[15],"tags":[],"class_list":["post-375","post","type-post","status-publish","format-standard","hentry","category-sport"],"_links":{"self":[{"href":"https:\/\/www.area-press.eu\/comunicatistampa\/wp-json\/wp\/v2\/posts\/375","targetHints":{"allow":["GET"]}}],"collection":[{"href":"https:\/\/www.area-press.eu\/comunicatistampa\/wp-json\/wp\/v2\/posts"}],"about":[{"href":"https:\/\/www.area-press.eu\/comunicatistampa\/wp-json\/wp\/v2\/types\/post"}],"author":[{"embeddable":true,"href":"https:\/\/www.area-press.eu\/comunicatistampa\/wp-json\/wp\/v2\/users\/15"}],"replies":[{"embeddable":true,"href":"https:\/\/www.area-press.eu\/comunicatistampa\/wp-json\/wp\/v2\/comments?post=375"}],"version-history":[{"count":1,"href":"https:\/\/www.area-press.eu\/comunicatistampa\/wp-json\/wp\/v2\/posts\/375\/revisions"}],"predecessor-version":[{"id":376,"href":"https:\/\/www.area-press.eu\/comunicatistampa\/wp-json\/wp\/v2\/posts\/375\/revisions\/376"}],"wp:attachment":[{"href":"https:\/\/www.area-press.eu\/comunicatistampa\/wp-json\/wp\/v2\/media?parent=375"}],"wp:term":[{"taxonomy":"category","embeddable":true,"href":"https:\/\/www.area-press.eu\/comunicatistampa\/wp-json\/wp\/v2\/categories?post=375"},{"taxonomy":"post_tag","embeddable":true,"href":"https:\/\/www.area-press.eu\/comunicatistampa\/wp-json\/wp\/v2\/tags?post=375"}],"curies":[{"name":"wp","href":"https:\/\/api.w.org\/{rel}","templated":true}]}}