{"id":37487,"date":"2019-01-04T18:25:54","date_gmt":"2019-01-04T17:25:54","guid":{"rendered":"http:\/\/www.area-press.eu\/comunicatistampa\/?p=37487"},"modified":"2019-01-04T18:25:54","modified_gmt":"2019-01-04T17:25:54","slug":"al-via-a-bruxelles-jazzuary-il-gennaio-a-ritmo-di-jazz","status":"publish","type":"post","link":"https:\/\/www.area-press.eu\/comunicatistampa\/2019\/01\/04\/al-via-a-bruxelles-jazzuary-il-gennaio-a-ritmo-di-jazz\/","title":{"rendered":"Al via a Bruxelles Jazzuary, il gennaio a ritmo di Jazz"},"content":{"rendered":"<p>Dal classico al gipsy, dall\u2019acid al be pop, passando per le sonorit\u00e0 di matrice africana e il ricordo delle leggende del passato: a <strong>Bruxelles<\/strong> il nuovo anno si apre all\u2019insegna del <strong>Jazz<\/strong>, genere musicale protagonista di 3 festival che si svolgeranno in contemporanea nel mese di gennaio, ribattezzato per l\u2019occasione Jazzuary, ovvero Jazz e January! Un\u2019occasione da non perdere per tutti gli appassionati, che potranno partecipare a concerti, show-case incontri culturali e presentazioni in esclusiva, incontrando artisti emergenti e mostri sacri di fama mondiale.<\/p>\n<p><strong>BRUSSELS JAZZ FESTIVAL 10\/19 GENNAIO<\/strong><\/p>\n<p>Si parte dal 10 al 19 gennaio con il <a href=\"https:\/\/mandrillapp.com\/track\/click\/30996062\/marketingcom.us9.list-manage.com?p=eyJzIjoidkdUbzJaYWVBMjgzcE50bmZvMjU0Y3h5QTFJIiwidiI6MSwicCI6IntcInVcIjozMDk5NjA2MixcInZcIjoxLFwidXJsXCI6XCJodHRwczpcXFwvXFxcL21hcmtldGluZ2NvbS51czkubGlzdC1tYW5hZ2UuY29tXFxcL3RyYWNrXFxcL2NsaWNrP3U9OTVmMDY3NmE2NGFiMzFjYTAyMmZhNzdhNiZpZD1jYTdjNjYyNjdmJmU9YjhjMTM0OWNjYVwiLFwiaWRcIjpcIjQ1ZTY4ZmZmZTk3ZDQ1OTg4NWU3NGI0OTdjMmZmYmIzXCIsXCJ1cmxfaWRzXCI6W1wiZWRhNmZiZDdiNTVmZGZkMzE0ZWIxM2U1ZTRiM2JlMTYwNzZjMmUxOFwiXX0ifQ\" target=\"_blank\" rel=\"noopener\" data-saferedirecturl=\"https:\/\/www.google.com\/url?q=https:\/\/mandrillapp.com\/track\/click\/30996062\/marketingcom.us9.list-manage.com?p%3DeyJzIjoidkdUbzJaYWVBMjgzcE50bmZvMjU0Y3h5QTFJIiwidiI6MSwicCI6IntcInVcIjozMDk5NjA2MixcInZcIjoxLFwidXJsXCI6XCJodHRwczpcXFwvXFxcL21hcmtldGluZ2NvbS51czkubGlzdC1tYW5hZ2UuY29tXFxcL3RyYWNrXFxcL2NsaWNrP3U9OTVmMDY3NmE2NGFiMzFjYTAyMmZhNzdhNiZpZD1jYTdjNjYyNjdmJmU9YjhjMTM0OWNjYVwiLFwiaWRcIjpcIjQ1ZTY4ZmZmZTk3ZDQ1OTg4NWU3NGI0OTdjMmZmYmIzXCIsXCJ1cmxfaWRzXCI6W1wiZWRhNmZiZDdiNTVmZGZkMzE0ZWIxM2U1ZTRiM2JlMTYwNzZjMmUxOFwiXX0ifQ&amp;source=gmail&amp;ust=1546509209563000&amp;usg=AFQjCNEArDJHtT8h-vZCVZs8k304s1sFfA\"><strong>\u201cBrussels Jazz Festival\u201d<\/strong><\/a>, appuntamento di rilevanza internazionale che si svolger\u00e0 come di consueto al <strong>Flagey, palazzo anni \u201930 in stile Art D\u00e9co <\/strong>nella zona di Ixelles, ex sede dell\u2019Istituto Nazionale Belga di Radiodiffusione. Nel corso dei dieci giorni del festival si alterneranno artisti provenienti da tutto il mondo per un cartellone di circa venti di concerti. La manifestazione sar\u00e0 aperta da <strong>Mulatu Astatke<\/strong>, considerato il padre del jazz etiope, e tra gli appuntamenti pi\u00f9 attesi figura il concerto di <strong>Lisa Simone, figlia della celebre interprete Nina Simone,<\/strong> che presenter\u00e0 il 19 gennaio un\u2019anteprima del suo nuovo lavoro discografico. Tra gli altri nomi di spicco, Antonio Sanchez, Yazz Ahmed e il pianista armeno Tigran Hamasyan, che si esibir\u00e0 insieme alla Filarmonica di Bruxelles. In programma, infine, attivit\u00e0 per i pi\u00f9 piccoli, dj-set, proiezioni di fiction e documentari. <a href=\"https:\/\/mandrillapp.com\/track\/click\/30996062\/marketingcom.us9.list-manage.com?p=eyJzIjoiTXY4SmhSWEwzaWNtb2VWODZKbWVONmtPaXpVIiwidiI6MSwicCI6IntcInVcIjozMDk5NjA2MixcInZcIjoxLFwidXJsXCI6XCJodHRwczpcXFwvXFxcL21hcmtldGluZ2NvbS51czkubGlzdC1tYW5hZ2UuY29tXFxcL3RyYWNrXFxcL2NsaWNrP3U9OTVmMDY3NmE2NGFiMzFjYTAyMmZhNzdhNiZpZD02ZTRlZjRhMDMyJmU9YjhjMTM0OWNjYVwiLFwiaWRcIjpcIjQ1ZTY4ZmZmZTk3ZDQ1OTg4NWU3NGI0OTdjMmZmYmIzXCIsXCJ1cmxfaWRzXCI6W1wiZWRhNmZiZDdiNTVmZGZkMzE0ZWIxM2U1ZTRiM2JlMTYwNzZjMmUxOFwiXX0ifQ\" data-saferedirecturl=\"https:\/\/www.google.com\/url?q=https:\/\/mandrillapp.com\/track\/click\/30996062\/marketingcom.us9.list-manage.com?p%3DeyJzIjoiTXY4SmhSWEwzaWNtb2VWODZKbWVONmtPaXpVIiwidiI6MSwicCI6IntcInVcIjozMDk5NjA2MixcInZcIjoxLFwidXJsXCI6XCJodHRwczpcXFwvXFxcL21hcmtldGluZ2NvbS51czkubGlzdC1tYW5hZ2UuY29tXFxcL3RyYWNrXFxcL2NsaWNrP3U9OTVmMDY3NmE2NGFiMzFjYTAyMmZhNzdhNiZpZD02ZTRlZjRhMDMyJmU9YjhjMTM0OWNjYVwiLFwiaWRcIjpcIjQ1ZTY4ZmZmZTk3ZDQ1OTg4NWU3NGI0OTdjMmZmYmIzXCIsXCJ1cmxfaWRzXCI6W1wiZWRhNmZiZDdiNTVmZGZkMzE0ZWIxM2U1ZTRiM2JlMTYwNzZjMmUxOFwiXX0ifQ&amp;source=gmail&amp;ust=1546509209563000&amp;usg=AFQjCNGrIrZdQytEr0hMiIugN56ndlaTLw\">https:\/\/visit.brussels\/it<\/a><\/p>\n<p><strong>RIVER JAZZ FESTIVAL 11\/29 GENNAIO<\/strong><\/p>\n<p>Quasi in concomitanza con il Brussels Jazz Festival, dall\u201911 al 29 gennaio si svolger\u00e0 il <strong><a href=\"https:\/\/mandrillapp.com\/track\/click\/30996062\/marketingcom.us9.list-manage.com?p=eyJzIjoiXzEyMVl2TjF1QW1jdmx1NF95LUVhQTRPOExvIiwidiI6MSwicCI6IntcInVcIjozMDk5NjA2MixcInZcIjoxLFwidXJsXCI6XCJodHRwczpcXFwvXFxcL21hcmtldGluZ2NvbS51czkubGlzdC1tYW5hZ2UuY29tXFxcL3RyYWNrXFxcL2NsaWNrP3U9OTVmMDY3NmE2NGFiMzFjYTAyMmZhNzdhNiZpZD1lMDg4ZjZhZGFiJmU9YjhjMTM0OWNjYVwiLFwiaWRcIjpcIjQ1ZTY4ZmZmZTk3ZDQ1OTg4NWU3NGI0OTdjMmZmYmIzXCIsXCJ1cmxfaWRzXCI6W1wiZWRhNmZiZDdiNTVmZGZkMzE0ZWIxM2U1ZTRiM2JlMTYwNzZjMmUxOFwiXX0ifQ\" data-saferedirecturl=\"https:\/\/www.google.com\/url?q=https:\/\/mandrillapp.com\/track\/click\/30996062\/marketingcom.us9.list-manage.com?p%3DeyJzIjoiXzEyMVl2TjF1QW1jdmx1NF95LUVhQTRPOExvIiwidiI6MSwicCI6IntcInVcIjozMDk5NjA2MixcInZcIjoxLFwidXJsXCI6XCJodHRwczpcXFwvXFxcL21hcmtldGluZ2NvbS51czkubGlzdC1tYW5hZ2UuY29tXFxcL3RyYWNrXFxcL2NsaWNrP3U9OTVmMDY3NmE2NGFiMzFjYTAyMmZhNzdhNiZpZD1lMDg4ZjZhZGFiJmU9YjhjMTM0OWNjYVwiLFwiaWRcIjpcIjQ1ZTY4ZmZmZTk3ZDQ1OTg4NWU3NGI0OTdjMmZmYmIzXCIsXCJ1cmxfaWRzXCI6W1wiZWRhNmZiZDdiNTVmZGZkMzE0ZWIxM2U1ZTRiM2JlMTYwNzZjMmUxOFwiXX0ifQ&amp;source=gmail&amp;ust=1546509209563000&amp;usg=AFQjCNFnhW-jEa9hWPl-4t6nP9cHzOKlhg\">\u201cRiver Jazz Festival\u201d<\/a><\/strong>, il cui nome \u00e8 stato ispirato dalle location selezionate per gli eventi, tutte situate in prossimit\u00e0 del fiume Maelbeek:<strong> il teatro Marni, il centro culturale Senghor e la Jazz Station<\/strong>. Giunto alla sua quinta edizione, il \u201cRiver Jazz Festival\u201d offre una panoramica sulla scena internazionale del jazz contemporaneo, spaziando tra tutte le diverse correnti, con un occhio di riguardo agli artisti emergenti. L\u2019appuntamento clou \u00e8 quello della <strong>\u201cRiver Jazz Night\u201d<\/strong>, sabato 26 gennaio, che vedr\u00e0 come assoluto protagonista il saxofonista belga <strong>Nicolas Kummert.<\/strong> Il musicista porter\u00e0 sul palco della Jazz Station la sua musica, nata dalle sensazioni vissute nel corso dei numerosi viaggi in giro per il mondo, da Phnom Penh a Manchester, da Dakar a Reykjavik, e sar\u00e0 accompagnato sul palco da Benjamin Sauzereau alle chitarre e dal fisarmonicista Thibault Dille. https:\/\/visit.brussels\/it<\/p>\n<p><strong>DJANGOFOLLIES FESTIVAL 11\/30 GENNAIO<\/strong><\/p>\n<p>Infine, da non perdere anche<strong> \u201cDjangofolllies Festival\u201d<\/strong> che ogni anno dal 1994 celebra la leggenda del jazz <strong>Django Reinhardt<\/strong>: anche dopo la sua morte, gli appassionati hanno la possibilit\u00e0 di godersi la sua musica rivoluzionaria, che ha completamente stravolto il mondo del jazz, portando alla nascita del gypsy swing e dell\u2019hot club jazz. Alla manifestazione, che si svilupper\u00e0 in 27 diverse location, parteciperanno dodici band, per un totale di 33 concerti che andranno in scena dall\u201911 gennaio alla fine del mese. https:\/\/visit.brussels\/it<\/p>\n<p><strong>CONSIGLI PER ORGANIZZARE IL VIAGGIO<\/strong><\/p>\n<p>Tante le opportunit\u00e0 per gli amanti del jazz che desiderano visitare Bruxelles in occasione dei Festival di Jazzuary: <strong>Brussels Airlines<\/strong> vola tutti i giorni dai principali aeroporti italiani e offre comode opzioni di orario, oltre alla possibilit\u00e0 per tutti i passeggeri di imbarcare gratuitamente un bagaglio a mano e un accessorio personale. Tantissime le soluzioni alberghiere, con proposte per tutte le esigenze e le tasche. Il <strong>Martin\u2019s Brussels<\/strong>, 4 stelle, ad esempio, \u00e8 situato in posizione strategica tra il centro citt\u00e0 e il Parlamento, dispone di 100 camere recentemente rinnovate e propone interessanti agevolazioni per chi viaggia nel corso del weekend.<\/p>\n<p>Infine, si pu\u00f2 optare per i viaggi organizzati: <strong>King Holidays<\/strong> propone pacchetti a partire da 299 euro a persona con prenotazione in agenzia di viaggi, comprensivi di volo e 2 notti di soggiorno in hotel 3 stelle con prima colazione e polizza di assicurazione medico\/bagaglio.<\/p>\n","protected":false},"excerpt":{"rendered":"<p>Dal classico al gipsy, dall\u2019acid al be pop, passando per le sonorit\u00e0 di matrice africana e il ricordo delle leggende del passato: a Bruxelles il nuovo anno si apre all\u2019insegna del Jazz, genere musicale protagonista di 3 festival che si svolgeranno in contemporanea nel mese di gennaio, ribattezzato per l\u2019occasione Jazzuary, ovvero Jazz e January! [&hellip;]<\/p>\n","protected":false},"author":49,"featured_media":0,"comment_status":"open","ping_status":"open","sticky":false,"template":"","format":"standard","meta":{"footnotes":""},"categories":[17],"tags":[3834,22108,21398],"class_list":["post-37487","post","type-post","status-publish","format-standard","hentry","category-turismo","tag-bruxelles","tag-jazzuary","tag-visit-brussels"],"_links":{"self":[{"href":"https:\/\/www.area-press.eu\/comunicatistampa\/wp-json\/wp\/v2\/posts\/37487","targetHints":{"allow":["GET"]}}],"collection":[{"href":"https:\/\/www.area-press.eu\/comunicatistampa\/wp-json\/wp\/v2\/posts"}],"about":[{"href":"https:\/\/www.area-press.eu\/comunicatistampa\/wp-json\/wp\/v2\/types\/post"}],"author":[{"embeddable":true,"href":"https:\/\/www.area-press.eu\/comunicatistampa\/wp-json\/wp\/v2\/users\/49"}],"replies":[{"embeddable":true,"href":"https:\/\/www.area-press.eu\/comunicatistampa\/wp-json\/wp\/v2\/comments?post=37487"}],"version-history":[{"count":1,"href":"https:\/\/www.area-press.eu\/comunicatistampa\/wp-json\/wp\/v2\/posts\/37487\/revisions"}],"predecessor-version":[{"id":37488,"href":"https:\/\/www.area-press.eu\/comunicatistampa\/wp-json\/wp\/v2\/posts\/37487\/revisions\/37488"}],"wp:attachment":[{"href":"https:\/\/www.area-press.eu\/comunicatistampa\/wp-json\/wp\/v2\/media?parent=37487"}],"wp:term":[{"taxonomy":"category","embeddable":true,"href":"https:\/\/www.area-press.eu\/comunicatistampa\/wp-json\/wp\/v2\/categories?post=37487"},{"taxonomy":"post_tag","embeddable":true,"href":"https:\/\/www.area-press.eu\/comunicatistampa\/wp-json\/wp\/v2\/tags?post=37487"}],"curies":[{"name":"wp","href":"https:\/\/api.w.org\/{rel}","templated":true}]}}