{"id":37233,"date":"2018-12-19T13:43:12","date_gmt":"2018-12-19T12:43:12","guid":{"rendered":"http:\/\/www.area-press.eu\/comunicatistampa\/?p=37233"},"modified":"2018-12-19T13:43:12","modified_gmt":"2018-12-19T12:43:12","slug":"al-via-i-lavori-per-bie-biomass-innovation-expo-2020","status":"publish","type":"post","link":"https:\/\/www.area-press.eu\/comunicatistampa\/2018\/12\/19\/al-via-i-lavori-per-bie-biomass-innovation-expo-2020\/","title":{"rendered":"Al VIA I LAVORI PER BIE &#8211; BIOMASS INNOVATION EXPO 2020"},"content":{"rendered":"<p><em>Partiti con successo i preparativi della seconda edizione di BIE \u2013 BIOMASS INNOVATION EXPO 2020 la manifestazione riservata alle biomasse legnose che si svolger\u00e0 in concomitanza con la 41^ edizione di MCE \u2013 MOSTRA CONVEGNO EXPOCOMFORT dal 17 al 20 marzo 2020 in Fiera Milano.<\/em><\/p>\n<p>Milano, 17 dicembre 2018 \u2013 \u00c8 partita con successo l\u2019organizzazione per la seconda edizione di <strong>BIE \u2013 BIOMASS INNOVATION EXPO<\/strong>, la manifestazione organizzata da Reed Exhibitions Italia che si svolger\u00e0 in concomitanza con MCE \u2013 MOSTRA CONVEGNO EXPOCOMFORT, la fiera leader mondiale nell\u2019impiantistica civile e industriale, nella climatizzazione e nelle energie rinnovabili, dal 17 al 20 marzo 2018 in Fiera Milano.<\/p>\n<p>Due eventi che nell\u2019edizione 2018 hanno richiamato oltre 162.000 presenze da tutto il mondo di cui 120.814 dall\u2019Italia +4% e 41.351 gli operatori esteri pari a +5,6% rispetto alla scorsa edizione del 2016. Numeri importanti che testimoniano come ogni due anni MCE diventi il centro dell\u2019industria mondiale del HVAC, punto di riferimento per progettisti, installatori, buyer e distributori da tutto il mondo.<\/p>\n<p>La prima edizione di<strong> BIE \u2013 BIOMASS INNOVATION EXPO <\/strong>con oltre 70 aziende di cui il 28% dall\u2019estero in particolare da Grecia, Turchia, Polonia, e un calendario di ben 28 workshop ha contribuito ad arricchire l\u2019offerta espositiva e convegnistica di MCE, offrendo una vetrina specializzata su quanto di pi\u00f9 innovativo \u00e8 disponibile sul mercato in materia di stufe, caminetti, cucine e caldaie a legna e pellet, termocamini, termostufe, accessori, bruciatori, barbecue, canne fumarie, macchine e tecnologie per uso domestico ma anche industriale alimentati a biomasse legnose.<\/p>\n<p><strong>BIE- BIOMASS INNOVATION EXPO rappresenta<\/strong> un comparto industriale dinamico che, secondo i dati dell\u2019Energy&amp;Strategy Group del Politecnico di Milano, sar\u00e0 caratterizzato, nel nostro paese, da un aumento del volume di affari, specialmente nel settore residenziale privato, dettato dal rafforzamento della filiera biomasse legnose-energia, dalla sostituzione di impianti obsoleti (ad oggi il 40% delle installazioni ha pi\u00f9 di 17 anni, si prevede quindi la rottamazione di 4-5 milioni di generatori a legna e la sostituzione di caldaie a combustibili fossili) con altre a biomassa legnosa di nuova generazione e dalla diffusione delle certificazioni di qualit\u00e0 della materia prima. Innovazione, normativa, una progettazione integrata e una corretta manutenzione degli impianti sono il cuore dell\u2019evoluzione di questo settore fondamentale per promuovere l\u2019efficienza, la sostenibilit\u00e0 e il rispetto dell\u2019ambiente.<\/p>\n<p>\u201cL\u2019innovazione tecnologica sar\u00e0 al centro di <strong>BIE \u2013 BIOMASS INNOVATION EXPO 2020<\/strong>\u00a0 \u2013 annuncia Massimiliano Pierini, Managing Director di Reed Exhibitions Italia, che avr\u00e0 anche un nuovo layout in grado di soddisfare meglio le esigenze degli espositori e visitatori, grazie ad un taglio espositivo volto a favorire l\u2019integrazione fra gli operatori professionali delle due manifestazioni e ampliare cos\u00ec le opportunit\u00e0 di incontro e di business con la filiera di professionisti internazionali del settore HVAC che abitualmente vista MCE.\u201d MCE e BIE\u00a0 2020 saranno due identit\u00e0 distinte ma complementari e sinergiche.\u201d<\/p>\n<p>In pi\u00f9, la contestualit\u00e0 con MCE \u2013 MOSTRA CONVEGNO EXPOCOMFORT permetter\u00e0 a <strong>BIE \u2013 BIOMASS INNOVATION EXPO 2020<\/strong> di avvantaggiarsi di un\u2019attivit\u00e0 di comunicazione e promozione globale, con azioni mirate verso specifici\u00a0 target \u00a0di interesse, di avvalersi di BIE-CONNET il nuovo strumento di match-making che mette in contatto espositori e visitatori gi\u00e0 prima della manifestazione, volto a far incontrare tecnologie, soluzioni, competenze e alla fine persone ottimizzando il tempo e la qualit\u00e0 della partecipazione alla fiera.<\/p>\n<p><strong>BIE \u2013 BIOMASS INNOVATION EXPO 2020<\/strong> sar\u00e0 nuovamente un momento importante di confronto e di dibattito grazie ad un programma di workshop che spazier\u00e0 dalle tematiche normative a quelle pi\u00f9 tecniche, dai dati di mercato agli scenari di sviluppo, preparato con il supporto del Comitato Scientifico della manifestazione composto \u2013 ad oggi &#8211;\u00a0 da alcune delle maggiori associazioni di categoria: Amici della Terra, Assocosma, Enea, Federforeste, Laboratorio Biomasse \u2013 Universit\u00e0 Politecnica delle Marche, Unicalor.<\/p>\n<p><strong>\u00a0<\/strong>Naturalmente il cuore della manifestazione sar\u00e0 l\u2019area espositiva dove sar\u00e0 possibile vedere le novit\u00e0 e le tecnologie in funzione grazie ad uno specifico impianto di aspirazione fumi presente nei padiglioni di Fiera Milano.<\/p>\n<p>Tutti gli aggiornamenti sono disponibili su: <a href=\"https:\/\/www.bie-expo.it\/\">https:\/\/www.bie-expo.it\/<\/a><\/p>\n<p><strong>BIE &#8211; BIOMASS INNOVATION EXPO<\/strong> \u2013 \u00e8 una manifestazione fieristica di propriet\u00e0 di Reed Exhibitions, il leader mondiale nell&#8217;organizzazione di fiere e congressi che gestisce oltre 500 eventi in 30 Paesi che hanno registrato pi\u00f9 di 7 milioni di partecipanti nel 2017. Reed Exhibitions conta 38 sedi in tutto il mondo a disposizione di 43 settori industriali. Reed Exhibitions fa parte di RELX Group plc, leader mondiale nella fornitura di soluzioni e servizi per clienti professionali in numerosi comparti di business.<\/p>\n<p><strong>Ufficio Stampa: Flaminia Parrini, Reed Exhibitions Italia, tel.+39 02\/43517038, flaminia.parrini@reedexpo.it<\/strong><\/p>\n","protected":false},"excerpt":{"rendered":"<p>Partiti con successo i preparativi della seconda edizione di BIE \u2013 BIOMASS INNOVATION EXPO 2020 la manifestazione riservata alle biomasse legnose che si svolger\u00e0 in concomitanza con la 41^ edizione di MCE \u2013 MOSTRA CONVEGNO EXPOCOMFORT dal 17 al 20 marzo 2020 in Fiera Milano. Milano, 17 dicembre 2018 \u2013 \u00c8 partita con successo l\u2019organizzazione [&hellip;]<\/p>\n","protected":false},"author":89,"featured_media":0,"comment_status":"open","ping_status":"open","sticky":false,"template":"","format":"standard","meta":{"footnotes":""},"categories":[8],"tags":[],"class_list":["post-37233","post","type-post","status-publish","format-standard","hentry","category-eventi"],"_links":{"self":[{"href":"https:\/\/www.area-press.eu\/comunicatistampa\/wp-json\/wp\/v2\/posts\/37233","targetHints":{"allow":["GET"]}}],"collection":[{"href":"https:\/\/www.area-press.eu\/comunicatistampa\/wp-json\/wp\/v2\/posts"}],"about":[{"href":"https:\/\/www.area-press.eu\/comunicatistampa\/wp-json\/wp\/v2\/types\/post"}],"author":[{"embeddable":true,"href":"https:\/\/www.area-press.eu\/comunicatistampa\/wp-json\/wp\/v2\/users\/89"}],"replies":[{"embeddable":true,"href":"https:\/\/www.area-press.eu\/comunicatistampa\/wp-json\/wp\/v2\/comments?post=37233"}],"version-history":[{"count":2,"href":"https:\/\/www.area-press.eu\/comunicatistampa\/wp-json\/wp\/v2\/posts\/37233\/revisions"}],"predecessor-version":[{"id":37236,"href":"https:\/\/www.area-press.eu\/comunicatistampa\/wp-json\/wp\/v2\/posts\/37233\/revisions\/37236"}],"wp:attachment":[{"href":"https:\/\/www.area-press.eu\/comunicatistampa\/wp-json\/wp\/v2\/media?parent=37233"}],"wp:term":[{"taxonomy":"category","embeddable":true,"href":"https:\/\/www.area-press.eu\/comunicatistampa\/wp-json\/wp\/v2\/categories?post=37233"},{"taxonomy":"post_tag","embeddable":true,"href":"https:\/\/www.area-press.eu\/comunicatistampa\/wp-json\/wp\/v2\/tags?post=37233"}],"curies":[{"name":"wp","href":"https:\/\/api.w.org\/{rel}","templated":true}]}}