{"id":37204,"date":"2018-12-16T17:34:09","date_gmt":"2018-12-16T16:34:09","guid":{"rendered":"http:\/\/www.area-press.eu\/comunicatistampa\/?p=37204"},"modified":"2020-08-09T23:49:20","modified_gmt":"2020-08-09T21:49:20","slug":"radioattiva-resistencia-e-il-nuovo-brano-di-protesta-del-duo-rock-romano","status":"publish","type":"post","link":"https:\/\/www.area-press.eu\/comunicatistampa\/2018\/12\/16\/radioattiva-resistencia-e-il-nuovo-brano-di-protesta-del-duo-rock-romano\/","title":{"rendered":"RADIOATTIVA: \u201cRESIST\u00c8NCIA\u201d \u00e8 il nuovo brano di protesta del duo rock romano"},"content":{"rendered":"<p><img loading=\"lazy\" decoding=\"async\" class=\"aligncenter size-medium wp-image-288337\" src=\"https:\/\/www.joyfreepress.com\/wp-content\/uploads\/2018\/12\/radioattiva_resistncia.jpg___th_320_0-300x300.jpg\" alt=\"\" width=\"300\" height=\"300\" \/><\/p>\n<p><i><span style=\"font-weight: 400\">Dopo il successo dell\u2019ultimo progetto discografico \u201cMediterranea\u201d, arriva il singolo che interseca i delicati temi della guerra, dell\u2019isolamento sociale, della democrazia e della demagogia, proponendo in battuta finale un punto di vista pacifista. \u00a0<\/span><\/i><\/p>\n<p><span style=\"font-weight: 400\">\u201cResist\u00e8ncia\u201d descrive un mondo che sta bruciando attraverso le guerre civili e pone sotto i riflettori la nascita sempre pi\u00f9 frequente dei nazionalismi e delle macro-individualit\u00e0 che hanno in mano le chiavi del potere e del controllo. <\/span><b>\u201cResist\u00e8ncia\u201d \u00e8 un urlo verso chi v\u00ecola i diritti sociali e umani<\/b><span style=\"font-weight: 400\"> quanto quelli della terra, della sacralit\u00e0 e della natura. <\/span><b>Una protesta quindi contro ogni forma di abuso.<\/b><span style=\"font-weight: 400\"> Il brano parla non solo di guerre con le armi ma anche di guerre psicologiche, come l\u2019abbandono dell\u2019essere umano, l\u2019isolamento, i soprusi che subisce nel mondo del (non) lavoro.<\/span><\/p>\n<p><i><span style=\"font-weight: 400\">\u00abQuesto pezzo \u00e8 dedicato a coloro che si contrappongono al grande mostro che divora tutto: penso a Gino Strada, come ad Amnesty o anche a Greenpeace, o, ancora, a Daniele Lucano, sindaco di Riace. Ho citato, urlando, terre martoriate come la Siria, paesi dell\u2019Africa, la Thailandia, la Colombia, il Donbass, i meridioni di ogni continente, come il nostro meridione e zone come Librino che ho avuto occasione di visitare. \u00c8 un omaggio a tutta la gente del sud che resiste alla Mafia, oramai globalizzata in tutto il continente, e che in quelle terre come sappiamo, ha le sue radici. Per me loro sono i veri eroi. Chi non conosce l\u2019omert\u00e0 e non chiude le persiane \u00e8 un eroe. Insieme a tutti coloro che denunciano il malaffare: imprenditori, operai, studenti, donne! Il meridione ha molta ricchezza non solo nelle menti ma anche nella terra. Oggi viviamo una situazione che somiglia sempre pi\u00f9 ad un formicaio con uno tsunami in arrivo, dove le formiche ricche si scannano per una briciola pur facendosi travolgere\u00bb. <\/span><\/i><b>Alessandro Dionisi<\/b><\/p>\n<p><span style=\"font-weight: 400\">Musicalmente Resist\u00e8ncia \u00e8 <\/span><b>un pezzo nato<\/b><span style=\"font-weight: 400\">, come molti altri brani dei RadioAttiva, <\/span><b>da un riff di chitarra<\/b><span style=\"font-weight: 400\">. Quando ha preso forma, il chitarrista Claudio Scorcelletti stava vivendo un periodo molto energico ed \u00e8 per questo che il pezzo risulta potente. I suoni scelti sono molto incalzanti e si prestano bene a supportare il testo che lo \u00e8 altrettanto. Le influenze musicali di questo brano, specialmente per quanto riguarda la prima chitarra, si inspirano agli Offspring. Per la chitarra sovra incisa, invece, ha dato libero sfogo alla sua creativit\u00e0&#8217;. \u201cResist\u00e8ncia\u201d \u00e8 per questo, un sfogo di energia pura.<\/span><\/p>\n<p><span style=\"font-weight: 400\">Inoltre questo pezzo ha visto <\/span><b>la produzione<\/b> <b>artistica<\/b> <b>di Manuele D\u2019Andrea,<\/b><span style=\"font-weight: 400\"> compositore-producer-mix and mastering engineer- sound designer.<\/span><\/p>\n<p><i><span style=\"font-weight: 400\">\u201cLa copertina di \u201cResist\u00e8ncia\u201d nasce dal pi\u00f9 grande addestramento militare degli ultimi quarant&#8217;anni ad opera di Cina e Mongolia\u201d. <\/span><\/i><\/p>\n<p><span style=\"font-weight: 400\">Il progetto<\/span><b> RadioAttiva<\/b><span style=\"font-weight: 400\"> nasce il 12 settembre 2016, quando <\/span><b>Alessandro Dionisi<\/b><span style=\"font-weight: 400\"> (voce) e<\/span><b> Claudio Scorcelletti<\/b><span style=\"font-weight: 400\"> (chitarre), dopo aver suonato per due anni insieme in un\u2019altra band (Casa di Cura 13), decidono di metterci nuovamente la faccia, cominciando un percorso musicale nuovo, senza reprimere idee e passione.<\/span><\/p>\n<p><i><span style=\"font-weight: 400\">\u00abIl mercato tende sempre di pi\u00f9 a privatizzare, cannibalizzare, rendere merce di consumo la musica, e le arti in generale, a scapito dell\u2019individuo, della sua singolarit\u00e0 e della sua unicit\u00e0 che, all&#8217;interno della collettivit\u00e0, soffoca anzich\u00e9 distinguersi. La mercificazione in danno della sterilizzazione dell\u2019arte. Noi, col nostro progetto, vogliamo uscire da questo sistema!\u00bb. <\/span><\/i><b>Radioattiva<\/b><\/p>\n<p>&nbsp;<\/p>\n<p><b>Radiodate: 23 ottobre 2018<\/b><\/p>\n<p><b>Autori: Alessandro Dionisi, Claudio Scorcelletti, Manuele D\u2019Andrea<\/b><\/p>\n<p><b>Autoproduzione<\/b><\/p>\n<p>&nbsp;<\/p>\n<p><b>BIO<\/b><\/p>\n<p><b>Alessandro Dionisi<\/b><span style=\"font-weight: 400\">, chiamato anche \u201cNuvola Rossa\u201d, \u00e8 nato a Roma il 6 marzo 1977 ed \u00e8 <\/span><b>la voce dei RadioAttiva.<\/b><\/p>\n<p><span style=\"font-weight: 400\">Oltre ai RadioAttiva, ha suonato con altre band, muovendosi sempre sul genere rock contaminato ora dal Post Punk, ora dal Rock-Alternative. Partecipa al primo disco solista di Silvio Cancrini in 4 brani come chitarrista ritmico. Per un periodo si allontana dalla musica seguendo una passione che lo coinvolge tuttora: il mondo documentaristico. Quindi, telecamera alla mano, comincia a fare riprese. Insieme ad altri colleghi, oggi pu\u00f2 definirsi tra gli antesignani delle Web TV, dove ha lavorato per diversi anni. Ma non abbandona mai il mondo musicale. Oltre a dedicarsi all&#8217;attivit\u00e0 di videomaker, studia canto presso la SCUOLA POPOLARE DI MUSICA DI TESTACCIO di Roma con l&#8217;insegnante MARTA NERI.<\/span><\/p>\n<p><span style=\"font-weight: 400\">Riprende l&#8217;attivit\u00e0 operativa e, prima con CASA DI CURA 13, poi con RadioAttiva, partecipa a diversi Contest dove si fa notare come cantante rock. Con Claudio Scorcelletti, chitarrista del gruppo, lavora al \u201cProgetto RadioAttiva\u201d e alla stesura dei brani per un album. Il 30 gennaio 2018, con i RadioAttiva, partecipa al Contest \u201cAnime di carta\u201d, presso la LOCANDA BLUES (Roma), dove esegue, alcuni brani inediti del disco in preparazione.<\/span><\/p>\n<p><span style=\"font-weight: 400\">Il 30 marzo 2018, al B \u2013 FOLK di Roma, i RadioAttiva presentano dal vivo, in anteprima, il loro primo disco. Il 4 maggio 2018 esce sugli store digitali la loro opera prima: \u201cMEDITERRANEA\u201d.<\/span><\/p>\n<p><span style=\"font-weight: 400\">Collabora nella redazione di \u201cMusa Distorta\u201d, una piattaforma artistica che sposa appieno il suo credo artistico, ed \u00e8 tra i promotori di \u201cCronache Rock\u201d, un evento itinerante, al quale partecipano band emergenti ad artisti che operano anche in altri campi. Successivamente studia canto con Gianluca Sbarbati. La sua coach vocale attuale \u00e8 Lucya Allocca (musicista \u2013 insegnante di canto).\u00a0 \u00a0 \u00a0 \u00a0 \u00a0 \u00a0 \u00a0 \u00a0 \u00a0 \u00a0 \u00a0 \u00a0 \u00a0 \u00a0 \u00a0 \u00a0 \u00a0 \u00a0 \u00a0 \u00a0 \u00a0 \u00a0 \u00a0 \u00a0 \u00a0 \u00a0 \u00a0 \u00a0 \u00a0 \u00a0 \u00a0 \u00a0 \u00a0 \u00a0 \u00a0 \u00a0 \u00a0 \u00a0 \u00a0 \u00a0 \u00a0 \u00a0 \u00a0 \u00a0 \u00a0 \u00a0 \u00a0 \u00a0 \u00a0 \u00a0<\/span><\/p>\n<p><span style=\"font-weight: 400\">In passato \u00e8 stato speaker di \u201cLitfiba Channel\u201d per un programma: \u201cSotto il Vulcano\u201d.<\/span><\/p>\n<p><b>Claudio Scorcelletti<\/b><span style=\"font-weight: 400\"> \u00e8 nato a Roma il 14 settembre 1985 ed \u00e8 <\/span><b>il chitarrista dei RadioAttiva<\/b><span style=\"font-weight: 400\">. \u201cL&#8217;uomo di Kiew\u201d, \u00e8 un vero e proprio artigiano della musica e si forma come chitarrista con il rock blues. \u00c8 un attento quanto scrupoloso perfezionista, quindi ha con s\u00e9 l\u2019animo che contraddistingue la formazione di un musicista rock. Questa caratteristica, nel tempo, lo ha portato a ricercare un suono pi\u00f9 graffiato, sporco, simile all&#8217;esperienza dei gruppi rock anni \u201990. Nella composizione \u00e8 passato da un rock blues, a sonorit\u00e0 grunge aggiungendo modernit\u00e0 al suo stile. Ha sperimentato, negli ultimi periodi, anche il blues psichedelico.<\/span><\/p>\n<p>&nbsp;<\/p>\n<p><b>Contatti e social<\/b><\/p>\n<p>&nbsp;<\/p>\n<p><b>Fb <\/b><a href=\"http:\/\/www.facebook.com\/RadioAttiva-454872611328156\/\"><b>http:\/\/www.facebook.com\/RadioAttiva-454872611328156\/<\/b><\/a><\/p>\n<p><b>Ig <\/b><a href=\"http:\/\/www.instagram.com\/radioattiva_rockitaliano\/\"><b>http:\/\/www.instagram.com\/radioattiva_rockitaliano\/<\/b><\/a><\/p>\n<p><b>Canale Yt <\/b><a href=\"http:\/\/www.youtube.com\/channel\/UCUuoLGV1CaUp8rHusODwZCg\"><b>http:\/\/www.youtube.com\/channel\/UCUuoLGV1CaUp8rHusODwZCg<\/b><\/a><\/p>\n","protected":false},"excerpt":{"rendered":"<p>Dopo il successo dell\u2019ultimo progetto discografico \u201cMediterranea\u201d, arriva il singolo che interseca i delicati temi della guerra, dell\u2019isolamento sociale, della democrazia e della demagogia, proponendo in battuta finale un punto di vista pacifista. \u00a0 \u201cResist\u00e8ncia\u201d descrive un mondo che sta bruciando attraverso le guerre civili e pone sotto i riflettori la nascita sempre pi\u00f9 frequente [&hellip;]<\/p>\n","protected":false},"author":4383,"featured_media":0,"comment_status":"open","ping_status":"open","sticky":false,"template":"","format":"standard","meta":{"footnotes":""},"categories":[12],"tags":[],"class_list":["post-37204","post","type-post","status-publish","format-standard","hentry","category-musica"],"_links":{"self":[{"href":"https:\/\/www.area-press.eu\/comunicatistampa\/wp-json\/wp\/v2\/posts\/37204","targetHints":{"allow":["GET"]}}],"collection":[{"href":"https:\/\/www.area-press.eu\/comunicatistampa\/wp-json\/wp\/v2\/posts"}],"about":[{"href":"https:\/\/www.area-press.eu\/comunicatistampa\/wp-json\/wp\/v2\/types\/post"}],"author":[{"embeddable":true,"href":"https:\/\/www.area-press.eu\/comunicatistampa\/wp-json\/wp\/v2\/users\/4383"}],"replies":[{"embeddable":true,"href":"https:\/\/www.area-press.eu\/comunicatistampa\/wp-json\/wp\/v2\/comments?post=37204"}],"version-history":[{"count":1,"href":"https:\/\/www.area-press.eu\/comunicatistampa\/wp-json\/wp\/v2\/posts\/37204\/revisions"}],"predecessor-version":[{"id":37218,"href":"https:\/\/www.area-press.eu\/comunicatistampa\/wp-json\/wp\/v2\/posts\/37204\/revisions\/37218"}],"wp:attachment":[{"href":"https:\/\/www.area-press.eu\/comunicatistampa\/wp-json\/wp\/v2\/media?parent=37204"}],"wp:term":[{"taxonomy":"category","embeddable":true,"href":"https:\/\/www.area-press.eu\/comunicatistampa\/wp-json\/wp\/v2\/categories?post=37204"},{"taxonomy":"post_tag","embeddable":true,"href":"https:\/\/www.area-press.eu\/comunicatistampa\/wp-json\/wp\/v2\/tags?post=37204"}],"curies":[{"name":"wp","href":"https:\/\/api.w.org\/{rel}","templated":true}]}}