{"id":37118,"date":"2018-12-13T15:44:23","date_gmt":"2018-12-13T14:44:23","guid":{"rendered":"http:\/\/www.area-press.eu\/comunicatistampa\/?p=37118"},"modified":"2018-12-13T15:44:23","modified_gmt":"2018-12-13T14:44:23","slug":"agricoltura-e-giovani-in-italia-un-connubio-vincente","status":"publish","type":"post","link":"https:\/\/www.area-press.eu\/comunicatistampa\/2018\/12\/13\/agricoltura-e-giovani-in-italia-un-connubio-vincente\/","title":{"rendered":"Agricoltura e giovani, in Italia un connubio vincente"},"content":{"rendered":"<p>Il futuro dell\u2019agricoltura italiana \u00e8 in buone mani se affidata ai giovani. Lo dicono i numeri forniti dall\u2019Osservatorio sui giovani agricoltori NOMISMA-EDAGRICOLE in occasione di Eima 2018 \u2013 l\u2019esposizione internazionale delle <a href=\"http:\/\/www.cordinisrl.com\"><strong><u>macchine agricole<\/u><\/strong><\/a> \u2013 tenutasi lo scorso mese a Bologna.<\/p>\n<p>Nonostante rappresentino meno del 10% delle imprese appartenenti al comparto primario, quelle gestite dai giovani under 35 sono in grado di garantire performance economiche doppie rispetto alla media, con valori di produzione vicini a 100 mila euro per azienda contro i 45 mila della media del settore. Giovani che mostrano di saper gestire anche imprese pi\u00f9 strutturate (20 ettari contro gli 11 della media nazionale) e pi\u00f9 diversificate, in virt\u00f9 di una maggiore apertura ad innovazione e tecnologia.<\/p>\n<p>Sar\u00e0 per la difficolt\u00e0 a trovare sbocchi professionali o per la consolidata esperienza unita alla competenza in questo settore, ma l\u2019imprenditoria giovanile italiana cresce in misura esponenziale: nel giugno 2018 sono 55 mila le imprese condotte dagli under 35 (+14% rispetto a tre anni fa). Numeri importanti che diventano ancor pi\u00f9 incoraggianti se comparati con quelli di altri grandi Paesi europei in termini di unit\u00e0: le imprese agricole dei giovani in Italia sono infatti pi\u00f9 numerose rispetto ai francesi (38 mila), spagnole (34 mila) e tedesche (20,5 mila); elevato \u00e8 anche il valore medio della produzione nel nostro Paese, che \u00e8 di 98,7 mila euro contro i 65 mila in Spagna e i 55,6 mila della media Ue, anche se appaiono al momento irraggiungibili i livelli di Francia (169,7 mila euro) e Germania (198 mila euro).<\/p>\n<p>E se in Italia i livelli di occupazione femminile si mantengono ancora piuttosto bassi, lo stesso non si pu\u00f2 dire per l\u2019imprenditoria giovanile in agricoltura, dove 3 aziende su 10 sono guidate da donne contro il 15% di Francia e il 19% della Spagna. Se a mancare molto spesso sono purtroppo gli investimenti, quello che non manca di certo ai giovani agricoltori italiani sono inventiva e un\u2019elevata propensione all\u2019innovazione, oltre alle capacit\u00e0 di adattarsi ai cambiamenti del mercato agricolo globale: in sostanza, tutto ci\u00f2 che serve per essere competitivi.<\/p>\n<p>Cordini Srl, impegnata da anni nella vendita e nel <a href=\"http:\/\/www.cordinisrl.com\/noleggio\"><strong><u>noleggio macchine agricole<\/u><\/strong><\/a>, conosce perfettamente le esigenze e le ambizioni dei giovani che si affacciano al mondo dell\u2019agricoltura, data la sua provenienza da una regione, la Puglia, seconda in Italia dopo la Sicilia per la presenza del maggior numero di aziende agricole giovanili.<\/p>\n","protected":false},"excerpt":{"rendered":"<p>Il futuro dell\u2019agricoltura italiana \u00e8 in buone mani se affidata ai giovani. Lo dicono i numeri forniti dall\u2019Osservatorio sui giovani agricoltori NOMISMA-EDAGRICOLE in occasione di Eima 2018 \u2013 l\u2019esposizione internazionale delle macchine agricole \u2013 tenutasi lo scorso mese a Bologna. Nonostante rappresentino meno del 10% delle imprese appartenenti al comparto primario, quelle gestite dai giovani [&hellip;]<\/p>\n","protected":false},"author":5108,"featured_media":0,"comment_status":"open","ping_status":"open","sticky":false,"template":"","format":"standard","meta":{"footnotes":""},"categories":[],"tags":[],"class_list":["post-37118","post","type-post","status-publish","format-standard","hentry"],"_links":{"self":[{"href":"https:\/\/www.area-press.eu\/comunicatistampa\/wp-json\/wp\/v2\/posts\/37118","targetHints":{"allow":["GET"]}}],"collection":[{"href":"https:\/\/www.area-press.eu\/comunicatistampa\/wp-json\/wp\/v2\/posts"}],"about":[{"href":"https:\/\/www.area-press.eu\/comunicatistampa\/wp-json\/wp\/v2\/types\/post"}],"author":[{"embeddable":true,"href":"https:\/\/www.area-press.eu\/comunicatistampa\/wp-json\/wp\/v2\/users\/5108"}],"replies":[{"embeddable":true,"href":"https:\/\/www.area-press.eu\/comunicatistampa\/wp-json\/wp\/v2\/comments?post=37118"}],"version-history":[{"count":1,"href":"https:\/\/www.area-press.eu\/comunicatistampa\/wp-json\/wp\/v2\/posts\/37118\/revisions"}],"predecessor-version":[{"id":37119,"href":"https:\/\/www.area-press.eu\/comunicatistampa\/wp-json\/wp\/v2\/posts\/37118\/revisions\/37119"}],"wp:attachment":[{"href":"https:\/\/www.area-press.eu\/comunicatistampa\/wp-json\/wp\/v2\/media?parent=37118"}],"wp:term":[{"taxonomy":"category","embeddable":true,"href":"https:\/\/www.area-press.eu\/comunicatistampa\/wp-json\/wp\/v2\/categories?post=37118"},{"taxonomy":"post_tag","embeddable":true,"href":"https:\/\/www.area-press.eu\/comunicatistampa\/wp-json\/wp\/v2\/tags?post=37118"}],"curies":[{"name":"wp","href":"https:\/\/api.w.org\/{rel}","templated":true}]}}